{"id":6601,"date":"2024-12-16T02:36:09","date_gmt":"2024-12-16T06:36:09","guid":{"rendered":"https:\/\/noticiasveraces.com\/?p=6601"},"modified":"2024-12-16T02:36:09","modified_gmt":"2024-12-16T06:36:09","slug":"deja-el-futbol-con-26-anos-por-un-tumor-cerebral","status":"publish","type":"post","link":"https:\/\/noticiasveraces.com\/?p=6601","title":{"rendered":"deja el f\u00fatbol con 26 a\u00f1os por un tumor cerebral"},"content":{"rendered":"<p> \n<\/p>\n<div id=\"intext\">\n<p>El italiano Simone Muratore, exjugador de la Juventus de Tur\u00edn y de la Atalanta, ha anunciado su retirada del f\u00fatbol profesional a los 26 a\u00f1os debido a un tumor cerebral que le fue diagnosticado hace tres a\u00f1os y que le ha impedido regresar a los terrenos de juego.<\/p>\n<p>La vida de Muratore, canterano de la Juve que lleg\u00f3 a debutar en la Champions League y la Serie A con Maurizio Sarri, campe\u00f3n incluso del &#8216;Scudetto&#8217; en 2020, cambi\u00f3 radicalmente un 11 de diciembre de hace tres a\u00f1os, cuando le fue diagnosticado un neurocitama en el ventr\u00edculo izquierdo, un tumor agresivo muy poco com\u00fan en adultos que le oblig\u00f3 a empezar de cero.<\/p>\n<h2 class=\"title-h2\">Su carrera acab\u00f3 con 23 a\u00f1os.<\/h2>\n<p>Desde ese momento, la carrera futbol\u00edstica del joven de 23 a\u00f1os acab\u00f3. Su \u00faltimo partido fue el 10 de octubre de 2021 con el Tondela portugu\u00e9s, en el que estaba cedido desde la Atalanta.<\/p>\n<p>En un extenso comunicado, el ya exfutbolista repas\u00f3 su dif\u00edcil situaci\u00f3n y c\u00f3mo, pese a haberlo intentado, no logr\u00f3 volver a los terrenos de juego. Tuvo que volver a aprender a hablar, a escribir ya correr.<\/p>\n<h2 class=\"title-h2\">Comunicado de Simone Muratore<\/h2>\n<p>\u00abHan pasado tres a\u00f1os desde aquel d\u00eda, una noticia que surgi\u00f3 de la nada y cambi\u00f3 mi vida. Neurocitoma en el ventr\u00edculo izquierdo. Nunca he derramado una l\u00e1grima desde el d\u00eda de la noticia hasta la noche antes de la operaci\u00f3n, en la habitaci\u00f3n con mi madre, cuando romp\u00ed a llorar como un ni\u00f1o, con el miedo de no volver a despertar, o al menos de despertar y no ser el mismo de antes\u00bb, comenz\u00f3 en su Instagram.<\/p>\n<blockquote class=\"blockquote \">\n<p class=\"blockquote__quote\">\u00abTuve que volver a aprender a hablar correctamente, a andar, a correr, a escribir, a leer, a contar, fue como si volviera a ser un ni\u00f1o\u00bb<\/p>\n<\/blockquote>\n<p>\u00abFueron d\u00edas, semanas, meses, a\u00f1os de sufrimiento. Tuve que volver a aprender a hablar correctamente, a andar, a correr, a escribir, a leer, a contar, fue como si volviera a ser un ni\u00f1o y tuviera que empezar de nuevo. , desde el d\u00eda cero\u00bb, abund\u00f3.<\/p>\n<p>\u00abHoy he puesto punto y final a mi carrera como jugador, intent\u00e9 hasta el final volver, puse l\u00e1grimas y sudor en ello, pero ya no era el mismo de antes, me di cuenta de que de todas formas ten\u00eda la suerte de estar curado y de estar bien Tuve la suerte de jugar con jugadores extraordinarios, sobresalientes, en el campo pero sobre todo fuera de \u00e9l, y eso nadie me lo va a quitar nunca\u00bb, se\u00f1al\u00f3.<\/p>\n<p>Ya superada la enfermedad, agradeci\u00f3 por lo vivido: \u00abEstoy agradecido por todo lo que hice y consegu\u00ed dentro de ese rect\u00e1ngulo verde, junto a mis compa\u00f1eros de equipo, que m\u00e1s tarde se convirti\u00f3 en mis amigos. Fueron a\u00f1os magn\u00edficos, el campo, el vestuario, la pasi\u00f3n&#8230; son cosas dif\u00edciles de explicar si no las vives en primera persona\u00bb.<\/p>\n<p>\u00abAnte todo, doy las gracias a mi familia por haber estado siempre a mi lado. A Tommaso, mi peque\u00f1o, \u00fanico y especial, que me ha dado fuerzas para seguir adelante, y por \u00faltimo a mis amigos. Doy las gracias a la Juventus. , a la Atalanta y al Tondela por estar a mi lado. Aprendes a dar importancia a las cosas cuando a un paso de perderlas La vida es un regalo maravilloso\u00bb, apostill\u00f3.<\/p>\n<p><i>S\u00edguenos en nuestro canal de WhatsApp y no te pierdas la \u00faltima hora y toda la actualidad de antena3noticias.com<\/i><\/p>\n<div class=\"recirculation-video\" data-mod=\"a3mod_recirculation_video\">\n<div class=\"recirculation-video-wrapper\">\n<div>\n<div class=\"video-wrapper\">\n  <picture class=\"video-main-picture\"><source media=\"(min-width: 481px)\" srcset=\"https:\/\/fotografias.antena3.com\/clipping\/cmsimages01\/2024\/12\/15\/A6AC017C-EF83-4AC8-A8F3-205BE64AA725\/jesus-navas-lagrimas-pizjuan_94.jpg?crop=1920,1080,x0,y0&amp;width=800&amp;height=450&amp;optimize=medium&amp;format=webply\" width=\"800\" height=\"450\"><source media=\"(min-width: 391px) and (max-width: 480px)\" srcset=\"https:\/\/fotografias.antena3.com\/clipping\/cmsimages01\/2024\/12\/15\/A6AC017C-EF83-4AC8-A8F3-205BE64AA725\/jesus-navas-lagrimas-pizjuan_70.jpg?crop=1920,1080,x0,y0&amp;width=480&amp;height=270&amp;optimize=high&amp;format=webply\" width=\"480\" height=\"270\"><source media=\"(min-width: 321px) and (max-width: 390px)\" srcset=\"https:\/\/fotografias.antena3.com\/clipping\/cmsimages01\/2024\/12\/15\/A6AC017C-EF83-4AC8-A8F3-205BE64AA725\/jesus-navas-lagrimas-pizjuan_92.jpg?crop=1920,1078,x0,y0&amp;width=390&amp;height=219&amp;optimize=high&amp;format=webply\" width=\"390\" height=\"219\"><source media=\"(max-width: 320px)\" srcset=\"https:\/\/fotografias.antena3.com\/clipping\/cmsimages01\/2024\/12\/15\/A6AC017C-EF83-4AC8-A8F3-205BE64AA725\/jesus-navas-lagrimas-pizjuan_52.jpg?crop=1920,1080,x0,y0&amp;width=320&amp;height=180&amp;optimize=high&amp;format=webply\" width=\"320\" height=\"180\"><img decoding=\"async\" title=\"Jes\u00fas Navas, entre l\u00e1grimas en el Pizju\u00e1n\" alt=\"Jes\u00fas Navas, entre l\u00e1grimas en el Pizju\u00e1n\" width=\"480\" height=\"270\" src=\"https:\/\/fotografias.antena3.com\/clipping\/cmsimages01\/2024\/12\/15\/A6AC017C-EF83-4AC8-A8F3-205BE64AA725\/jesus-navas-lagrimas-pizjuan_70.jpg?crop=1920,1080,x0,y0&amp;width=480&amp;height=270&amp;optimize=high&amp;format=webply\" loading=\"lazy\" class=\"lazy\"\/><br \/>\n  <\/source><\/source><\/source><\/source><\/picture>\n <\/div>\n<\/div><\/div>\n<\/p><\/div>\n<\/div>\n\n","protected":false},"excerpt":{"rendered":"<p>El italiano Simone Muratore, exjugador de la Juventus de Tur\u00edn y de la Atalanta, ha anunciado su retirada del f\u00fatbol profesional a los 26 a\u00f1os debido a un tumor cerebral que le fue diagnosticado hace tres a\u00f1os y que le ha impedido regresar a los terrenos de juego. La vida de Muratore, canterano de la &hellip;<\/p>\n","protected":false},"author":1,"featured_media":6603,"comment_status":"open","ping_status":"open","sticky":false,"template":"","format":"standard","meta":{"fifu_image_url":"https:\/\/fotografias.antena3.com\/clipping\/cmsimages01\/2024\/12\/15\/4C170AA6-C29C-460E-99DF-E5DF960C9E67\/simone-muratore-juventus-2020_69.jpg?crop=2000,1125,x0,y52&width=1280&height=720&optimize=low&format=jpg","fifu_image_alt":"","footnotes":""},"categories":[6],"tags":[],"class_list":["post-6601","post","type-post","status-publish","format-standard","has-post-thumbnail","","category-deportes"],"_links":{"self":[{"href":"https:\/\/noticiasveraces.com\/index.php?rest_route=\/wp\/v2\/posts\/6601","targetHints":{"allow":["GET"]}}],"collection":[{"href":"https:\/\/noticiasveraces.com\/index.php?rest_route=\/wp\/v2\/posts"}],"about":[{"href":"https:\/\/noticiasveraces.com\/index.php?rest_route=\/wp\/v2\/types\/post"}],"author":[{"embeddable":true,"href":"https:\/\/noticiasveraces.com\/index.php?rest_route=\/wp\/v2\/users\/1"}],"replies":[{"embeddable":true,"href":"https:\/\/noticiasveraces.com\/index.php?rest_route=%2Fwp%2Fv2%2Fcomments&post=6601"}],"version-history":[{"count":0,"href":"https:\/\/noticiasveraces.com\/index.php?rest_route=\/wp\/v2\/posts\/6601\/revisions"}],"wp:featuredmedia":[{"embeddable":true,"href":"https:\/\/noticiasveraces.com\/index.php?rest_route=\/wp\/v2\/media\/6603"}],"wp:attachment":[{"href":"https:\/\/noticiasveraces.com\/index.php?rest_route=%2Fwp%2Fv2%2Fmedia&parent=6601"}],"wp:term":[{"taxonomy":"category","embeddable":true,"href":"https:\/\/noticiasveraces.com\/index.php?rest_route=%2Fwp%2Fv2%2Fcategories&post=6601"},{"taxonomy":"post_tag","embeddable":true,"href":"https:\/\/noticiasveraces.com\/index.php?rest_route=%2Fwp%2Fv2%2Ftags&post=6601"}],"curies":[{"name":"wp","href":"https:\/\/api.w.org\/{rel}","templated":true}]}}