{"id":6595,"date":"2024-12-16T01:01:27","date_gmt":"2024-12-16T05:01:27","guid":{"rendered":"https:\/\/noticiasveraces.com\/?p=6595"},"modified":"2024-12-16T01:01:27","modified_gmt":"2024-12-16T05:01:27","slug":"cuaderno-de-reportero-cronica-del-regimen-de-assad-desde-la-muerte-del-padre-hasta-la-derrota-del-hijo","status":"publish","type":"post","link":"https:\/\/noticiasveraces.com\/?p=6595","title":{"rendered":"Cuaderno de reportero: Cr\u00f3nica del r\u00e9gimen de Assad desde la muerte del padre hasta la derrota del hijo"},"content":{"rendered":"<p> \n<\/p>\n<div>\n<div class=\"article-gating gated-overlay\">\n<div class=\"article-gating-wrapper\">\n<p>\u00danase a Fox News para acceder a este contenido<\/p>\n<p>Adem\u00e1s, acceso especial a art\u00edculos seleccionados y otro contenido premium con su cuenta, sin cargo.<\/p>\n<div class=\"article-gating-legal tablet-desktop\">Al ingresar su correo electr\u00f3nico y presionar Continuar, acepta los T\u00e9rminos de uso y la Pol\u00edtica de privacidad de Fox News, que incluye nuestro Aviso de incentivo financiero.\n    <\/div>\n<p><span>Por favor, introduce una direcci\u00f3n de correo electr\u00f3nico v\u00e1lida.<\/span><\/p>\n<footer class=\"article-gating-footer\">\u00bfTienes problemas? Haga clic aqu\u00ed.<\/footer>\n<\/div>\n<\/div>\n<p class=\"speakable\">Las escenas dram\u00e1ticas e hist\u00f3ricas que se produjeron en Siria esta semana son un recordatorio de los horrores por los que ha pasado ese pa\u00eds en las \u00faltimas d\u00e9cadas. Estuvimos all\u00ed en algunos momentos clave de la historia reciente:<\/p>\n<h3><strong>junio de 2000<\/strong><\/h3>\n<p class=\"speakable\">El funeral del padre de Bashar al-Assad, Hafez al-Assad. Su \u00abpartida\u00bb fue mucho m\u00e1s majestuosa y tranquila que el retiro de su hijo la semana pasada. Durante unos 30 a\u00f1os, hab\u00eda gobernado Siria con mano de hierro. Estabilizar un pa\u00eds pol\u00edticamente estridente pero de forma brutal. Aniquilar a los rebeldes islamistas y a aquellos atrapados en el fuego cruzado en la ciudad de Hama (que los rebeldes de hoy atravesaron r\u00e1pidamente en su camino liberador), matando all\u00ed a unas 40.000 personas.   <\/p>\n<div class=\"image-ct inline\">\n<div class=\"m\"><picture><source media=\"(max-width: 767px)\" srcset=\"https:\/\/a57.foxnews.com\/static.foxnews.com\/foxnews.com\/content\/uploads\/2024\/12\/343\/192\/greg-palkot-1.jpg?ve=1&amp;tl=1, https:\/\/a57.foxnews.com\/static.foxnews.com\/foxnews.com\/content\/uploads\/2024\/12\/686\/384\/greg-palkot-1.jpg?ve=1&amp;tl=1 2x\" height=\"192\" width=\"343\"><source media=\"(min-width: 768px) and (max-width: 1023px)\" srcset=\"https:\/\/a57.foxnews.com\/static.foxnews.com\/foxnews.com\/content\/uploads\/2024\/12\/672\/378\/greg-palkot-1.jpg?ve=1&amp;tl=1, https:\/\/a57.foxnews.com\/static.foxnews.com\/foxnews.com\/content\/uploads\/2024\/12\/1344\/756\/greg-palkot-1.jpg?ve=1&amp;tl=1 2x\" height=\"378\" width=\"672\"><source media=\"(min-width: 1024px) and (max-width: 1279px)\" srcset=\"https:\/\/a57.foxnews.com\/static.foxnews.com\/foxnews.com\/content\/uploads\/2024\/12\/931\/523\/greg-palkot-1.jpg?ve=1&amp;tl=1, https:\/\/a57.foxnews.com\/static.foxnews.com\/foxnews.com\/content\/uploads\/2024\/12\/1862\/1046\/greg-palkot-1.jpg?ve=1&amp;tl=1 2x\" height=\"523\" width=\"931\"><source media=\"(min-width: 1280px)\" srcset=\"https:\/\/a57.foxnews.com\/static.foxnews.com\/foxnews.com\/content\/uploads\/2024\/12\/720\/405\/greg-palkot-1.jpg?ve=1&amp;tl=1, https:\/\/a57.foxnews.com\/static.foxnews.com\/foxnews.com\/content\/uploads\/2024\/12\/1440\/810\/greg-palkot-1.jpg?ve=1&amp;tl=1 2x\" height=\"405\" width=\"720\"><img loading=\"lazy\" decoding=\"async\" src=\"https:\/\/a57.foxnews.com\/static.foxnews.com\/foxnews.com\/content\/uploads\/2024\/12\/1200\/675\/greg-palkot-1.jpg?ve=1&amp;tl=1\" alt=\"Greg Palkot informa sobre el funeral de Hafez al-Assad.\" width=\"1200\" height=\"675\"\/><\/source><\/source><\/source><\/source><\/picture><\/div>\n<div class=\"info\">\n<div class=\"caption\">\n<p><span>Greg Palkot informa sobre el funeral de Hafez al-Assad.<\/span> <span>(Noticias Fox)<\/span><\/p>\n<\/div>\n<\/div>\n<\/div>\n<p><strong><u>El dictador sirio Bashar Assad huye al exilio mientras los rebeldes islamistas conquistan <\/u><\/strong><strong><u>PA\u00cdS <\/u><\/strong><\/p>\n<p>El funeral de estado (que inclu\u00eda a la entonces Secretaria de Estado Madeline Albright) que vimos estuvo bien organizado hasta el punto de que un doliente nos dijo, en el momento justo, \u00abToda la gente lo amaba\u00bb. Observ\u00e9 en la c\u00e1mara cerca de mi historia: \u00abSu legado seguir\u00e1 vivo&#8230; para bien o para mal\u00bb. Esta semana fue para peor. Su mausoleo y tumba fueron destruidos e incendiados por rebeldes en su ciudad natal.<\/p>\n<h3><strong>junio 2012<\/strong><\/h3>\n<p>S\u00f3lo once a\u00f1os despu\u00e9s se produjo el levantamiento. Una ramificaci\u00f3n m\u00e1s de las revueltas de la Primavera \u00c1rabe de 2011 que hab\u00edan surgido en todo Oriente Medio. Bashar Al-Assad en la mira. Su r\u00e9gimen hab\u00eda pasado de utilizar la polic\u00eda para reprimir a manifestantes pac\u00edficos a utilizar al ej\u00e9rcito para bombardear los reductos rebeldes. Encerrar y torturar al llamado enemigo.<\/p>\n<p>Fuimos all\u00ed en 2012, siendo uno de los \u00fanicos equipos de medios occidentales all\u00ed en ese momento. Vimos la maltrecha ciudad de Homs, otra ciudad por la que los actuales rebeldes lograron atravesar con poca resistencia. Mi frase ante la c\u00e1mara mientras observ\u00e1bamos los ataques a\u00e9reos militares sirios y las explosiones de artiller\u00eda contra el coraz\u00f3n de esa ciudad: \u00abEst\u00e1s viendo un pa\u00eds en guerra consigo mismo\u00bb.  <\/p>\n<div class=\"image-ct inline\">\n<div class=\"m\"><picture><source media=\"(max-width: 767px)\" srcset=\"https:\/\/a57.foxnews.com\/static.foxnews.com\/foxnews.com\/content\/uploads\/2024\/12\/343\/192\/greg-palkot-2-2.jpg?ve=1&amp;tl=1, https:\/\/a57.foxnews.com\/static.foxnews.com\/foxnews.com\/content\/uploads\/2024\/12\/686\/384\/greg-palkot-2-2.jpg?ve=1&amp;tl=1 2x\" height=\"192\" width=\"343\"><source media=\"(min-width: 768px) and (max-width: 1023px)\" srcset=\"https:\/\/a57.foxnews.com\/static.foxnews.com\/foxnews.com\/content\/uploads\/2024\/12\/672\/378\/greg-palkot-2-2.jpg?ve=1&amp;tl=1, https:\/\/a57.foxnews.com\/static.foxnews.com\/foxnews.com\/content\/uploads\/2024\/12\/1344\/756\/greg-palkot-2-2.jpg?ve=1&amp;tl=1 2x\" height=\"378\" width=\"672\"><source media=\"(min-width: 1024px) and (max-width: 1279px)\" srcset=\"https:\/\/a57.foxnews.com\/static.foxnews.com\/foxnews.com\/content\/uploads\/2024\/12\/931\/523\/greg-palkot-2-2.jpg?ve=1&amp;tl=1, https:\/\/a57.foxnews.com\/static.foxnews.com\/foxnews.com\/content\/uploads\/2024\/12\/1862\/1046\/greg-palkot-2-2.jpg?ve=1&amp;tl=1 2x\" height=\"523\" width=\"931\"><source media=\"(min-width: 1280px)\" srcset=\"https:\/\/a57.foxnews.com\/static.foxnews.com\/foxnews.com\/content\/uploads\/2024\/12\/720\/405\/greg-palkot-2-2.jpg?ve=1&amp;tl=1, https:\/\/a57.foxnews.com\/static.foxnews.com\/foxnews.com\/content\/uploads\/2024\/12\/1440\/810\/greg-palkot-2-2.jpg?ve=1&amp;tl=1 2x\" height=\"405\" width=\"720\"><img loading=\"lazy\" decoding=\"async\" src=\"https:\/\/a57.foxnews.com\/static.foxnews.com\/foxnews.com\/content\/uploads\/2024\/12\/1200\/675\/greg-palkot-2-2.jpg?ve=1&amp;tl=1\" alt=\"Greg Palkot informando desde Homs, Siria.\" width=\"1200\" height=\"675\"\/><\/source><\/source><\/source><\/source><\/picture><\/div>\n<div class=\"info\">\n<div class=\"caption\">\n<p><span>Greg Palkot informando desde Homs, Siria.<\/span> <span>(Noticias Fox)<\/span><\/p>\n<\/div>\n<\/div>\n<\/div>\n<p>Caminamos por las maltrechas calles donde la periodista estadounidense del London Times Marie Colvin hab\u00eda sido asesinada a principios de ese a\u00f1o. Esquivamos nuestros propios ataques a\u00e9reos cerca de una cl\u00ednica m\u00e9dica. Fue \u00absacudido\u00bb en un puesto de control de la milicia gubernamental. La c\u00e1mara del camar\u00f3grafo Pierre Zakrzewski fue retirada brevemente. Y vimos violencia mortal en toda la regi\u00f3n, una explosi\u00f3n dirigida a una estaci\u00f3n de televisi\u00f3n estatal. . . otro en una concurrida intersecci\u00f3n en el coraz\u00f3n de Damasco.<\/p>\n<h3>septiembre 2013<\/h3>\n<div class=\"image-ct inline\">\n<div class=\"m\"><picture><source media=\"(max-width: 767px)\" srcset=\"https:\/\/a57.foxnews.com\/static.foxnews.com\/foxnews.com\/content\/uploads\/2024\/12\/343\/192\/palkot-and-assad-screenshot.jpg?ve=1&amp;tl=1, https:\/\/a57.foxnews.com\/static.foxnews.com\/foxnews.com\/content\/uploads\/2024\/12\/686\/384\/palkot-and-assad-screenshot.jpg?ve=1&amp;tl=1 2x\" height=\"192\" width=\"343\"><source media=\"(min-width: 768px) and (max-width: 1023px)\" srcset=\"https:\/\/a57.foxnews.com\/static.foxnews.com\/foxnews.com\/content\/uploads\/2024\/12\/672\/378\/palkot-and-assad-screenshot.jpg?ve=1&amp;tl=1, https:\/\/a57.foxnews.com\/static.foxnews.com\/foxnews.com\/content\/uploads\/2024\/12\/1344\/756\/palkot-and-assad-screenshot.jpg?ve=1&amp;tl=1 2x\" height=\"378\" width=\"672\"><source media=\"(min-width: 1024px) and (max-width: 1279px)\" srcset=\"https:\/\/a57.foxnews.com\/static.foxnews.com\/foxnews.com\/content\/uploads\/2024\/12\/931\/523\/palkot-and-assad-screenshot.jpg?ve=1&amp;tl=1, https:\/\/a57.foxnews.com\/static.foxnews.com\/foxnews.com\/content\/uploads\/2024\/12\/1862\/1046\/palkot-and-assad-screenshot.jpg?ve=1&amp;tl=1 2x\" height=\"523\" width=\"931\"><source media=\"(min-width: 1280px)\" srcset=\"https:\/\/a57.foxnews.com\/static.foxnews.com\/foxnews.com\/content\/uploads\/2024\/12\/720\/405\/palkot-and-assad-screenshot.jpg?ve=1&amp;tl=1, https:\/\/a57.foxnews.com\/static.foxnews.com\/foxnews.com\/content\/uploads\/2024\/12\/1440\/810\/palkot-and-assad-screenshot.jpg?ve=1&amp;tl=1 2x\" height=\"405\" width=\"720\"><img loading=\"lazy\" decoding=\"async\" src=\"https:\/\/a57.foxnews.com\/static.foxnews.com\/foxnews.com\/content\/uploads\/2024\/12\/1200\/675\/palkot-and-assad-screenshot.jpg?ve=1&amp;tl=1\" alt=\"Greg Palkot en una entrevista exclusiva con el entonces presidente de Siria, Bashar al-Assad, en 2013.\" width=\"1200\" height=\"675\"\/><\/source><\/source><\/source><\/source><\/picture><\/div>\n<div class=\"info\">\n<div class=\"caption\">\n<p><span>Greg Palkot en una entrevista exclusiva con el entonces presidente de Siria, Bashar al-Assad, en 2013.<\/span> <span>(Noticias Fox)<\/span><\/p>\n<\/div>\n<\/div>\n<\/div>\n<p>Preguntas sobre este tumulto que le planteamos al propio Bashar al-Assad en una entrevista exclusiva que realizamos para Fox News junto con el ex congresista Dennis Kucinich el a\u00f1o siguiente. Hablamos en el enorme palacio que ahora ha sido invadido por rebeldes y civiles curiosos (aunque nos dijeron extraoficialmente que permanec\u00eda la mayor parte del tiempo en un apartamento en Damasco).   <\/p>\n<p><strong><u>LA CA\u00cdDA DE BASHAR ASSAD EN SIRIA ES UN GOLPE ESTRAT\u00c9GICO PARA IR\u00c1N Y RUSIA, DICEN LOS EXPERTOS<\/u><\/strong> <\/p>\n<p>Nos sorprendi\u00f3 el comportamiento apacible del hombre que lidera este r\u00e9gimen sediento de sangre. Nos admiti\u00f3 p\u00fablicamente que ten\u00eda armas qu\u00edmicas, pero a\u00fan as\u00ed afirm\u00f3 que no las hab\u00eda usado. (El r\u00e9gimen fue responsable de un ataque con armas qu\u00edmicas el mes anterior, que dej\u00f3 m\u00e1s de mil muertos).<\/p>\n<p>Tambi\u00e9n afirm\u00f3 que la protesta p\u00fablica de base, que se hab\u00eda convertido en una guerra civil, ahora estaba dirigida \u00aben un 80-90% por Al-Qaeda\u00bb. Discutimos esa cifra y preguntamos si la creciente revuelta era una profec\u00eda autocumplida. Cuanto m\u00e1s golpeaba el gobierno, m\u00e1s malos se sent\u00edan atra\u00eddos. Y le preguntamos a Assad si compart\u00eda la decepci\u00f3n de muchos de que podr\u00eda haber hecho un mejor giro para Siria despu\u00e9s del fallecimiento de su padre. \u00abTodav\u00eda soy un reformista\u00bb, afirm\u00f3 inexpresivamente. Mientras se escuchaba el estruendo de los disparos rebeldes m\u00e1s all\u00e1 de los gruesos muros del palacio.<\/p>\n<h3>octubre 2014<\/h3>\n<div class=\"image-ct inline\">\n<div class=\"m\"><picture><source media=\"(max-width: 767px)\" srcset=\"https:\/\/a57.foxnews.com\/static.foxnews.com\/foxnews.com\/content\/uploads\/2024\/12\/343\/192\/greg-palkot-5.jpg?ve=1&amp;tl=1, https:\/\/a57.foxnews.com\/static.foxnews.com\/foxnews.com\/content\/uploads\/2024\/12\/686\/384\/greg-palkot-5.jpg?ve=1&amp;tl=1 2x\" height=\"192\" width=\"343\"><source media=\"(min-width: 768px) and (max-width: 1023px)\" srcset=\"https:\/\/a57.foxnews.com\/static.foxnews.com\/foxnews.com\/content\/uploads\/2024\/12\/672\/378\/greg-palkot-5.jpg?ve=1&amp;tl=1, https:\/\/a57.foxnews.com\/static.foxnews.com\/foxnews.com\/content\/uploads\/2024\/12\/1344\/756\/greg-palkot-5.jpg?ve=1&amp;tl=1 2x\" height=\"378\" width=\"672\"><source media=\"(min-width: 1024px) and (max-width: 1279px)\" srcset=\"https:\/\/a57.foxnews.com\/static.foxnews.com\/foxnews.com\/content\/uploads\/2024\/12\/931\/523\/greg-palkot-5.jpg?ve=1&amp;tl=1, https:\/\/a57.foxnews.com\/static.foxnews.com\/foxnews.com\/content\/uploads\/2024\/12\/1862\/1046\/greg-palkot-5.jpg?ve=1&amp;tl=1 2x\" height=\"523\" width=\"931\"><source media=\"(min-width: 1280px)\" srcset=\"https:\/\/a57.foxnews.com\/static.foxnews.com\/foxnews.com\/content\/uploads\/2024\/12\/720\/405\/greg-palkot-5.jpg?ve=1&amp;tl=1, https:\/\/a57.foxnews.com\/static.foxnews.com\/foxnews.com\/content\/uploads\/2024\/12\/1440\/810\/greg-palkot-5.jpg?ve=1&amp;tl=1 2x\" height=\"405\" width=\"720\"><img loading=\"lazy\" decoding=\"async\" src=\"https:\/\/a57.foxnews.com\/static.foxnews.com\/foxnews.com\/content\/uploads\/2024\/12\/1200\/675\/greg-palkot-5.jpg?ve=1&amp;tl=1\" alt=\"Greg Palkot informando sobre la frontera entre Siria y Turqu\u00eda en 2014.\" width=\"1200\" height=\"675\"\/><\/source><\/source><\/source><\/source><\/picture><\/div>\n<div class=\"info\">\n<div class=\"caption\">\n<p><span>Greg Palkot informando sobre la frontera entre Siria y Turqu\u00eda en 2014.<\/span> <span>(Noticias Fox)<\/span><\/p>\n<\/div>\n<\/div>\n<\/div>\n<p>Un a\u00f1o despu\u00e9s, est\u00e1bamos en la frontera entre Siria y Turqu\u00eda cuando la revuelta realmente se sali\u00f3 de control. Vimos c\u00f3mo el relativamente nuevo, pero muy peligroso grupo terrorista ISIS se enfrentaba a la milicia kurda local en el terreno y los ataques a\u00e9reos estadounidenses alcanzaban objetivos en la cr\u00edtica ciudad de Kobani. Una enorme humareda procedente de las explosiones de bombas minuto tras minuto. La eventual victoria de los kurdos y Estados Unidos marc\u00f3 un punto de inflexi\u00f3n en la lucha contra ISIS. Para entonces, la guerra se hab\u00eda convertido en un conflicto globalizado con ISIS, y s\u00ed, Al-Qaeda y otros grupos yihadistas se amontonaron en Siria para apoderarse de la mayor parte del pa\u00eds que pudieran. El r\u00e9gimen de Assad s\u00f3lo se salv\u00f3 (por un tiempo) gracias a Rusia, Ir\u00e1n y su milicia proxy, Hezbol\u00e1, que realizaron la mayor parte de los combates. Cuando los tres aliados quedaron debilitados y\/o distra\u00eddos por sus propias guerras, los rebeldes atacaron, liberaron el pa\u00eds y derrocaron al r\u00e9gimen de Assad.<\/p>\n<h3><strong>diciembre 2024<\/strong><\/h3>\n<div class=\"image-ct inline\">\n<div class=\"m\"><picture><source media=\"(max-width: 767px)\" srcset=\"https:\/\/a57.foxnews.com\/static.foxnews.com\/foxnews.com\/content\/uploads\/2024\/12\/343\/192\/damascus.jpg?ve=1&amp;tl=1, https:\/\/a57.foxnews.com\/static.foxnews.com\/foxnews.com\/content\/uploads\/2024\/12\/686\/384\/damascus.jpg?ve=1&amp;tl=1 2x\" height=\"192\" width=\"343\"><source media=\"(min-width: 768px) and (max-width: 1023px)\" srcset=\"https:\/\/a57.foxnews.com\/static.foxnews.com\/foxnews.com\/content\/uploads\/2024\/12\/672\/378\/damascus.jpg?ve=1&amp;tl=1, https:\/\/a57.foxnews.com\/static.foxnews.com\/foxnews.com\/content\/uploads\/2024\/12\/1344\/756\/damascus.jpg?ve=1&amp;tl=1 2x\" height=\"378\" width=\"672\"><source media=\"(min-width: 1024px) and (max-width: 1279px)\" srcset=\"https:\/\/a57.foxnews.com\/static.foxnews.com\/foxnews.com\/content\/uploads\/2024\/12\/931\/523\/damascus.jpg?ve=1&amp;tl=1, https:\/\/a57.foxnews.com\/static.foxnews.com\/foxnews.com\/content\/uploads\/2024\/12\/1862\/1046\/damascus.jpg?ve=1&amp;tl=1 2x\" height=\"523\" width=\"931\"><source media=\"(min-width: 1280px)\" srcset=\"https:\/\/a57.foxnews.com\/static.foxnews.com\/foxnews.com\/content\/uploads\/2024\/12\/720\/405\/damascus.jpg?ve=1&amp;tl=1, https:\/\/a57.foxnews.com\/static.foxnews.com\/foxnews.com\/content\/uploads\/2024\/12\/1440\/810\/damascus.jpg?ve=1&amp;tl=1 2x\" height=\"405\" width=\"720\"><img loading=\"lazy\" decoding=\"async\" src=\"https:\/\/a57.foxnews.com\/static.foxnews.com\/foxnews.com\/content\/uploads\/2024\/12\/1200\/675\/damascus.jpg?ve=1&amp;tl=1\" alt=\"Los sirios se re\u00fanen en la Plaza Omeya para celebrar el colapso de 61 a\u00f1os de gobierno del Partido Baaz en Damasco, Siria, el 9 de diciembre de 2024.\" width=\"1200\" height=\"675\"\/><\/source><\/source><\/source><\/source><\/picture><\/div>\n<div class=\"info\">\n<div class=\"caption\">\n<p><span>Los sirios se re\u00fanen en la Plaza Omeya para celebrar el colapso de 61 a\u00f1os de gobierno del Partido Baaz en Damasco, Siria, el 9 de diciembre de 2024.<\/span> <span>(Murat Sengul\/Anadolu v\u00eda Getty Images)<\/span><\/p>\n<\/div>\n<\/div>\n<\/div>\n<p>Esta semana nos pusimos en contacto con uno de nuestros contactos importantes en Siria durante esos tiempos. Escribi\u00f3, en un correo electr\u00f3nico, algunas palabras bastante destacadas: \u00abEs un momento extraordinario&#8230; hasta ahora todo bien\u00bb. El pueblo de Siria est\u00e1 exultante por el fin de una dictadura. Est\u00e1n regresando a sus hogares de los que se vieron obligados a abandonar los combates. Buscan febrilmente, a veces con alegr\u00eda o con desesperaci\u00f3n, las prisiones donde sus conciudadanos fueron encarcelados y torturados. Medio mill\u00f3n de personas han sido asesinadas en los \u00faltimos 13 a\u00f1os. Millones de personas est\u00e1n heridas y desplazadas. La econom\u00eda es un desastre.<\/p>\n<p><strong><u>HAGA CLIC AQU\u00cd PARA OBTENER LA APLICACI\u00d3N FOX NEWS<\/u><\/strong><\/p>\n<p>Pero mi amigo tambi\u00e9n escribi\u00f3: \u00abSoy un poco cauteloso sobre lo que puede venir&#8230; y llenar el vac\u00edo\u00bb. El grupo HTS que encabez\u00f3 este levantamiento ten\u00eda v\u00ednculos anteriores con Al-Qaeda y todav\u00eda est\u00e1 en la lista de terroristas de Estados Unidos. Su l\u00edder, Ahmad al-Sharar, tambi\u00e9n conocido por su nombre de guerra Abu Mohammed al-Golani, era un yihadista ac\u00e9rrimo y s\u00f3lo en los \u00faltimos a\u00f1os se ha transformado. \u00c9l y el grupo, hasta ahora, han estado hablando bien. A\u00fan as\u00ed, hay muchas facciones, sectas religiosas y grupos disidentes que tendr\u00e1n que trabajar juntos si se quiere lograr una nueva Siria libre. Una tarea dif\u00edcil. Para la gente orgullosa del pa\u00eds que hemos llegado a conocer a lo largo de los a\u00f1os, vale la pena intentarlo.<\/p>\n<\/div>\n\n","protected":false},"excerpt":{"rendered":"<p>\u00danase a Fox News para acceder a este contenido Adem\u00e1s, acceso especial a art\u00edculos seleccionados y otro contenido premium con su cuenta, sin cargo. Al ingresar su correo electr\u00f3nico y presionar Continuar, acepta los T\u00e9rminos de uso y la Pol\u00edtica de privacidad de Fox News, que incluye nuestro Aviso de incentivo financiero. Por favor, introduce &hellip;<\/p>\n","protected":false},"author":1,"featured_media":6597,"comment_status":"open","ping_status":"open","sticky":false,"template":"","format":"standard","meta":{"fifu_image_url":"https:\/\/static.foxnews.com\/foxnews.com\/content\/uploads\/2024\/09\/bashar-and-hafez-al-assad.jpg","fifu_image_alt":"","footnotes":""},"categories":[13],"tags":[],"class_list":["post-6595","post","type-post","status-publish","format-standard","has-post-thumbnail","","category-mundo"],"_links":{"self":[{"href":"https:\/\/noticiasveraces.com\/index.php?rest_route=\/wp\/v2\/posts\/6595","targetHints":{"allow":["GET"]}}],"collection":[{"href":"https:\/\/noticiasveraces.com\/index.php?rest_route=\/wp\/v2\/posts"}],"about":[{"href":"https:\/\/noticiasveraces.com\/index.php?rest_route=\/wp\/v2\/types\/post"}],"author":[{"embeddable":true,"href":"https:\/\/noticiasveraces.com\/index.php?rest_route=\/wp\/v2\/users\/1"}],"replies":[{"embeddable":true,"href":"https:\/\/noticiasveraces.com\/index.php?rest_route=%2Fwp%2Fv2%2Fcomments&post=6595"}],"version-history":[{"count":0,"href":"https:\/\/noticiasveraces.com\/index.php?rest_route=\/wp\/v2\/posts\/6595\/revisions"}],"wp:featuredmedia":[{"embeddable":true,"href":"https:\/\/noticiasveraces.com\/index.php?rest_route=\/wp\/v2\/media\/6597"}],"wp:attachment":[{"href":"https:\/\/noticiasveraces.com\/index.php?rest_route=%2Fwp%2Fv2%2Fmedia&parent=6595"}],"wp:term":[{"taxonomy":"category","embeddable":true,"href":"https:\/\/noticiasveraces.com\/index.php?rest_route=%2Fwp%2Fv2%2Fcategories&post=6595"},{"taxonomy":"post_tag","embeddable":true,"href":"https:\/\/noticiasveraces.com\/index.php?rest_route=%2Fwp%2Fv2%2Ftags&post=6595"}],"curies":[{"name":"wp","href":"https:\/\/api.w.org\/{rel}","templated":true}]}}