{"id":6592,"date":"2024-12-15T23:58:32","date_gmt":"2024-12-16T03:58:32","guid":{"rendered":"https:\/\/noticiasveraces.com\/?p=6592"},"modified":"2024-12-15T23:58:32","modified_gmt":"2024-12-16T03:58:32","slug":"trump-detuvo-una-vez-los-ataques-de-erdogan-contra-los-kurdos-respaldados-por-estados-unidos-en-siria-y-tiene-la-oportunidad-de-hacerlo-nuevamente-dice-jack-keane","status":"publish","type":"post","link":"https:\/\/noticiasveraces.com\/?p=6592","title":{"rendered":"Trump detuvo una vez los ataques de Erdogan contra los kurdos respaldados por Estados Unidos en Siria y tiene la oportunidad de hacerlo nuevamente, dice Jack Keane"},"content":{"rendered":"<p> \n<\/p>\n<div>\n<div class=\"article-gating gated-overlay\">\n<div class=\"article-gating-wrapper\">\n<p>\u00danase a Fox News para acceder a este contenido<\/p>\n<p>Adem\u00e1s, acceso especial a art\u00edculos seleccionados y otro contenido premium con su cuenta, sin cargo.<\/p>\n<div class=\"article-gating-legal tablet-desktop\">Al ingresar su correo electr\u00f3nico y presionar Continuar, acepta los T\u00e9rminos de uso y la Pol\u00edtica de privacidad de Fox News, que incluye nuestro Aviso de incentivo financiero.\n    <\/div>\n<p><span>Por favor, introduce una direcci\u00f3n de correo electr\u00f3nico v\u00e1lida.<\/span><\/p>\n<footer class=\"article-gating-footer\">\u00bfTienes problemas? Haga clic aqu\u00ed.<\/footer>\n<\/div>\n<\/div>\n<p class=\"speakable\">JERUSAL\u00c9N \u2013 El presidente electo Trump podr\u00eda ser el factor clave para detener la supuesta destrucci\u00f3n turca de la comunidad kurda siria pro-estadounidense, dijo el analista estrat\u00e9gico senior de Fox News y general retirado de cuatro estrellas Jack Keane a Mark Levin de Fox News en \u00abLife, Liberty &#038; Levin\u00bb el s\u00e1bado.<\/p>\n<p class=\"speakable\">\u00abErdo\u011fan es un problema real aqu\u00ed. Tiene un corredor en el norte de Siria. Respald\u00f3 al l\u00edder radical que tom\u00f3 el poder, al-Golani, para derrocar a Assad porque ha estado queriendo que Assad se vaya como lo hicimos todos durante a\u00f1os, pero \u00bfqu\u00e9 pasa ahora? \u00bfQu\u00e9 est\u00e1 haciendo? Ahora est\u00e1 atacando a los kurdos sirios, a quienes apoyamos, en el este de Siria\u00bb.<\/p>\n<p>Keane dijo: \u00abBiden no va a hacer nada al respecto, pero el presidente Trump tiene una gran oportunidad, y s\u00e9 con certeza que el presidente Trump trat\u00f3 con Erdo\u011fan una vez antes por el mismo tema. Y se detuvo como resultado de una conversaci\u00f3n telef\u00f3nica. conversaci\u00f3n que tuvo con el presidente Erdo\u011fan.\u00bb<\/p>\n<p><strong>LA CA\u00cdDA DE BASHAR ASSAD EN SIRIA ES UN GOLPE ESTRAT\u00c9GICO PARA IR\u00c1N Y RUSIA, DICEN LOS EXPERTOS<\/strong><\/p>\n<div class=\"image-ct inline\">\n<div class=\"m\"><picture><source media=\"(max-width: 767px)\" srcset=\"https:\/\/a57.foxnews.com\/static.foxnews.com\/foxnews.com\/content\/uploads\/2022\/07\/343\/192\/Syria-ISIS-flag.png?ve=1&amp;tl=1, https:\/\/a57.foxnews.com\/static.foxnews.com\/foxnews.com\/content\/uploads\/2022\/07\/686\/384\/Syria-ISIS-flag.png?ve=1&amp;tl=1 2x\" height=\"192\" width=\"343\"><source media=\"(min-width: 768px) and (max-width: 1023px)\" srcset=\"https:\/\/a57.foxnews.com\/static.foxnews.com\/foxnews.com\/content\/uploads\/2022\/07\/672\/378\/Syria-ISIS-flag.png?ve=1&amp;tl=1, https:\/\/a57.foxnews.com\/static.foxnews.com\/foxnews.com\/content\/uploads\/2022\/07\/1344\/756\/Syria-ISIS-flag.png?ve=1&amp;tl=1 2x\" height=\"378\" width=\"672\"><source media=\"(min-width: 1024px) and (max-width: 1279px)\" srcset=\"https:\/\/a57.foxnews.com\/static.foxnews.com\/foxnews.com\/content\/uploads\/2022\/07\/931\/523\/Syria-ISIS-flag.png?ve=1&amp;tl=1, https:\/\/a57.foxnews.com\/static.foxnews.com\/foxnews.com\/content\/uploads\/2022\/07\/1862\/1046\/Syria-ISIS-flag.png?ve=1&amp;tl=1 2x\" height=\"523\" width=\"931\"><source media=\"(min-width: 1280px)\" srcset=\"https:\/\/a57.foxnews.com\/static.foxnews.com\/foxnews.com\/content\/uploads\/2022\/07\/720\/405\/Syria-ISIS-flag.png?ve=1&amp;tl=1, https:\/\/a57.foxnews.com\/static.foxnews.com\/foxnews.com\/content\/uploads\/2022\/07\/1440\/810\/Syria-ISIS-flag.png?ve=1&amp;tl=1 2x\" height=\"405\" width=\"720\"><img loading=\"lazy\" decoding=\"async\" src=\"https:\/\/a57.foxnews.com\/static.foxnews.com\/foxnews.com\/content\/uploads\/2022\/07\/1200\/675\/Syria-ISIS-flag.png?ve=1&amp;tl=1\" alt=\"Militante del Estado Isl\u00e1mico sostiene la bandera de ISIS en un entorno des\u00e9rtico\" width=\"1200\" height=\"675\"\/><\/source><\/source><\/source><\/source><\/picture><\/div>\n<div class=\"info\">\n<div class=\"caption\">\n<p><span>Un terrorista enmascarado del Estado Isl\u00e1mico sosteniendo la bandera de ISIS en 2015.<\/span> <span>(Historia\/Universal Images Group v\u00eda Getty Images)<\/span><\/p>\n<\/div>\n<\/div>\n<\/div>\n<p>Keane dijo que una de las primeras conversaciones telef\u00f3nicas de Trump una vez que asuma el cargo probablemente ser\u00e1 con Erdo\u011fan, \u00absi es que no ha empezado a hablar con \u00e9l ya\u00bb. <\/p>\n<p>Dijo que la motivaci\u00f3n de los kurdos sirios en el este de Siria no es apoderarse del territorio turco sino garantizar que ISIS siga derrotado y asegurarse de que \u00abno se levanten de nuevo\u00bb, y agreg\u00f3 que Estados Unidos \u00abno necesita involucrarse de ninguna manera importante\u00bb. en Siria m\u00e1s que para proteger nuestros propios intereses y asegurarnos de que ISIS no vuelva a surgir en el este de Siria, algo que tienen el potencial de hacer\u00bb.<\/p>\n<p>Mientras los l\u00edderes mundiales est\u00e1n centrados en gran medida en el colapso del r\u00e9gimen del dictador sirio Bashar Assad, el hombre fuerte de Turqu\u00eda, Recep Tayyip Erdo\u011fan, ha movilizado fuerzas leales a su gobierno para erradicar a los combatientes kurdos en su frontera sur con Siria que ayudaron a Estados Unidos a derrotar al movimiento terrorista ISIS. <\/p>\n<div class=\"image-ct inline\">\n<div class=\"m\"><picture><source media=\"(max-width: 767px)\" srcset=\"https:\/\/a57.foxnews.com\/static.foxnews.com\/foxnews.com\/content\/uploads\/2019\/11\/343\/192\/AP19317632519914.jpg?ve=1&amp;tl=1, https:\/\/a57.foxnews.com\/static.foxnews.com\/foxnews.com\/content\/uploads\/2019\/11\/686\/384\/AP19317632519914.jpg?ve=1&amp;tl=1 2x\" height=\"192\" width=\"343\"><source media=\"(min-width: 768px) and (max-width: 1023px)\" srcset=\"https:\/\/a57.foxnews.com\/static.foxnews.com\/foxnews.com\/content\/uploads\/2019\/11\/672\/378\/AP19317632519914.jpg?ve=1&amp;tl=1, https:\/\/a57.foxnews.com\/static.foxnews.com\/foxnews.com\/content\/uploads\/2019\/11\/1344\/756\/AP19317632519914.jpg?ve=1&amp;tl=1 2x\" height=\"378\" width=\"672\"><source media=\"(min-width: 1024px) and (max-width: 1279px)\" srcset=\"https:\/\/a57.foxnews.com\/static.foxnews.com\/foxnews.com\/content\/uploads\/2019\/11\/931\/523\/AP19317632519914.jpg?ve=1&amp;tl=1, https:\/\/a57.foxnews.com\/static.foxnews.com\/foxnews.com\/content\/uploads\/2019\/11\/1862\/1046\/AP19317632519914.jpg?ve=1&amp;tl=1 2x\" height=\"523\" width=\"931\"><source media=\"(min-width: 1280px)\" srcset=\"https:\/\/a57.foxnews.com\/static.foxnews.com\/foxnews.com\/content\/uploads\/2019\/11\/720\/405\/AP19317632519914.jpg?ve=1&amp;tl=1, https:\/\/a57.foxnews.com\/static.foxnews.com\/foxnews.com\/content\/uploads\/2019\/11\/1440\/810\/AP19317632519914.jpg?ve=1&amp;tl=1 2x\" height=\"405\" width=\"720\"><img loading=\"lazy\" decoding=\"async\" src=\"https:\/\/a57.foxnews.com\/static.foxnews.com\/foxnews.com\/content\/uploads\/2019\/11\/1200\/675\/AP19317632519914.jpg?ve=1&amp;tl=1\" alt=\"Trump y Erdogan en la Casa Blanca\" width=\"1200\" height=\"675\"\/><\/source><\/source><\/source><\/source><\/picture><\/div>\n<div class=\"info\">\n<div class=\"caption\">\n<p><span>El presidente Trump se re\u00fane con el presidente turco, Recep Tayyip Erdogan, en la Oficina Oval de la Casa Blanca, el 13 de noviembre de 2019. (Foto AP\/Evan Vucci)<\/span> <!----><\/p>\n<\/div>\n<\/div>\n<\/div>\n<p>Suenan las alarmas sobre la terrible situaci\u00f3n de los kurdos sirios.<strong> <\/strong><\/p>\n<p>\u00abTurqu\u00eda se ha vuelto demasiado agresiva. Si consiguen rienda suelta en Siria, pueden cometer encubiertamente una limpieza \u00e9tnica\u00bb, advirti\u00f3 Efrat Aviv, profesor del Departamento de Historia General de la Universidad Bar-Ilan de Israel y destacado experto en Turqu\u00eda. , en declaraciones a Fox News Digital.<\/p>\n<p>En un aparente esfuerzo por modificar su movimiento yihadista, Ahmad al-Sharaa, l\u00edder del movimiento terrorista designado por Estados Unidos, Hay&#8217;at Tahrir al-Sham (HTS), que desempe\u00f1\u00f3 un papel decisivo en el derrocamiento del r\u00e9gimen de Assad, dijo: \u00abLos kurdos son parte de la naci\u00f3n y han sufrido grandes injusticias, al igual que nosotros, con la ca\u00edda del r\u00e9gimen, la injusticia que enfrentaron tambi\u00e9n puede desaparecer\u00bb.<\/p>\n<p><strong>EL DICTADOR SIRIO BASHAR ASSAD HUYE AL EXILIO MIENTRAS LOS REBELDES ISLAMISTAS CONQUISTAN EL PA\u00cdS <\/strong><\/p>\n<div class=\"image-ct inline\">\n<div class=\"m\"><picture><source media=\"(max-width: 767px)\" srcset=\"https:\/\/a57.foxnews.com\/static.foxnews.com\/foxnews.com\/content\/uploads\/2024\/01\/343\/192\/us-troops-syria.jpg?ve=1&amp;tl=1, https:\/\/a57.foxnews.com\/static.foxnews.com\/foxnews.com\/content\/uploads\/2024\/01\/686\/384\/us-troops-syria.jpg?ve=1&amp;tl=1 2x\" height=\"192\" width=\"343\"><source media=\"(min-width: 768px) and (max-width: 1023px)\" srcset=\"https:\/\/a57.foxnews.com\/static.foxnews.com\/foxnews.com\/content\/uploads\/2024\/01\/672\/378\/us-troops-syria.jpg?ve=1&amp;tl=1, https:\/\/a57.foxnews.com\/static.foxnews.com\/foxnews.com\/content\/uploads\/2024\/01\/1344\/756\/us-troops-syria.jpg?ve=1&amp;tl=1 2x\" height=\"378\" width=\"672\"><source media=\"(min-width: 1024px) and (max-width: 1279px)\" srcset=\"https:\/\/a57.foxnews.com\/static.foxnews.com\/foxnews.com\/content\/uploads\/2024\/01\/931\/523\/us-troops-syria.jpg?ve=1&amp;tl=1, https:\/\/a57.foxnews.com\/static.foxnews.com\/foxnews.com\/content\/uploads\/2024\/01\/1862\/1046\/us-troops-syria.jpg?ve=1&amp;tl=1 2x\" height=\"523\" width=\"931\"><source media=\"(min-width: 1280px)\" srcset=\"https:\/\/a57.foxnews.com\/static.foxnews.com\/foxnews.com\/content\/uploads\/2024\/01\/720\/405\/us-troops-syria.jpg?ve=1&amp;tl=1, https:\/\/a57.foxnews.com\/static.foxnews.com\/foxnews.com\/content\/uploads\/2024\/01\/1440\/810\/us-troops-syria.jpg?ve=1&amp;tl=1 2x\" height=\"405\" width=\"720\"><img loading=\"lazy\" decoding=\"async\" src=\"https:\/\/a57.foxnews.com\/static.foxnews.com\/foxnews.com\/content\/uploads\/2024\/01\/1200\/675\/us-troops-syria.jpg?ve=1&amp;tl=1\" alt=\"Foto de tropas estadounidenses en Siria entrenando a las YPG\/SDF.\" width=\"1200\" height=\"675\"\/><\/source><\/source><\/source><\/source><\/picture><\/div>\n<div class=\"info\">\n<div class=\"caption\">\n<p><span>Las fuerzas estadounidenses brindan entrenamiento militar a miembros de las YPG\/SDF en Siria, el 18 de agosto de 2023.<\/span> <span>(Hedil Amir\/Agencia Anadolu v\u00eda Getty Images)<\/span><\/p>\n<\/div>\n<\/div>\n<\/div>\n<p>Ahmad al-Sharaa, conocido hasta hace poco por su nombre de guerra Abu Mohammad<strong> Alabama<\/strong>-Golani, est\u00e1 aliado de Turqu\u00eda. El secretario de Estado estadounidense, Antony Blinken, anunci\u00f3 que Estados Unidos hab\u00eda establecido \u00abcontacto directo\u00bb con HTS a pesar de ser una entidad terrorista prohibida.<\/p>\n<p>Mazloum Abdi, jefe de las Fuerzas Democr\u00e1ticas Sirias (FDS), aliadas de Estados Unidos, inst\u00f3 el s\u00e1bado a los partidos kurdos en el noreste de Siria (Rojava) a generar un frente unificado.<\/p>\n<p>\u00abHoy, la unidad nacional kurda en Siria se ha convertido en una necesidad hist\u00f3rica en respuesta a los desaf\u00edos de esta fase cr\u00edtica. Hacemos un llamado a todos los partidos kurdos a dejar de lado los intereses partidistas y comprometerse genuinamente con los llamados p\u00fablicos al di\u00e1logo y la unidad\u00bb, escribi\u00f3 Abdi en X .<\/p>\n<p>La semana pasada, el senador Lindsey Graham, RS.C., public\u00f3 en X: \u00abEn el pasado he redactado sanciones dirigidas a Turqu\u00eda si participa en operaciones militares contra las fuerzas kurdas que ayudaron al presidente Trump a destruir ISIS. Estoy listo para hacer esto. nuevamente de manera bipartidista.<\/p>\n<p>\u00abNo deber\u00edamos permitir que las fuerzas kurdas, que nos ayudaron a destruir a ISIS durante la presidencia de Trump, sean amenazadas por Turqu\u00eda o los islamistas radicales que se han apoderado de Siria\u00bb.<\/p>\n<p>El Parlamento holand\u00e9s tambi\u00e9n intervino la semana pasada para proteger a los kurdos sirios, instando a su gobierno a abogar por el cese de los ataques turcos contra los kurdos. <\/p>\n<div class=\"image-ct inline\">\n<div class=\"m\"><picture><source media=\"(max-width: 767px)\" srcset=\"https:\/\/a57.foxnews.com\/static.foxnews.com\/foxnews.com\/content\/uploads\/2024\/07\/343\/192\/erdogan.jpg?ve=1&amp;tl=1, https:\/\/a57.foxnews.com\/static.foxnews.com\/foxnews.com\/content\/uploads\/2024\/07\/686\/384\/erdogan.jpg?ve=1&amp;tl=1 2x\" height=\"192\" width=\"343\"><source media=\"(min-width: 768px) and (max-width: 1023px)\" srcset=\"https:\/\/a57.foxnews.com\/static.foxnews.com\/foxnews.com\/content\/uploads\/2024\/07\/672\/378\/erdogan.jpg?ve=1&amp;tl=1, https:\/\/a57.foxnews.com\/static.foxnews.com\/foxnews.com\/content\/uploads\/2024\/07\/1344\/756\/erdogan.jpg?ve=1&amp;tl=1 2x\" height=\"378\" width=\"672\"><source media=\"(min-width: 1024px) and (max-width: 1279px)\" srcset=\"https:\/\/a57.foxnews.com\/static.foxnews.com\/foxnews.com\/content\/uploads\/2024\/07\/931\/523\/erdogan.jpg?ve=1&amp;tl=1, https:\/\/a57.foxnews.com\/static.foxnews.com\/foxnews.com\/content\/uploads\/2024\/07\/1862\/1046\/erdogan.jpg?ve=1&amp;tl=1 2x\" height=\"523\" width=\"931\"><source media=\"(min-width: 1280px)\" srcset=\"https:\/\/a57.foxnews.com\/static.foxnews.com\/foxnews.com\/content\/uploads\/2024\/07\/720\/405\/erdogan.jpg?ve=1&amp;tl=1, https:\/\/a57.foxnews.com\/static.foxnews.com\/foxnews.com\/content\/uploads\/2024\/07\/1440\/810\/erdogan.jpg?ve=1&amp;tl=1 2x\" height=\"405\" width=\"720\"><img loading=\"lazy\" decoding=\"async\" src=\"https:\/\/a57.foxnews.com\/static.foxnews.com\/foxnews.com\/content\/uploads\/2024\/07\/1200\/675\/erdogan.jpg?ve=1&amp;tl=1\" alt=\"Erdogan Biden G7\" width=\"1200\" height=\"675\"\/><\/source><\/source><\/source><\/source><\/picture><\/div>\n<div class=\"info\">\n<div class=\"caption\">\n<p><span>El presidente Biden y el presidente Recep Tayyip Erdo\u011fan conversan durante la cumbre del G-7 el 14 de junio de 2024 en Fasano, Italia.<\/span> <span>(Christopher Furlong\/Getty Images)<\/span><\/p>\n<\/div>\n<\/div>\n<\/div>\n<p>La Administraci\u00f3n Aut\u00f3noma del Norte y Este de Siria (AANES), liderada por los kurdos, anunci\u00f3 el domingo en respuesta a los continuos ataques de las fuerzas pro-Turqu\u00edas: \u00abNos enfrentamos a amenazas y peligros significativos, y hacemos un llamado a la Coalici\u00f3n Global y al mundo entero para que \u00fanete a nosotros para proteger Kobani\u00bb.<\/p>\n<p>\u00abEl mundo ahora le debe a Kobani y a sus combatientes, y es hora de apoyar a Kobani\u00bb, continu\u00f3 la declaraci\u00f3n, \u00abllamando a la Coalici\u00f3n Global y a las personas amantes de la libertad a unirse y salvaguardar la dignidad y la humanidad de la regi\u00f3n\u00bb.<\/p>\n<p><strong>LAS AMENAZAS DE INVASI\u00d3N DE TURQU\u00cdA DEBEN TOMARSE &#8216;MUY EN SERIO&#8217;: FUNCIONARIO DE CHIPRE<\/strong><\/p>\n<div class=\"image-ct inline\">\n<div class=\"m\"><picture><source media=\"(max-width: 767px)\" srcset=\"https:\/\/a57.foxnews.com\/static.foxnews.com\/foxnews.com\/content\/uploads\/2024\/12\/343\/192\/gettyimages-2189737877.jpg?ve=1&amp;tl=1, https:\/\/a57.foxnews.com\/static.foxnews.com\/foxnews.com\/content\/uploads\/2024\/12\/686\/384\/gettyimages-2189737877.jpg?ve=1&amp;tl=1 2x\" height=\"192\" width=\"343\"><source media=\"(min-width: 768px) and (max-width: 1023px)\" srcset=\"https:\/\/a57.foxnews.com\/static.foxnews.com\/foxnews.com\/content\/uploads\/2024\/12\/672\/378\/gettyimages-2189737877.jpg?ve=1&amp;tl=1, https:\/\/a57.foxnews.com\/static.foxnews.com\/foxnews.com\/content\/uploads\/2024\/12\/1344\/756\/gettyimages-2189737877.jpg?ve=1&amp;tl=1 2x\" height=\"378\" width=\"672\"><source media=\"(min-width: 1024px) and (max-width: 1279px)\" srcset=\"https:\/\/a57.foxnews.com\/static.foxnews.com\/foxnews.com\/content\/uploads\/2024\/12\/931\/523\/gettyimages-2189737877.jpg?ve=1&amp;tl=1, https:\/\/a57.foxnews.com\/static.foxnews.com\/foxnews.com\/content\/uploads\/2024\/12\/1862\/1046\/gettyimages-2189737877.jpg?ve=1&amp;tl=1 2x\" height=\"523\" width=\"931\"><source media=\"(min-width: 1280px)\" srcset=\"https:\/\/a57.foxnews.com\/static.foxnews.com\/foxnews.com\/content\/uploads\/2024\/12\/720\/405\/gettyimages-2189737877.jpg?ve=1&amp;tl=1, https:\/\/a57.foxnews.com\/static.foxnews.com\/foxnews.com\/content\/uploads\/2024\/12\/1440\/810\/gettyimages-2189737877.jpg?ve=1&amp;tl=1 2x\" height=\"405\" width=\"720\"><img loading=\"lazy\" decoding=\"async\" src=\"https:\/\/a57.foxnews.com\/static.foxnews.com\/foxnews.com\/content\/uploads\/2024\/12\/1200\/675\/gettyimages-2189737877.jpg?ve=1&amp;tl=1\" alt=\"El secretario de Estado Antony Blinken se re\u00fane con el ministro turco de Asuntos Exteriores, Hakan Fidan\" width=\"1200\" height=\"675\"\/><\/source><\/source><\/source><\/source><\/picture><\/div>\n<div class=\"info\">\n<div class=\"caption\">\n<p><span>El secretario de Estado Antony Blinken se re\u00fane con el ministro turco de Asuntos Exteriores, Hakan Fidan, el 13 de diciembre de 2024 en Ankara.<\/span> <span>(Im\u00e1genes falsas)<\/span><\/p>\n<\/div>\n<\/div>\n<\/div>\n<p>El ministro de Asuntos Exteriores de Turqu\u00eda, Hakan Fidan, ex jefe del formidable servicio de inteligencia del pa\u00eds, el MIT, dijo el domingo en Jordania sobre la opini\u00f3n de su pa\u00eds sobre las organizaciones pol\u00edticas y militares kurdas, el Partido de los Trabajadores del Kurdist\u00e1n (PKK) y las Unidades de Defensa del Pueblo ( YPG):<strong> <\/strong>\u00abEstamos bajo la amenaza de Irak y Siria. Durante la \u00faltima d\u00e9cada, el PKK ha tratado de explotar el caos en Siria, intentando reestructurarse dentro de la organizaci\u00f3n SDF. Seguimos combatiendo el terrorismo del PKK\/YPG, apunt\u00e1ndolos dondequiera que est\u00e9n. \u00ab<\/p>\n<p>Y a\u00f1adi\u00f3: \u00abNuestro objetivo es distinguir a los kurdos sirios de la organizaci\u00f3n terrorista PKK\/YPG. Apoyamos a los representantes leg\u00edtimos de los kurdos sirios en sus esfuerzos por defender sus derechos en Damasco\u00bb.<\/p>\n<p>Las YPG son la principal fuerza aliada de Estados Unidos que contribuy\u00f3 a la derrota de ISIS. Estados Unidos clasific\u00f3 al PKK como organizaci\u00f3n terrorista extranjera. Las YPG pertenecen a la organizaci\u00f3n kurda siria, las Fuerzas Democr\u00e1ticas Sirias (SDF).<\/p>\n<p>El gobierno de Turqu\u00eda ha intensificado su ret\u00f3rica contra los kurdos. El Ministro de Defensa turco, Ya\u015far G\u00fcler, dijo el domingo: \u00abNuestra agenda principal es la disoluci\u00f3n del PKK\/YPG\u00bb.<\/p>\n<div class=\"image-ct inline\">\n<div class=\"m\"><picture><source media=\"(max-width: 767px)\" srcset=\"https:\/\/a57.foxnews.com\/static.foxnews.com\/foxnews.com\/content\/uploads\/2024\/12\/343\/192\/ap24339595941472-scaled.jpg?ve=1&amp;tl=1, https:\/\/a57.foxnews.com\/static.foxnews.com\/foxnews.com\/content\/uploads\/2024\/12\/686\/384\/ap24339595941472-scaled.jpg?ve=1&amp;tl=1 2x\" height=\"192\" width=\"343\"><source media=\"(min-width: 768px) and (max-width: 1023px)\" srcset=\"https:\/\/a57.foxnews.com\/static.foxnews.com\/foxnews.com\/content\/uploads\/2024\/12\/672\/378\/ap24339595941472-scaled.jpg?ve=1&amp;tl=1, https:\/\/a57.foxnews.com\/static.foxnews.com\/foxnews.com\/content\/uploads\/2024\/12\/1344\/756\/ap24339595941472-scaled.jpg?ve=1&amp;tl=1 2x\" height=\"378\" width=\"672\"><source media=\"(min-width: 1024px) and (max-width: 1279px)\" srcset=\"https:\/\/a57.foxnews.com\/static.foxnews.com\/foxnews.com\/content\/uploads\/2024\/12\/931\/523\/ap24339595941472-scaled.jpg?ve=1&amp;tl=1, https:\/\/a57.foxnews.com\/static.foxnews.com\/foxnews.com\/content\/uploads\/2024\/12\/1862\/1046\/ap24339595941472-scaled.jpg?ve=1&amp;tl=1 2x\" height=\"523\" width=\"931\"><source media=\"(min-width: 1280px)\" srcset=\"https:\/\/a57.foxnews.com\/static.foxnews.com\/foxnews.com\/content\/uploads\/2024\/12\/720\/405\/ap24339595941472-scaled.jpg?ve=1&amp;tl=1, https:\/\/a57.foxnews.com\/static.foxnews.com\/foxnews.com\/content\/uploads\/2024\/12\/1440\/810\/ap24339595941472-scaled.jpg?ve=1&amp;tl=1 2x\" height=\"405\" width=\"720\"><img loading=\"lazy\" decoding=\"async\" src=\"https:\/\/a57.foxnews.com\/static.foxnews.com\/foxnews.com\/content\/uploads\/2024\/12\/1200\/675\/ap24339595941472-scaled.jpg?ve=1&amp;tl=1\" alt=\"Kurdos desplazados en Siria\" width=\"1200\" height=\"675\"\/><\/source><\/source><\/source><\/source><\/picture><\/div>\n<div class=\"info\">\n<div class=\"caption\">\n<p><span>Los kurdos desplazados abandonan el campo de refugiados en el norte de Alepo y huyen a Afrin el 4 de diciembre de 2024.<\/span> <span>(Ugur Yildirim\/DIA Images\/Abaca\/Sipa USA(Sipa v\u00eda AP Images)<\/span><\/p>\n<\/div>\n<\/div>\n<\/div>\n<p>El representante entrante de primer a\u00f1o Abraham Hamadeh, republicano por Arizona, cuyos padres son inmigrantes sirios, dijo a Fox News Digital: \u00abMientras evaluamos los recientes ataques a\u00e9reos de Turqu\u00eda contra los kurdos sirios y los informes sobre agentes de Hamas en Turqu\u00eda, est\u00e1 claro que nuestras alianzas deben estar ancladas en respeto mutuo y objetivos compartidos durante d\u00e9cadas, Turqu\u00eda ha sido un socio estrat\u00e9gico, pero acoger a grupos como Hamas sin medidas claras para desmantelar sus operaciones socava esa relaci\u00f3n. Turqu\u00eda debe aprovechar esta oportunidad para demostrar que lo es. \u00abEstamos comprometidos a combatir el terrorismo, no a permitirlo\u00bb.<\/p>\n<p>Cuando Fox News Digital le pregunt\u00f3 si Estados Unidos estaba contemplando sancionar a Turqu\u00eda, un portavoz del Departamento de Estado dijo: \u00abComo cuesti\u00f3n general, no prevemos sanciones\u00bb.<\/p>\n<p><strong>HAGA CLIC AQU\u00cd PARA OBTENER LA APLICACI\u00d3N FOX NEWS<\/strong><\/p>\n<p>El Departamento de Estado remiti\u00f3 a Fox News Digital el viernes a los comentarios hechos el viernes despu\u00e9s de la reuni\u00f3n de Blinken con Fidan en Turqu\u00eda. <\/p>\n<p>La declaraci\u00f3n dec\u00eda, en parte, \u00abel secretario Blinken enfatiz\u00f3 la importancia de la cooperaci\u00f3n entre Estados Unidos y Turqu\u00eda en la misi\u00f3n de la Coalici\u00f3n Global para Derrotar al ISIS en Siria\u00bb.<\/p>\n<\/div>\n\n","protected":false},"excerpt":{"rendered":"<p>\u00danase a Fox News para acceder a este contenido Adem\u00e1s, acceso especial a art\u00edculos seleccionados y otro contenido premium con su cuenta, sin cargo. Al ingresar su correo electr\u00f3nico y presionar Continuar, acepta los T\u00e9rminos de uso y la Pol\u00edtica de privacidad de Fox News, que incluye nuestro Aviso de incentivo financiero. Por favor, introduce &hellip;<\/p>\n","protected":false},"author":1,"featured_media":6594,"comment_status":"open","ping_status":"open","sticky":false,"template":"","format":"standard","meta":{"fifu_image_url":"https:\/\/static.foxnews.com\/foxnews.com\/content\/uploads\/2019\/10\/Erdogan-trump.jpeg","fifu_image_alt":"","footnotes":""},"categories":[13],"tags":[],"class_list":["post-6592","post","type-post","status-publish","format-standard","has-post-thumbnail","","category-mundo"],"_links":{"self":[{"href":"https:\/\/noticiasveraces.com\/index.php?rest_route=\/wp\/v2\/posts\/6592","targetHints":{"allow":["GET"]}}],"collection":[{"href":"https:\/\/noticiasveraces.com\/index.php?rest_route=\/wp\/v2\/posts"}],"about":[{"href":"https:\/\/noticiasveraces.com\/index.php?rest_route=\/wp\/v2\/types\/post"}],"author":[{"embeddable":true,"href":"https:\/\/noticiasveraces.com\/index.php?rest_route=\/wp\/v2\/users\/1"}],"replies":[{"embeddable":true,"href":"https:\/\/noticiasveraces.com\/index.php?rest_route=%2Fwp%2Fv2%2Fcomments&post=6592"}],"version-history":[{"count":0,"href":"https:\/\/noticiasveraces.com\/index.php?rest_route=\/wp\/v2\/posts\/6592\/revisions"}],"wp:featuredmedia":[{"embeddable":true,"href":"https:\/\/noticiasveraces.com\/index.php?rest_route=\/wp\/v2\/media\/6594"}],"wp:attachment":[{"href":"https:\/\/noticiasveraces.com\/index.php?rest_route=%2Fwp%2Fv2%2Fmedia&parent=6592"}],"wp:term":[{"taxonomy":"category","embeddable":true,"href":"https:\/\/noticiasveraces.com\/index.php?rest_route=%2Fwp%2Fv2%2Fcategories&post=6592"},{"taxonomy":"post_tag","embeddable":true,"href":"https:\/\/noticiasveraces.com\/index.php?rest_route=%2Fwp%2Fv2%2Ftags&post=6592"}],"curies":[{"name":"wp","href":"https:\/\/api.w.org\/{rel}","templated":true}]}}