{"id":6586,"date":"2024-12-15T21:46:22","date_gmt":"2024-12-16T01:46:22","guid":{"rendered":"https:\/\/noticiasveraces.com\/?p=6586"},"modified":"2024-12-15T21:46:22","modified_gmt":"2024-12-16T01:46:22","slug":"israel-cerrara-su-embajada-en-irlanda-por-politicas-antiisraelies","status":"publish","type":"post","link":"https:\/\/noticiasveraces.com\/?p=6586","title":{"rendered":"Israel cerrar\u00e1 su embajada en Irlanda por \u00abpol\u00edticas antiisrael\u00edes\u00bb"},"content":{"rendered":"<p> \n<\/p>\n<div>\n<p class=\"speakable\">Israel dice que cerrar\u00e1 su embajada en Irlanda en las pr\u00f3ximas semanas por las \u00abpol\u00edticas extremas antiisrael\u00edes\u00bb del gobierno irland\u00e9s.<\/p>\n<p class=\"speakable\">El Ministro de Asuntos Exteriores israel\u00ed, Gideon Saar, hizo el anuncio el domingo despu\u00e9s de llamar al embajador de Israel en Irlanda desde Dubl\u00edn. Saar dice que el gobierno irland\u00e9s \u00abcruz\u00f3 todas las l\u00edneas rojas\u00bb y cit\u00f3 la decisi\u00f3n de la naci\u00f3n de reconocer un Estado palestino.<\/p>\n<p>\u00abLas acciones y la ret\u00f3rica antisemita utilizadas por Irlanda contra Israel tienen sus ra\u00edces en la deslegitimaci\u00f3n y demonizaci\u00f3n del Estado jud\u00edo, junto con un doble rasero\u00bb, dijo Saar.<\/p>\n<p>\u00abIsrael invertir\u00e1 sus recursos en el avance de las relaciones bilaterales con pa\u00edses de todo el mundo seg\u00fan prioridades que tambi\u00e9n tomen en cuenta las actitudes y acciones de estos estados hacia Israel\u00bb, a\u00f1adi\u00f3.<\/p>\n<p><strong><u>JAKE SULLIVAN DICE QUE NETANYAHU EST\u00c1 &#8216;LISTO PARA HACER UN ACUERDO&#8217; COMO HAMAS DIJO QUE CONCEDA A LAS DEMANDAS DE ALTO EL FUEGO DE ISRAEL<\/u><\/strong><\/p>\n<div class=\"image-ct inline\">\n<div class=\"m\"><picture><source media=\"(max-width: 767px)\" srcset=\"https:\/\/a57.foxnews.com\/static.foxnews.com\/foxnews.com\/content\/uploads\/2023\/11\/343\/192\/21791168-Israel-flag.jpg?ve=1&amp;tl=1, https:\/\/a57.foxnews.com\/static.foxnews.com\/foxnews.com\/content\/uploads\/2023\/11\/686\/384\/21791168-Israel-flag.jpg?ve=1&amp;tl=1 2x\" height=\"192\" width=\"343\"><source media=\"(min-width: 768px) and (max-width: 1023px)\" srcset=\"https:\/\/a57.foxnews.com\/static.foxnews.com\/foxnews.com\/content\/uploads\/2023\/11\/672\/378\/21791168-Israel-flag.jpg?ve=1&amp;tl=1, https:\/\/a57.foxnews.com\/static.foxnews.com\/foxnews.com\/content\/uploads\/2023\/11\/1344\/756\/21791168-Israel-flag.jpg?ve=1&amp;tl=1 2x\" height=\"378\" width=\"672\"><source media=\"(min-width: 1024px) and (max-width: 1279px)\" srcset=\"https:\/\/a57.foxnews.com\/static.foxnews.com\/foxnews.com\/content\/uploads\/2023\/11\/931\/523\/21791168-Israel-flag.jpg?ve=1&amp;tl=1, https:\/\/a57.foxnews.com\/static.foxnews.com\/foxnews.com\/content\/uploads\/2023\/11\/1862\/1046\/21791168-Israel-flag.jpg?ve=1&amp;tl=1 2x\" height=\"523\" width=\"931\"><source media=\"(min-width: 1280px)\" srcset=\"https:\/\/a57.foxnews.com\/static.foxnews.com\/foxnews.com\/content\/uploads\/2023\/11\/720\/405\/21791168-Israel-flag.jpg?ve=1&amp;tl=1, https:\/\/a57.foxnews.com\/static.foxnews.com\/foxnews.com\/content\/uploads\/2023\/11\/1440\/810\/21791168-Israel-flag.jpg?ve=1&amp;tl=1 2x\" height=\"405\" width=\"720\"><img loading=\"lazy\" decoding=\"async\" src=\"https:\/\/a57.foxnews.com\/static.foxnews.com\/foxnews.com\/content\/uploads\/2023\/11\/1200\/675\/21791168-Israel-flag.jpg?ve=1&amp;tl=1\" alt=\"bandera israel\u00ed\" width=\"1200\" height=\"675\"\/><\/source><\/source><\/source><\/source><\/picture><\/div>\n<div class=\"info\">\n<div class=\"caption\">\n<p><span>Israel est\u00e1 cerrando su embajada en Irlanda.<\/span> <span>(Alex Wong\/Getty Images)<\/span><\/p>\n<\/div>\n<\/div>\n<\/div>\n<p>El primer ministro irland\u00e9s, Simon Harris, dijo en un comunicado que la decisi\u00f3n era \u00abprofundamente lamentable\u00bb, seg\u00fan la BBC. El viceprimer ministro Miche\u00e1l Martin se hizo eco de ese sentimiento en una declaraci\u00f3n m\u00e1s extensa.<\/p>\n<p><strong><u>EL EMBAJADOR DE ISRAEL EN LA ONU INSISTE EN QUE LA NACI\u00d3N &#8216;NO SE INVOLUCRA&#8217; EN EL CAMBIO DE R\u00c9GIMEN SIRIO<\/u><\/strong><\/p>\n<p>\u00abCreo firmemente en la importancia de mantener canales diplom\u00e1ticos de comunicaci\u00f3n y lamento que se haya tomado esta decisi\u00f3n\u00bb, dijo Mart\u00edn.<\/p>\n<p>\u00abLa posici\u00f3n de Irlanda sobre el conflicto en Oriente Medio siempre ha estado guiada por los principios del derecho internacional y la obligaci\u00f3n de todos los Estados de adherirse al derecho internacional humanitario\u00bb, a\u00f1adi\u00f3.<\/p>\n<div class=\"image-ct inline\">\n<div class=\"m\"><picture><source media=\"(max-width: 767px)\" srcset=\"https:\/\/a57.foxnews.com\/static.foxnews.com\/foxnews.com\/content\/uploads\/2024\/04\/343\/192\/Simon-Harris.jpg?ve=1&amp;tl=1, https:\/\/a57.foxnews.com\/static.foxnews.com\/foxnews.com\/content\/uploads\/2024\/04\/686\/384\/Simon-Harris.jpg?ve=1&amp;tl=1 2x\" height=\"192\" width=\"343\"><source media=\"(min-width: 768px) and (max-width: 1023px)\" srcset=\"https:\/\/a57.foxnews.com\/static.foxnews.com\/foxnews.com\/content\/uploads\/2024\/04\/672\/378\/Simon-Harris.jpg?ve=1&amp;tl=1, https:\/\/a57.foxnews.com\/static.foxnews.com\/foxnews.com\/content\/uploads\/2024\/04\/1344\/756\/Simon-Harris.jpg?ve=1&amp;tl=1 2x\" height=\"378\" width=\"672\"><source media=\"(min-width: 1024px) and (max-width: 1279px)\" srcset=\"https:\/\/a57.foxnews.com\/static.foxnews.com\/foxnews.com\/content\/uploads\/2024\/04\/931\/523\/Simon-Harris.jpg?ve=1&amp;tl=1, https:\/\/a57.foxnews.com\/static.foxnews.com\/foxnews.com\/content\/uploads\/2024\/04\/1862\/1046\/Simon-Harris.jpg?ve=1&amp;tl=1 2x\" height=\"523\" width=\"931\"><source media=\"(min-width: 1280px)\" srcset=\"https:\/\/a57.foxnews.com\/static.foxnews.com\/foxnews.com\/content\/uploads\/2024\/04\/720\/405\/Simon-Harris.jpg?ve=1&amp;tl=1, https:\/\/a57.foxnews.com\/static.foxnews.com\/foxnews.com\/content\/uploads\/2024\/04\/1440\/810\/Simon-Harris.jpg?ve=1&amp;tl=1 2x\" height=\"405\" width=\"720\"><img loading=\"lazy\" decoding=\"async\" src=\"https:\/\/a57.foxnews.com\/static.foxnews.com\/foxnews.com\/content\/uploads\/2024\/04\/1200\/675\/Simon-Harris.jpg?ve=1&amp;tl=1\" alt=\"El primer ministro irland\u00e9s, Simon Harris\" width=\"1200\" height=\"675\"\/><\/source><\/source><\/source><\/source><\/picture><\/div>\n<div class=\"info\">\n<div class=\"caption\">\n<p><span>El nuevo Primer Ministro irland\u00e9s, Simon Harris, es recibido por colegas y familiares cuando abandona el Dail en Dubl\u00edn.<\/span> <span>(Paul Faith\/AFP v\u00eda Getty Images)<\/span><\/p>\n<\/div>\n<\/div>\n<\/div>\n<p>El anuncio se produce mientras Israel est\u00e1 considerando realizar nuevos ataques contra Ir\u00e1n esta semana. Los informes israel\u00edes del jueves dijeron <u>La evoluci\u00f3n de la realidad en la regi\u00f3n.<\/u> ha llevado a Israel a considerar una vez m\u00e1s atacar el programa nuclear de Ir\u00e1n, que Jerusal\u00e9n y sus aliados internacionales han considerado una de las mayores amenazas emergentes en un momento en que las tensiones entre Occidente y naciones como Rusia e Ir\u00e1n contin\u00faan deterior\u00e1ndose.<\/p>\n<p>Estados Unidos, bajo la administraci\u00f3n Biden, junto con sus socios internacionales, incluido el Organismo Internacional de Energ\u00eda At\u00f3mica, <u>han instado a Israel a no atacar<\/u> Las instalaciones nucleares de Ir\u00e1n. <\/p>\n<div class=\"image-ct inline\">\n<div class=\"m\"><picture><source media=\"(max-width: 767px)\" srcset=\"https:\/\/a57.foxnews.com\/static.foxnews.com\/foxnews.com\/content\/uploads\/2024\/12\/343\/192\/benjamin-netanyahu.jpg?ve=1&amp;tl=1, https:\/\/a57.foxnews.com\/static.foxnews.com\/foxnews.com\/content\/uploads\/2024\/12\/686\/384\/benjamin-netanyahu.jpg?ve=1&amp;tl=1 2x\" height=\"192\" width=\"343\"><source media=\"(min-width: 768px) and (max-width: 1023px)\" srcset=\"https:\/\/a57.foxnews.com\/static.foxnews.com\/foxnews.com\/content\/uploads\/2024\/12\/672\/378\/benjamin-netanyahu.jpg?ve=1&amp;tl=1, https:\/\/a57.foxnews.com\/static.foxnews.com\/foxnews.com\/content\/uploads\/2024\/12\/1344\/756\/benjamin-netanyahu.jpg?ve=1&amp;tl=1 2x\" height=\"378\" width=\"672\"><source media=\"(min-width: 1024px) and (max-width: 1279px)\" srcset=\"https:\/\/a57.foxnews.com\/static.foxnews.com\/foxnews.com\/content\/uploads\/2024\/12\/931\/523\/benjamin-netanyahu.jpg?ve=1&amp;tl=1, https:\/\/a57.foxnews.com\/static.foxnews.com\/foxnews.com\/content\/uploads\/2024\/12\/1862\/1046\/benjamin-netanyahu.jpg?ve=1&amp;tl=1 2x\" height=\"523\" width=\"931\"><source media=\"(min-width: 1280px)\" srcset=\"https:\/\/a57.foxnews.com\/static.foxnews.com\/foxnews.com\/content\/uploads\/2024\/12\/720\/405\/benjamin-netanyahu.jpg?ve=1&amp;tl=1, https:\/\/a57.foxnews.com\/static.foxnews.com\/foxnews.com\/content\/uploads\/2024\/12\/1440\/810\/benjamin-netanyahu.jpg?ve=1&amp;tl=1 2x\" height=\"405\" width=\"720\"><img loading=\"lazy\" decoding=\"async\" src=\"https:\/\/a57.foxnews.com\/static.foxnews.com\/foxnews.com\/content\/uploads\/2024\/12\/1200\/675\/benjamin-netanyahu.jpg?ve=1&amp;tl=1\" alt=\"Habla el primer ministro israel\u00ed Netanyahu\" width=\"1200\" height=\"675\"\/><\/source><\/source><\/source><\/source><\/picture><\/div>\n<div class=\"info\">\n<div class=\"caption\">\n<p><span>El primer ministro israel\u00ed, Benjamin Netanyahu, hace una declaraci\u00f3n televisada en Israel.<\/span> <span>(Oficina de Prensa del Gobierno de Israel v\u00eda AP)<\/span><\/p>\n<\/div>\n<\/div>\n<\/div>\n<p><strong><u>HAGA CLIC AQU\u00cd PARA OBTENER LA APLICACI\u00d3N FOX NEWS<\/u><\/strong><\/p>\n<p>Sin embargo, el mes pasado, el primer ministro israel\u00ed, Benjam\u00edn Netanyahu, confirm\u00f3 la <u>Las FDI hab\u00edan atacado y degradado<\/u> parte del programa nuclear de Ir\u00e1n durante un ataque de represalia a finales de octubre, pero advirti\u00f3 que no era suficiente para frustrar la capacidad de Teher\u00e1n de desarrollar un arma nuclear.<\/p>\n<p><i>Caitlin McFall de Fox News contribuy\u00f3 a este informe.<\/i><\/p>\n<p> <!----> <\/p>\n<div class=\"article-meta\">\n<div class=\"author-bio\">\n<p>Anders Hagstrom es reportero de Fox News Digital que cubre la pol\u00edtica nacional y las principales noticias de \u00faltima hora. Env\u00ede sugerencias a Anders.Hagstrom@Fox.com, o en Twitter: @Hagstrom_Anders.<\/p>\n<\/div>\n<\/div>\n<\/div>\n\n","protected":false},"excerpt":{"rendered":"<p>Israel dice que cerrar\u00e1 su embajada en Irlanda en las pr\u00f3ximas semanas por las \u00abpol\u00edticas extremas antiisrael\u00edes\u00bb del gobierno irland\u00e9s. El Ministro de Asuntos Exteriores israel\u00ed, Gideon Saar, hizo el anuncio el domingo despu\u00e9s de llamar al embajador de Israel en Irlanda desde Dubl\u00edn. Saar dice que el gobierno irland\u00e9s \u00abcruz\u00f3 todas las l\u00edneas rojas\u00bb &hellip;<\/p>\n","protected":false},"author":1,"featured_media":6588,"comment_status":"open","ping_status":"open","sticky":false,"template":"","format":"standard","meta":{"fifu_image_url":"https:\/\/static.foxnews.com\/foxnews.com\/content\/uploads\/2023\/11\/21791168-Israel-flag.jpg","fifu_image_alt":"","footnotes":""},"categories":[13],"tags":[],"class_list":["post-6586","post","type-post","status-publish","format-standard","has-post-thumbnail","","category-mundo"],"_links":{"self":[{"href":"https:\/\/noticiasveraces.com\/index.php?rest_route=\/wp\/v2\/posts\/6586","targetHints":{"allow":["GET"]}}],"collection":[{"href":"https:\/\/noticiasveraces.com\/index.php?rest_route=\/wp\/v2\/posts"}],"about":[{"href":"https:\/\/noticiasveraces.com\/index.php?rest_route=\/wp\/v2\/types\/post"}],"author":[{"embeddable":true,"href":"https:\/\/noticiasveraces.com\/index.php?rest_route=\/wp\/v2\/users\/1"}],"replies":[{"embeddable":true,"href":"https:\/\/noticiasveraces.com\/index.php?rest_route=%2Fwp%2Fv2%2Fcomments&post=6586"}],"version-history":[{"count":0,"href":"https:\/\/noticiasveraces.com\/index.php?rest_route=\/wp\/v2\/posts\/6586\/revisions"}],"wp:featuredmedia":[{"embeddable":true,"href":"https:\/\/noticiasveraces.com\/index.php?rest_route=\/wp\/v2\/media\/6588"}],"wp:attachment":[{"href":"https:\/\/noticiasveraces.com\/index.php?rest_route=%2Fwp%2Fv2%2Fmedia&parent=6586"}],"wp:term":[{"taxonomy":"category","embeddable":true,"href":"https:\/\/noticiasveraces.com\/index.php?rest_route=%2Fwp%2Fv2%2Fcategories&post=6586"},{"taxonomy":"post_tag","embeddable":true,"href":"https:\/\/noticiasveraces.com\/index.php?rest_route=%2Fwp%2Fv2%2Ftags&post=6586"}],"curies":[{"name":"wp","href":"https:\/\/api.w.org\/{rel}","templated":true}]}}