{"id":65022,"date":"2026-05-03T10:55:34","date_gmt":"2026-05-03T14:55:34","guid":{"rendered":"https:\/\/noticiasveraces.com\/?p=65022"},"modified":"2026-05-03T10:55:34","modified_gmt":"2026-05-03T14:55:34","slug":"la-otan-depende-del-poder-militar-de-estados-unidos-incluso-cuando-aumentan-las-preocupaciones-sobre-la-brecha-en-el-compromiso","status":"publish","type":"post","link":"https:\/\/noticiasveraces.com\/?p=65022","title":{"rendered":"La OTAN depende del poder militar de Estados Unidos incluso cuando aumentan las preocupaciones sobre la brecha en el compromiso"},"content":{"rendered":"<p> \n<\/p>\n<div>\n<div id=\"beyondwords-wrapper\" class=\"beyondwords-wrapper\">\n<p><span class=\"label-bg\">NUEVO<\/span>\u00a1Ahora puedes escuchar los art\u00edculos de Fox News!\n  <\/p>\n<\/div>\n<p class=\"speakable\"><i>Esta es la primera parte de una serie que examina los desaf\u00edos que enfrenta la alianza de la OTAN.<\/i><\/p>\n<p class=\"speakable\">A medida que el presidente Donald Trump aumenta la presi\u00f3n sobre los aliados de la OTAN para que aumenten el gasto en defensa (y ordena la retirada de 5.000 tropas estadounidenses de Alemania en los pr\u00f3ximos seis a 12 meses), una cuesti\u00f3n m\u00e1s profunda est\u00e1 saliendo a la luz: incluso cuando los presupuestos de los aliados aumentan, la OTAN todav\u00eda depende en gran medida del poder militar estadounidense para funcionar.<\/p>\n<p>El desequilibrio de la OTAN no es te\u00f3rico y no es nuevo, dijo el teniente general retirado Keith Kellogg a Fox News Digital: \u00abLe dije al presidente&#8230; tal vez deber\u00eda hablar sobre una relaci\u00f3n escalonada con la OTAN\u00bb, describi\u00f3 Kellogg las conversaciones con Trump en su primer mandato sobre el futuro de la alianza. \u00ab&#8230;Necesitamos desarrollar una nueva, a falta de un t\u00e9rmino mejor, una nueva OTAN, una nueva alineaci\u00f3n defensiva con Europa\u00bb.<\/p>\n<p>Kellogg, quien se desempe\u00f1\u00f3 como alto funcionario de seguridad nacional durante el primer mandato de Trump, dijo que la alianza se ha expandido pol\u00edticamente pero no militarmente, creando lo que \u00e9l considera una brecha creciente entre los compromisos y la capacidad real.<\/p>\n<p><strong>EL JEFE DE LA OTAN SE\u00d1ALA QUE LOS ALIADOS PUEDEN ACTUAR SOBRE HORMUZ, ADVIERTE SOBRE UNA &#39;CODEPENDENCIA NO SALUDABLE&#39; POR PARTE DE EE.UU.<\/strong><\/p>\n<div class=\"image-ct inline\">\n<div class=\"m\"><picture><source media=\"(max-width: 767px)\" srcset=\"https:\/\/a57.foxnews.com\/static.foxnews.com\/foxnews.com\/content\/uploads\/2026\/03\/343\/192\/trump-nato-leaders.jpg?ve=1&amp;tl=1, https:\/\/a57.foxnews.com\/static.foxnews.com\/foxnews.com\/content\/uploads\/2026\/03\/686\/384\/trump-nato-leaders.jpg?ve=1&amp;tl=1 2x\" height=\"192\" width=\"343\"><source media=\"(min-width: 768px) and (max-width: 1023px)\" srcset=\"https:\/\/a57.foxnews.com\/static.foxnews.com\/foxnews.com\/content\/uploads\/2026\/03\/672\/378\/trump-nato-leaders.jpg?ve=1&amp;tl=1, https:\/\/a57.foxnews.com\/static.foxnews.com\/foxnews.com\/content\/uploads\/2026\/03\/1344\/756\/trump-nato-leaders.jpg?ve=1&amp;tl=1 2x\" height=\"378\" width=\"672\"><source media=\"(min-width: 1024px) and (max-width: 1279px)\" srcset=\"https:\/\/a57.foxnews.com\/static.foxnews.com\/foxnews.com\/content\/uploads\/2026\/03\/931\/523\/trump-nato-leaders.jpg?ve=1&amp;tl=1, https:\/\/a57.foxnews.com\/static.foxnews.com\/foxnews.com\/content\/uploads\/2026\/03\/1862\/1046\/trump-nato-leaders.jpg?ve=1&amp;tl=1 2x\" height=\"523\" width=\"931\"><source media=\"(min-width: 1280px)\" srcset=\"https:\/\/a57.foxnews.com\/static.foxnews.com\/foxnews.com\/content\/uploads\/2026\/03\/720\/405\/trump-nato-leaders.jpg?ve=1&amp;tl=1, https:\/\/a57.foxnews.com\/static.foxnews.com\/foxnews.com\/content\/uploads\/2026\/03\/1440\/810\/trump-nato-leaders.jpg?ve=1&amp;tl=1 2x\" height=\"405\" width=\"720\"><img loading=\"lazy\" decoding=\"async\" src=\"https:\/\/a57.foxnews.com\/static.foxnews.com\/foxnews.com\/content\/uploads\/2026\/03\/1200\/675\/trump-nato-leaders.jpg?ve=1&amp;tl=1\" alt=\"El secretario general de la OTAN, Mark Rutte, el presidente estadounidense, Donald Trump, y el primer ministro brit\u00e1nico, Keir Starmer, posan con los l\u00edderes de la OTAN.\" width=\"1200\" height=\"675\"\/><\/source><\/source><\/source><\/source><\/picture><\/div>\n<div class=\"info\">\n<div class=\"caption\">\n<p><span>El secretario general de la OTAN, Mark Rutte, el presidente Donald Trump y el primer ministro brit\u00e1nico, Keir Starmer, posan durante la cumbre de Jefes de Estado y de Gobierno de la OTAN en La Haya, Pa\u00edses Bajos, el 25 de junio de 2025.<\/span> <span>(Ben Stansall\/Pool\/Reuters)<\/span><\/p>\n<\/div>\n<\/div>\n<\/div>\n<p>\u00abSe empez\u00f3 con 12, se pas\u00f3 a 32 y, en el proceso, creo que se diluy\u00f3 el impacto\u00bb, argument\u00f3, calificando a la OTAN actual como \u00abuna arquitectura muy inflada\u00bb.<\/p>\n<p>\u00abNo han invertido el dinero en defensa. Su industria de defensa y sus fuerzas de defensa se han atrofiado. Cuando miras a los brit\u00e1nicos en este momento, apenas pueden desplegar fuerzas: tienen dos portaaviones, ambos en mantenimiento. Sus brigadas son como una de cada seis que funcionan. Y solo miras la capacidad, simplemente no est\u00e1 ah\u00ed. As\u00ed que creo que debemos darnos cuenta de eso y decir, bueno, necesitamos algo diferente\u00bb, Kellogg, quien es el copresidente del Centro para la Seguridad Estadounidense en America First. Instituto de Pol\u00edtica Exterior, dijo a Fox News Digital.<\/p>\n<p>Pero no todos est\u00e1n de acuerdo en que la alianza est\u00e9 perdiendo relevancia.<\/p>\n<p>\u00abNunca ha sido m\u00e1s relevante\u00bb, dijo John R. Deni, profesor de investigaci\u00f3n en la Escuela de Guerra del Ej\u00e9rcito de Estados Unidos, quien dice que la OTAN sigue siendo fundamental para la seguridad nacional de Estados Unidos.<\/p>\n<p>\u00abLa raz\u00f3n es doble\u00bb, afirm\u00f3. \u00abPrimero, es nuestra ventaja comparativa frente a los chinos y los rusos&#8230; ellos no tienen nada parecido\u00bb.<\/p>\n<p>\u00abY la segunda raz\u00f3n&#8230; la OTAN garantiza la seguridad y la estabilidad de nuestra relaci\u00f3n comercial y de inversi\u00f3n m\u00e1s importante\u00bb, a\u00f1adi\u00f3, refiri\u00e9ndose a los v\u00ednculos econ\u00f3micos entre Am\u00e9rica del Norte y Europa.<\/p>\n<p><strong>LOS ALIADOS DE LA OTAN SE ENCUENTRAN DESPU\u00c9S DE QUE LOS JETS RUSOS INFRACRIBAN EL ESPACIO A\u00c9REO, PROBANDO LA RESOLUCI\u00d3N DE LA ALIANZA<\/strong><\/p>\n<div class=\"image-ct inline\">\n<div class=\"m\"><picture><source media=\"(max-width: 767px)\" srcset=\"https:\/\/a57.foxnews.com\/static.foxnews.com\/foxnews.com\/content\/uploads\/2025\/08\/343\/192\/nato-saceur-meeting-ukraine.jpg?ve=1&amp;tl=1, https:\/\/a57.foxnews.com\/static.foxnews.com\/foxnews.com\/content\/uploads\/2025\/08\/686\/384\/nato-saceur-meeting-ukraine.jpg?ve=1&amp;tl=1 2x\" height=\"192\" width=\"343\"><source media=\"(min-width: 768px) and (max-width: 1023px)\" srcset=\"https:\/\/a57.foxnews.com\/static.foxnews.com\/foxnews.com\/content\/uploads\/2025\/08\/672\/378\/nato-saceur-meeting-ukraine.jpg?ve=1&amp;tl=1, https:\/\/a57.foxnews.com\/static.foxnews.com\/foxnews.com\/content\/uploads\/2025\/08\/1344\/756\/nato-saceur-meeting-ukraine.jpg?ve=1&amp;tl=1 2x\" height=\"378\" width=\"672\"><source media=\"(min-width: 1024px) and (max-width: 1279px)\" srcset=\"https:\/\/a57.foxnews.com\/static.foxnews.com\/foxnews.com\/content\/uploads\/2025\/08\/931\/523\/nato-saceur-meeting-ukraine.jpg?ve=1&amp;tl=1, https:\/\/a57.foxnews.com\/static.foxnews.com\/foxnews.com\/content\/uploads\/2025\/08\/1862\/1046\/nato-saceur-meeting-ukraine.jpg?ve=1&amp;tl=1 2x\" height=\"523\" width=\"931\"><source media=\"(min-width: 1280px)\" srcset=\"https:\/\/a57.foxnews.com\/static.foxnews.com\/foxnews.com\/content\/uploads\/2025\/08\/720\/405\/nato-saceur-meeting-ukraine.jpg?ve=1&amp;tl=1, https:\/\/a57.foxnews.com\/static.foxnews.com\/foxnews.com\/content\/uploads\/2025\/08\/1440\/810\/nato-saceur-meeting-ukraine.jpg?ve=1&amp;tl=1 2x\" height=\"405\" width=\"720\"><img loading=\"lazy\" decoding=\"async\" src=\"https:\/\/a57.foxnews.com\/static.foxnews.com\/foxnews.com\/content\/uploads\/2025\/08\/1200\/675\/nato-saceur-meeting-ukraine.jpg?ve=1&amp;tl=1\" alt=\"Los Jefes de Defensa de la OTAN celebran una reuni\u00f3n h\u00edbrida con pantallas que muestran a los l\u00edderes aliados uni\u00e9ndose de forma remota\" width=\"1200\" height=\"675\"\/><\/source><\/source><\/source><\/source><\/picture><\/div>\n<div class=\"info\">\n<div class=\"caption\">\n<p><span>Los jefes de defensa de la OTAN celebran una reuni\u00f3n en Bruselas el 20 de agosto de 2025, con pantallas que muestran a l\u00edderes aliados uni\u00e9ndose de forma remota para discutir sobre Ucrania.<\/span> <span>(Noticias Fox)<\/span><\/p>\n<\/div>\n<\/div>\n<\/div>\n<h3><strong>Dependencia: \u00bfdise\u00f1o o debilidad?<\/strong><\/h3>\n<p>Alrededor de 2010, Estados Unidos representaba aproximadamente entre el 65 y el 70 por ciento del gasto en defensa de la OTAN, seg\u00fan un an\u00e1lisis proporcionado por Barak Seener de la Sociedad Henry Jackson, un grupo de expertos con sede en Londres.<\/p>\n<p>\u00abSiempre han dependido de Estados Unidos\u00bb, dijo Kellogg sobre los aliados europeos.<\/p>\n<p>\u00abEn general, los aliados dependen unos de otros para la disuasi\u00f3n y la defensa por dise\u00f1o\u00bb, dijo Deni, explicando que las alianzas existen para \u00abagrupar sus recursos\u00bb y \u00abagregar sus fortalezas individuales\u00bb.<\/p>\n<p>Deni se\u00f1al\u00f3 las fuerzas terrestres como un claro ejemplo de lo que Estados Unidos gana con la alianza, se\u00f1alando que \u00abhay muchas m\u00e1s fuerzas de infanter\u00eda mecanizada aliadas en el terreno que estadounidenses\u00bb.<\/p>\n<p>Aun as\u00ed, reconoci\u00f3 que en ocasiones la dependencia ha ido demasiado lejos.<\/p>\n<p>\u00abEn el pasado&#8230; era justo decir que los aliados europeos depend\u00edan demasiado de los estadounidenses para la defensa convencional\u00bb, dijo, se\u00f1alando la d\u00e9cada de 2000.<\/p>\n<p>Eso, dijo, se debi\u00f3 en parte a las prioridades estadounidenses, ya que Washington presion\u00f3 a los aliados europeos para que se concentraran en las guerras en Afganist\u00e1n e Irak en lugar de en la defensa territorial.<\/p>\n<div class=\"image-ct inline\">\n<div class=\"m\"><picture><source media=\"(max-width: 767px)\" srcset=\"https:\/\/a57.foxnews.com\/static.foxnews.com\/foxnews.com\/content\/uploads\/2025\/12\/343\/192\/nato-exercise-poland.jpg?ve=1&amp;tl=1, https:\/\/a57.foxnews.com\/static.foxnews.com\/foxnews.com\/content\/uploads\/2025\/12\/686\/384\/nato-exercise-poland.jpg?ve=1&amp;tl=1 2x\" height=\"192\" width=\"343\"><source media=\"(min-width: 768px) and (max-width: 1023px)\" srcset=\"https:\/\/a57.foxnews.com\/static.foxnews.com\/foxnews.com\/content\/uploads\/2025\/12\/672\/378\/nato-exercise-poland.jpg?ve=1&amp;tl=1, https:\/\/a57.foxnews.com\/static.foxnews.com\/foxnews.com\/content\/uploads\/2025\/12\/1344\/756\/nato-exercise-poland.jpg?ve=1&amp;tl=1 2x\" height=\"378\" width=\"672\"><source media=\"(min-width: 1024px) and (max-width: 1279px)\" srcset=\"https:\/\/a57.foxnews.com\/static.foxnews.com\/foxnews.com\/content\/uploads\/2025\/12\/931\/523\/nato-exercise-poland.jpg?ve=1&amp;tl=1, https:\/\/a57.foxnews.com\/static.foxnews.com\/foxnews.com\/content\/uploads\/2025\/12\/1862\/1046\/nato-exercise-poland.jpg?ve=1&amp;tl=1 2x\" height=\"523\" width=\"931\"><source media=\"(min-width: 1280px)\" srcset=\"https:\/\/a57.foxnews.com\/static.foxnews.com\/foxnews.com\/content\/uploads\/2025\/12\/720\/405\/nato-exercise-poland.jpg?ve=1&amp;tl=1, https:\/\/a57.foxnews.com\/static.foxnews.com\/foxnews.com\/content\/uploads\/2025\/12\/1440\/810\/nato-exercise-poland.jpg?ve=1&amp;tl=1 2x\" height=\"405\" width=\"720\"><img loading=\"lazy\" decoding=\"async\" src=\"https:\/\/a57.foxnews.com\/static.foxnews.com\/foxnews.com\/content\/uploads\/2025\/12\/1200\/675\/nato-exercise-poland.jpg?ve=1&amp;tl=1\" alt=\"Un soldado polaco sentado dentro de un tanque militar con una bandera de la OTAN visible al fondo.\" width=\"1200\" height=\"675\"\/><\/source><\/source><\/source><\/source><\/picture><\/div>\n<div class=\"info\">\n<div class=\"caption\">\n<p><span>Un soldado del ej\u00e9rcito polaco se sienta en un tanque mientras una bandera de la OTAN ondea detr\u00e1s durante los ejercicios de la OTAN Noble Jump VJTF el 18 de junio de 2015, en Zagan, Polonia.<\/span> <span>(Sean Gallup\/Getty Images)<\/span><\/p>\n<\/div>\n<\/div>\n<\/div>\n<p>Seener describe a la OTAN como \u00abformalmente colectiva, pero funcionalmente asim\u00e9trica\u00bb, en la que Estados Unidos proporciona una parte desproporcionada de \u00abcapacidades de alto nivel\u00bb.<\/p>\n<p>Esa asimetr\u00eda es m\u00e1s visible en la disuasi\u00f3n nuclear.<\/p>\n<p>Seener dijo que Estados Unidos proporciona la abrumadora mayor\u00eda del arsenal nuclear de la OTAN -incluidos misiles bal\u00edsticos intercontinentales, sistemas lanzados desde submarinos y bombarderos estrat\u00e9gicos-, lo que significa que la disuasi\u00f3n depende en \u00faltima instancia de la suposici\u00f3n de represalias de Estados Unidos.<\/p>\n<p>Un funcionario de la OTAN dijo a Fox News Digital que \u00abla disuasi\u00f3n nuclear de Estados Unidos no puede ser reemplazada, pero est\u00e1 claro que Europa necesita dar un paso al frente. No hay duda. Es necesario que haya un mejor equilibrio en lo que respecta a nuestra defensa y seguridad. Tanto porque vemos el papel vital que desempe\u00f1a Estados Unidos en todo el mundo y los recursos que exige, como porque es justo\u00bb.<\/p>\n<p>\u00abLa buena noticia\u00bb, a\u00f1adi\u00f3 el funcionario, \u00abes que los aliados est\u00e1n haciendo exactamente eso. Est\u00e1n dando un paso al frente, trabajando juntos (y con Estados Unidos) para garantizar que tengamos colectivamente lo que necesitamos para disuadir y defender a mil millones de personas que viven en toda la zona euroatl\u00e1ntica\u00bb.<\/p>\n<p><strong>LA OTAN LANZA UN IMPULSO DE SEGURIDAD EN EL \u00c1RTICO MIENTRAS TRUMP OBSERVA LA TOMA DE GROENLANDIA<\/strong><\/p>\n<div class=\"image-ct inline\">\n<div class=\"m\"><picture><source media=\"(max-width: 767px)\" srcset=\"https:\/\/a57.foxnews.com\/static.foxnews.com\/foxnews.com\/content\/uploads\/2025\/04\/343\/192\/gettyimages-2204759243-scaled.jpg?ve=1&amp;tl=1, https:\/\/a57.foxnews.com\/static.foxnews.com\/foxnews.com\/content\/uploads\/2025\/04\/686\/384\/gettyimages-2204759243-scaled.jpg?ve=1&amp;tl=1 2x\" height=\"192\" width=\"343\"><source media=\"(min-width: 768px) and (max-width: 1023px)\" srcset=\"https:\/\/a57.foxnews.com\/static.foxnews.com\/foxnews.com\/content\/uploads\/2025\/04\/672\/378\/gettyimages-2204759243-scaled.jpg?ve=1&amp;tl=1, https:\/\/a57.foxnews.com\/static.foxnews.com\/foxnews.com\/content\/uploads\/2025\/04\/1344\/756\/gettyimages-2204759243-scaled.jpg?ve=1&amp;tl=1 2x\" height=\"378\" width=\"672\"><source media=\"(min-width: 1024px) and (max-width: 1279px)\" srcset=\"https:\/\/a57.foxnews.com\/static.foxnews.com\/foxnews.com\/content\/uploads\/2025\/04\/931\/523\/gettyimages-2204759243-scaled.jpg?ve=1&amp;tl=1, https:\/\/a57.foxnews.com\/static.foxnews.com\/foxnews.com\/content\/uploads\/2025\/04\/1862\/1046\/gettyimages-2204759243-scaled.jpg?ve=1&amp;tl=1 2x\" height=\"523\" width=\"931\"><source media=\"(min-width: 1280px)\" srcset=\"https:\/\/a57.foxnews.com\/static.foxnews.com\/foxnews.com\/content\/uploads\/2025\/04\/720\/405\/gettyimages-2204759243-scaled.jpg?ve=1&amp;tl=1, https:\/\/a57.foxnews.com\/static.foxnews.com\/foxnews.com\/content\/uploads\/2025\/04\/1440\/810\/gettyimages-2204759243-scaled.jpg?ve=1&amp;tl=1 2x\" height=\"405\" width=\"720\"><img loading=\"lazy\" decoding=\"async\" src=\"https:\/\/a57.foxnews.com\/static.foxnews.com\/foxnews.com\/content\/uploads\/2025\/04\/1200\/675\/gettyimages-2204759243-scaled.jpg?ve=1&amp;tl=1\" alt=\"Helic\u00f3pteros Boeing CH-47 Chinook sobrevolando el veh\u00edculo de combate de infanter\u00eda Vilkas lituano cerca de Hohenfels Alemania\" width=\"1200\" height=\"675\"\/><\/source><\/source><\/source><\/source><\/picture><\/div>\n<div class=\"info\">\n<div class=\"caption\">\n<p><span>Helic\u00f3pteros Boeing CH-47 Chinook de la 12.a Brigada de Aviaci\u00f3n de Combate del Ej\u00e9rcito de EE. UU. sobrevuelan un veh\u00edculo de combate de infanter\u00eda lituano Vilkas durante el ejercicio militar Allied Spirit 25 cerca de Hohenfels, Alemania, el 12 de marzo de 2025.<\/span> <!----><\/p>\n<\/div>\n<\/div>\n<\/div>\n<h3><strong>Los sistemas que la OTAN no puede reemplazar<\/strong><\/h3>\n<p>M\u00e1s all\u00e1 de las armas nucleares, la dependencia atraviesa la columna vertebral operativa de la alianza.<\/p>\n<p>Seener se\u00f1al\u00f3 que la inteligencia, la vigilancia y el reconocimiento proporcionados por Estados Unidos, as\u00ed como los sistemas de log\u00edstica y comando, son esenciales para las operaciones de la OTAN.<\/p>\n<p>\u00abSin inteligencia y vigilancia de Estados Unidos, la OTAN pierde conciencia situacional y capacidades de alerta temprana\u00bb, dijo Seener, y agreg\u00f3: \u00abEso significa que Rusia, por ejemplo, puede atacar a Europa. Y, en teor\u00eda, si no existe la OTAN y Estados Unidos no est\u00e1 involucrado, Europa no se dar\u00eda cuenta o tardar\u00eda demasiado en poder defenderse\u00bb.<\/p>\n<p>Kellogg tambi\u00e9n dice que gran parte de la capacidad militar de Europa no alcanza a los sistemas de primer nivel.<\/p>\n<p>\u00abEn su mayor parte, su equipo, si tuvieras que calificarlo como A, B, C, D, E, F, son como jugadores B o C\u00bb, dijo. \u00abNo es la primera l\u00ednea de trabajo\u00bb.<\/p>\n<p>Se\u00f1al\u00f3 la defensa a\u00e9rea y antimisiles como una brecha clave, se\u00f1alando que si bien los pa\u00edses europeos dependen de sistemas fabricados en Estados Unidos como Patriot y THAAD, \u00abno tienen un sistema que sea comparable\u00bb.<\/p>\n<p>Kellogg atribuy\u00f3 esto a a\u00f1os de subinversi\u00f3n, diciendo que las industrias de defensa europeas \u00abse han atrofiado\u00bb, y agreg\u00f3 que Estados Unidos ahora tambi\u00e9n est\u00e1 \u00abreaprendiendo eso tambi\u00e9n\u00bb.<\/p>\n<p><strong>TRUMP AFIRMA QUE ESTADOS UNIDOS &#39;SIEMPRE ESTAREMOS ALL\u00cd PARA LA OTAN&#39;, MIENTRAS EXPRESA DUDAS SOBRE LA ALIANZA<\/strong><\/p>\n<div class=\"image-ct inline\">\n<div class=\"m\"><picture><source media=\"(max-width: 767px)\" srcset=\"https:\/\/a57.foxnews.com\/static.foxnews.com\/foxnews.com\/content\/uploads\/2024\/09\/343\/192\/2019-12-04T152916Z_424961309_RC2FOD9T45HD_RTRMADP_3_NATO-SUMMIT-scaled.jpg?ve=1&amp;tl=1, https:\/\/a57.foxnews.com\/static.foxnews.com\/foxnews.com\/content\/uploads\/2024\/09\/686\/384\/2019-12-04T152916Z_424961309_RC2FOD9T45HD_RTRMADP_3_NATO-SUMMIT-scaled.jpg?ve=1&amp;tl=1 2x\" height=\"192\" width=\"343\"><source media=\"(min-width: 768px) and (max-width: 1023px)\" srcset=\"https:\/\/a57.foxnews.com\/static.foxnews.com\/foxnews.com\/content\/uploads\/2024\/09\/672\/378\/2019-12-04T152916Z_424961309_RC2FOD9T45HD_RTRMADP_3_NATO-SUMMIT-scaled.jpg?ve=1&amp;tl=1, https:\/\/a57.foxnews.com\/static.foxnews.com\/foxnews.com\/content\/uploads\/2024\/09\/1344\/756\/2019-12-04T152916Z_424961309_RC2FOD9T45HD_RTRMADP_3_NATO-SUMMIT-scaled.jpg?ve=1&amp;tl=1 2x\" height=\"378\" width=\"672\"><source media=\"(min-width: 1024px) and (max-width: 1279px)\" srcset=\"https:\/\/a57.foxnews.com\/static.foxnews.com\/foxnews.com\/content\/uploads\/2024\/09\/931\/523\/2019-12-04T152916Z_424961309_RC2FOD9T45HD_RTRMADP_3_NATO-SUMMIT-scaled.jpg?ve=1&amp;tl=1, https:\/\/a57.foxnews.com\/static.foxnews.com\/foxnews.com\/content\/uploads\/2024\/09\/1862\/1046\/2019-12-04T152916Z_424961309_RC2FOD9T45HD_RTRMADP_3_NATO-SUMMIT-scaled.jpg?ve=1&amp;tl=1 2x\" height=\"523\" width=\"931\"><source media=\"(min-width: 1280px)\" srcset=\"https:\/\/a57.foxnews.com\/static.foxnews.com\/foxnews.com\/content\/uploads\/2024\/09\/720\/405\/2019-12-04T152916Z_424961309_RC2FOD9T45HD_RTRMADP_3_NATO-SUMMIT-scaled.jpg?ve=1&amp;tl=1, https:\/\/a57.foxnews.com\/static.foxnews.com\/foxnews.com\/content\/uploads\/2024\/09\/1440\/810\/2019-12-04T152916Z_424961309_RC2FOD9T45HD_RTRMADP_3_NATO-SUMMIT-scaled.jpg?ve=1&amp;tl=1 2x\" height=\"405\" width=\"720\"><img loading=\"lazy\" decoding=\"async\" src=\"https:\/\/a57.foxnews.com\/static.foxnews.com\/foxnews.com\/content\/uploads\/2024\/09\/1200\/675\/2019-12-04T152916Z_424961309_RC2FOD9T45HD_RTRMADP_3_NATO-SUMMIT-scaled.jpg?ve=1&amp;tl=1\" alt=\"El secretario general de la OTAN, Jens Stoltenberg, observa c\u00f3mo el presidente estadounidense Donald Trump y el presidente polaco Andrzej Duda hablan durante un almuerzo de trabajo.\" width=\"1200\" height=\"675\"\/><\/source><\/source><\/source><\/source><\/picture><\/div>\n<div class=\"info\">\n<div class=\"caption\">\n<p><span>El presidente Donald Trump y el presidente de Polonia, Andrzej Duda, conversan durante un almuerzo de trabajo en la cumbre de l\u00edderes de la OTAN en Watford, Gran Breta\u00f1a, el 4 de diciembre de 2019.<\/span> <span>(Kevin Lamarque\/Reuters)<\/span><\/p>\n<\/div>\n<\/div>\n<\/div>\n<p>Deni dijo que el panorama actual es m\u00e1s variado.<\/p>\n<p>\u00abEl gasto en defensa de la Alianza ha aumentado&#8230; y se ha disparado mucho m\u00e1s despu\u00e9s de 2022\u00bb, dijo, se\u00f1alando la invasi\u00f3n rusa de Crimea en 2014 como un punto de inflexi\u00f3n.<\/p>\n<p>Pero advirti\u00f3 que el aumento de capacidades lleva tiempo, y se\u00f1al\u00f3 que a\u00fan faltan a\u00f1os para que se implementen por completo muchas mejoras.<\/p>\n<p>Deni se\u00f1al\u00f3 las recientes compras europeas de sistemas estadounidenses como evidencia de una capacidad creciente, y se\u00f1al\u00f3 que pa\u00edses como Polonia, Rumania, Noruega y Dinamarca est\u00e1n adquiriendo el avi\u00f3n de combate F-35 de Estados Unidos.<\/p>\n<p>\u00abNo se puede construir un F-35 de la noche a la ma\u00f1ana\u00bb, dijo, a\u00f1adiendo que muchas de estas mejoras tardar\u00e1n a\u00f1os en materializarse por completo.<\/p>\n<p>Un funcionario de la OTAN dijo a Fox News Digital que la alianza \u00abnecesita avanzar m\u00e1s y m\u00e1s r\u00e1pido\u00bb para hacer frente a las crecientes amenazas, se\u00f1alando nuevos objetivos de capacidad acordados por los ministros de defensa en junio de 2025.<\/p>\n<div class=\"image-ct inline\">\n<div class=\"m\"><picture><source media=\"(max-width: 767px)\" srcset=\"https:\/\/a57.foxnews.com\/static.foxnews.com\/foxnews.com\/content\/uploads\/2026\/02\/343\/192\/keith-kellogg-ukraine-un-abstention.jpg?ve=1&amp;tl=1, https:\/\/a57.foxnews.com\/static.foxnews.com\/foxnews.com\/content\/uploads\/2026\/02\/686\/384\/keith-kellogg-ukraine-un-abstention.jpg?ve=1&amp;tl=1 2x\" height=\"192\" width=\"343\"><source media=\"(min-width: 768px) and (max-width: 1023px)\" srcset=\"https:\/\/a57.foxnews.com\/static.foxnews.com\/foxnews.com\/content\/uploads\/2026\/02\/672\/378\/keith-kellogg-ukraine-un-abstention.jpg?ve=1&amp;tl=1, https:\/\/a57.foxnews.com\/static.foxnews.com\/foxnews.com\/content\/uploads\/2026\/02\/1344\/756\/keith-kellogg-ukraine-un-abstention.jpg?ve=1&amp;tl=1 2x\" height=\"378\" width=\"672\"><source media=\"(min-width: 1024px) and (max-width: 1279px)\" srcset=\"https:\/\/a57.foxnews.com\/static.foxnews.com\/foxnews.com\/content\/uploads\/2026\/02\/931\/523\/keith-kellogg-ukraine-un-abstention.jpg?ve=1&amp;tl=1, https:\/\/a57.foxnews.com\/static.foxnews.com\/foxnews.com\/content\/uploads\/2026\/02\/1862\/1046\/keith-kellogg-ukraine-un-abstention.jpg?ve=1&amp;tl=1 2x\" height=\"523\" width=\"931\"><source media=\"(min-width: 1280px)\" srcset=\"https:\/\/a57.foxnews.com\/static.foxnews.com\/foxnews.com\/content\/uploads\/2026\/02\/720\/405\/keith-kellogg-ukraine-un-abstention.jpg?ve=1&amp;tl=1, https:\/\/a57.foxnews.com\/static.foxnews.com\/foxnews.com\/content\/uploads\/2026\/02\/1440\/810\/keith-kellogg-ukraine-un-abstention.jpg?ve=1&amp;tl=1 2x\" height=\"405\" width=\"720\"><img loading=\"lazy\" decoding=\"async\" src=\"https:\/\/a57.foxnews.com\/static.foxnews.com\/foxnews.com\/content\/uploads\/2026\/02\/1200\/675\/keith-kellogg-ukraine-un-abstention.jpg?ve=1&amp;tl=1\" alt=\"El teniente general retirado Keith Kellogg se dirige a los asistentes durante una conferencia de seguridad en Varsovia.\" width=\"1200\" height=\"675\"\/><\/source><\/source><\/source><\/source><\/picture><\/div>\n<div class=\"info\">\n<div class=\"caption\">\n<p><span>Keith Kellogg habla durante el Foro de Seguridad de Varsovia el 30 de septiembre de 2025 en Polonia.<\/span> <span>(Marek Antoni Iwanczuk\/NurPhoto v\u00eda Getty Images)<\/span><\/p>\n<\/div>\n<\/div>\n<\/div>\n<p>El funcionario dijo que las prioridades incluyen defensa a\u00e9rea y antimisiles, armas de largo alcance, log\u00edstica y grandes fuerzas terrestres, y se\u00f1al\u00f3 que si bien los detalles permanecen secretos, los planes exigen quintuplicar la defensa a\u00e9rea y antimisiles, \u00abmiles m\u00e1s\u00bb de veh\u00edculos blindados y tanques, y \u00abmillones m\u00e1s\u00bb de proyectiles de artiller\u00eda. La OTAN tambi\u00e9n pretende duplicar capacidades habilitadoras clave como la log\u00edstica, el transporte y el apoyo m\u00e9dico.<\/p>\n<p>El funcionario a\u00f1adi\u00f3 que los aliados est\u00e1n aumentando las inversiones en buques de guerra, aviones, drones, misiles de largo alcance, as\u00ed como capacidades espaciales y cibern\u00e9ticas, al tiempo que aumentan la preparaci\u00f3n y modernizan el mando y control.<\/p>\n<p>\u00abEstos objetivos ahora est\u00e1n incluidos en los planes nacionales\u00bb, dijo el funcionario, a\u00f1adiendo que los aliados deben demostrar c\u00f3mo los alcanzar\u00e1n mediante un gasto sostenido en defensa y el desarrollo de capacidades.<\/p>\n<p>El funcionario de la OTAN tambi\u00e9n se\u00f1al\u00f3 que los aliados europeos lideran fuerzas multinacionales en toda Europa central y oriental, mientras que Estados Unidos y Canad\u00e1 sirven como naciones marco en Polonia y Letonia, junto con las misiones de vigilancia a\u00e9rea en curso y la operaci\u00f3n KFOR de la OTAN en Kosovo.<\/p>\n<div class=\"image-ct inline\">\n<div class=\"m\"><picture><source media=\"(max-width: 767px)\" srcset=\"https:\/\/a57.foxnews.com\/static.foxnews.com\/foxnews.com\/content\/uploads\/2024\/03\/343\/192\/Nato-Drill.jpg?ve=1&amp;tl=1, https:\/\/a57.foxnews.com\/static.foxnews.com\/foxnews.com\/content\/uploads\/2024\/03\/686\/384\/Nato-Drill.jpg?ve=1&amp;tl=1 2x\" height=\"192\" width=\"343\"><source media=\"(min-width: 768px) and (max-width: 1023px)\" srcset=\"https:\/\/a57.foxnews.com\/static.foxnews.com\/foxnews.com\/content\/uploads\/2024\/03\/672\/378\/Nato-Drill.jpg?ve=1&amp;tl=1, https:\/\/a57.foxnews.com\/static.foxnews.com\/foxnews.com\/content\/uploads\/2024\/03\/1344\/756\/Nato-Drill.jpg?ve=1&amp;tl=1 2x\" height=\"378\" width=\"672\"><source media=\"(min-width: 1024px) and (max-width: 1279px)\" srcset=\"https:\/\/a57.foxnews.com\/static.foxnews.com\/foxnews.com\/content\/uploads\/2024\/03\/931\/523\/Nato-Drill.jpg?ve=1&amp;tl=1, https:\/\/a57.foxnews.com\/static.foxnews.com\/foxnews.com\/content\/uploads\/2024\/03\/1862\/1046\/Nato-Drill.jpg?ve=1&amp;tl=1 2x\" height=\"523\" width=\"931\"><source media=\"(min-width: 1280px)\" srcset=\"https:\/\/a57.foxnews.com\/static.foxnews.com\/foxnews.com\/content\/uploads\/2024\/03\/720\/405\/Nato-Drill.jpg?ve=1&amp;tl=1, https:\/\/a57.foxnews.com\/static.foxnews.com\/foxnews.com\/content\/uploads\/2024\/03\/1440\/810\/Nato-Drill.jpg?ve=1&amp;tl=1 2x\" height=\"405\" width=\"720\"><img loading=\"lazy\" decoding=\"async\" src=\"https:\/\/a57.foxnews.com\/static.foxnews.com\/foxnews.com\/content\/uploads\/2024\/03\/1200\/675\/Nato-Drill.jpg?ve=1&amp;tl=1\" alt=\"simulacro de la otan\" width=\"1200\" height=\"675\"\/><\/source><\/source><\/source><\/source><\/picture><\/div>\n<div class=\"info\">\n<div class=\"caption\">\n<p><span>Un avi\u00f3n de combate JAS 39 Gripen de la Fuerza A\u00e9rea Sueca despega desde el sur de Suecia el 2 de abril de 2011.<\/span> <span>(Foto AP\/Scanpix\/Patric Soderstrom, archivo)<\/span><\/p>\n<\/div>\n<\/div>\n<\/div>\n<h3><strong>\u00bfQu\u00e9 pasa si Estados Unidos se ve presionado?<\/strong><\/h3>\n<p>La advertencia de Kellogg es directa: la disuasi\u00f3n de la OTAN depende de la presencia estadounidense.<\/p>\n<p>\u00abDe quien siempre hay que preocuparse&#8230; es de Rusia\u00bb, dijo Kellogg, quien fue enviado especial de Trump para Ucrania y Rusia en 2025.<\/p>\n<p>Si las fuerzas estadounidenses est\u00e1n inmovilizadas en otros lugares, la OTAN podr\u00eda enfrentar serias tensiones, particularmente en \u00e1reas como inteligencia y log\u00edstica.<\/p>\n<p>Para Kellogg, el peligro es la demora. \u00abNo lo sabremos hasta que suceda\u00bb, dijo. \u00abY entonces no podr\u00e1s responder\u00bb.<\/p>\n<p>Deni, sin embargo, dijo que la alianza sigue siendo un activo estrat\u00e9gico, no un pasivo.<\/p>\n<p><strong>HAGA CLIC AQU\u00cd PARA DESCARGAR LA APLICACI\u00d3N FOX NEWS<\/strong><\/p>\n<div class=\"image-ct inline\">\n<div class=\"m\"><picture><source media=\"(max-width: 767px)\" srcset=\"https:\/\/a57.foxnews.com\/static.foxnews.com\/foxnews.com\/content\/uploads\/2025\/12\/343\/192\/nato-security.jpg?ve=1&amp;tl=1, https:\/\/a57.foxnews.com\/static.foxnews.com\/foxnews.com\/content\/uploads\/2025\/12\/686\/384\/nato-security.jpg?ve=1&amp;tl=1 2x\" height=\"192\" width=\"343\"><source media=\"(min-width: 768px) and (max-width: 1023px)\" srcset=\"https:\/\/a57.foxnews.com\/static.foxnews.com\/foxnews.com\/content\/uploads\/2025\/12\/672\/378\/nato-security.jpg?ve=1&amp;tl=1, https:\/\/a57.foxnews.com\/static.foxnews.com\/foxnews.com\/content\/uploads\/2025\/12\/1344\/756\/nato-security.jpg?ve=1&amp;tl=1 2x\" height=\"378\" width=\"672\"><source media=\"(min-width: 1024px) and (max-width: 1279px)\" srcset=\"https:\/\/a57.foxnews.com\/static.foxnews.com\/foxnews.com\/content\/uploads\/2025\/12\/931\/523\/nato-security.jpg?ve=1&amp;tl=1, https:\/\/a57.foxnews.com\/static.foxnews.com\/foxnews.com\/content\/uploads\/2025\/12\/1862\/1046\/nato-security.jpg?ve=1&amp;tl=1 2x\" height=\"523\" width=\"931\"><source media=\"(min-width: 1280px)\" srcset=\"https:\/\/a57.foxnews.com\/static.foxnews.com\/foxnews.com\/content\/uploads\/2025\/12\/720\/405\/nato-security.jpg?ve=1&amp;tl=1, https:\/\/a57.foxnews.com\/static.foxnews.com\/foxnews.com\/content\/uploads\/2025\/12\/1440\/810\/nato-security.jpg?ve=1&amp;tl=1 2x\" height=\"405\" width=\"720\"><img loading=\"lazy\" decoding=\"async\" src=\"https:\/\/a57.foxnews.com\/static.foxnews.com\/foxnews.com\/content\/uploads\/2025\/12\/1200\/675\/nato-security.jpg?ve=1&amp;tl=1\" alt=\"Fuerza militar de la OTAN monta guardia fuera del Foro Mundial en La Haya\" width=\"1200\" height=\"675\"\/><\/source><\/source><\/source><\/source><\/picture><\/div>\n<div class=\"info\">\n<div class=\"caption\">\n<p><span>Una fuerza militar de la OTAN hace guardia frente al Foro Mundial en La Haya antes de la cumbre de dos d\u00edas de la OTAN el 22 de junio de 2025.<\/span> <span>(Remko de Waal\/ANP\/AFP)<\/span><\/p>\n<\/div>\n<\/div>\n<\/div>\n<p>La cuesti\u00f3n, sugiere, no es si la OTAN todav\u00eda funciona. Se trata de si los aliados pueden adaptarse lo suficientemente r\u00e1pido como para que siga funcionando.<\/p>\n<p> <!----> <!----> <\/p>\n<div class=\"article-meta\">\n<div class=\"author-bio\">\n<p>Efrat Lachter es corresponsal extranjero de Fox News Digital que cubre asuntos internacionales y las Naciones Unidas. S\u00edguela en X @efratlachter. Las historias se pueden enviar a efrat.lachter@fox.com.<\/p>\n<\/div>\n<\/div>\n<\/div>\n\n","protected":false},"excerpt":{"rendered":"<p>NUEVO\u00a1Ahora puedes escuchar los art\u00edculos de Fox News! Esta es la primera parte de una serie que examina los desaf\u00edos que enfrenta la alianza de la OTAN. A medida que el presidente Donald Trump aumenta la presi\u00f3n sobre los aliados de la OTAN para que aumenten el gasto en defensa (y ordena la retirada de &hellip;<\/p>\n","protected":false},"author":1,"featured_media":65024,"comment_status":"open","ping_status":"open","sticky":false,"template":"","format":"standard","meta":{"fifu_image_url":"https:\/\/static.foxnews.com\/foxnews.com\/content\/uploads\/2026\/04\/nato-leadership.jpg","fifu_image_alt":"","footnotes":""},"categories":[13],"tags":[],"class_list":["post-65022","post","type-post","status-publish","format-standard","has-post-thumbnail","","category-mundo"],"_links":{"self":[{"href":"https:\/\/noticiasveraces.com\/index.php?rest_route=\/wp\/v2\/posts\/65022","targetHints":{"allow":["GET"]}}],"collection":[{"href":"https:\/\/noticiasveraces.com\/index.php?rest_route=\/wp\/v2\/posts"}],"about":[{"href":"https:\/\/noticiasveraces.com\/index.php?rest_route=\/wp\/v2\/types\/post"}],"author":[{"embeddable":true,"href":"https:\/\/noticiasveraces.com\/index.php?rest_route=\/wp\/v2\/users\/1"}],"replies":[{"embeddable":true,"href":"https:\/\/noticiasveraces.com\/index.php?rest_route=%2Fwp%2Fv2%2Fcomments&post=65022"}],"version-history":[{"count":0,"href":"https:\/\/noticiasveraces.com\/index.php?rest_route=\/wp\/v2\/posts\/65022\/revisions"}],"wp:featuredmedia":[{"embeddable":true,"href":"https:\/\/noticiasveraces.com\/index.php?rest_route=\/wp\/v2\/media\/65024"}],"wp:attachment":[{"href":"https:\/\/noticiasveraces.com\/index.php?rest_route=%2Fwp%2Fv2%2Fmedia&parent=65022"}],"wp:term":[{"taxonomy":"category","embeddable":true,"href":"https:\/\/noticiasveraces.com\/index.php?rest_route=%2Fwp%2Fv2%2Fcategories&post=65022"},{"taxonomy":"post_tag","embeddable":true,"href":"https:\/\/noticiasveraces.com\/index.php?rest_route=%2Fwp%2Fv2%2Ftags&post=65022"}],"curies":[{"name":"wp","href":"https:\/\/api.w.org\/{rel}","templated":true}]}}