{"id":65007,"date":"2026-05-03T09:10:43","date_gmt":"2026-05-03T13:10:43","guid":{"rendered":"https:\/\/noticiasveraces.com\/?p=65007"},"modified":"2026-05-03T09:10:43","modified_gmt":"2026-05-03T13:10:43","slug":"fernando-alonso-senala-la-fecha-en-la-que-aston-martin-resucitara","status":"publish","type":"post","link":"https:\/\/noticiasveraces.com\/?p=65007","title":{"rendered":"Fernando Alonso se\u00f1ala la fecha en la que Aston Martin &#8216;resucitar\u00e1&#8217;"},"content":{"rendered":"<p> \n<\/p>\n<div id=\"intext\">\n<p>A pesar de lo que Fernando <b>exprime las pocas opciones<\/b> de Aston Martin cada vez que se sube a los mandos del monoplaza brit\u00e1nico, tanto a \u00e9l como a la escuder\u00eda le espera una larga traves\u00eda por el desierto. Otra m\u00e1s&#8230; Y es que el asturiano confirm\u00f3 a AS que las mejoras reales llegar\u00e1n despu\u00e9s de verano.<\/p>\n<h2 class=\"title-h2\">Alonso, el mejor de los dos peores equipos<\/h2>\n<p>En la <b>sprint de Miami Fernando super\u00f3 a los Cadillac de Bottas y Checo<\/b> en carrera -este \u00faltimo con un gran adelantamiento en la \u00faltima curva- adem\u00e1s de a su compa\u00f1ero Stroll, a Albon (fue a boxes por problemas) y termin\u00f3 por delante de Hulkenberg y Lindblad, que directamente no tomaron la salida. Del 21\u00ba al 16\u00ba. La clasificaci\u00f3n para la carrera fue m\u00e1s de lo mismo, finaliz\u00f3 18\u00ba por delante de los Cadillac y de Stroll, pero lo m\u00e1s preocupante es que el 17\u00ba (Lindblad) marc\u00f3 un tiempo<b> un segundo m\u00e1s r\u00e1pido<\/b>&#8230;<\/p>\n<h2 class=\"title-h2\">\u00ab\u00bfLas primeras mejoras? Despu\u00e9s del verano&#8230;\u00bb<\/h2>\n<p>Tras la sesi\u00f3n del s\u00e1bado, el piloto de 44 a\u00f1os adelant\u00f3 a AS la fecha en la que Aston Martin puede dar el primer gran salto de calidad de la temporada: \u00ab<b>Despu\u00e9s del verano<\/b>&#8230; Eso espero, pero <b>no antes de la carrera 14<\/b>\u00ab, dijo el dos veces campe\u00f3n de F1 refiri\u00e9ndose a las opciones de entrar en Q2.<\/p>\n<blockquote class=\"blockquote \">\n<p class=\"blockquote__quote\">\u00abEl 17\u00ba est\u00e1 a un segundo, seguimos demasiado lejos&#8230; Aunque hemos resuelto las vibraciones y la fiabilidad&#8230;\u00bb<\/p>\n<\/blockquote>\n<p>Alonso reconoci\u00f3 que las mejoras ahora apenas se ver\u00e1n reflejadas en prestaciones, y menos en posiciones ganadas: \u00abNo tiene sentido traer dos, tres o cuatro d\u00e9cimas al circuito porque no lo vamos a transformar en buenos resultados,<b> nos falta un segundo<\/b> con respecto al coche de delante&#8230; El 17\u00ba est\u00e1 un segundo delante as\u00ed que <b>seguimos bastante lejos<\/b>. La fiabilidad y las vibraciones han mejorado mucho y eso es lo m\u00e1s positivo del fin de semana, todo el trabajo con las vibraciones. Hemos resuelto esa tarea porque el coche se comporta normal ahora. No habr\u00e1 problemas ni preocupaciones para terminar la carrera\u00bb, explic\u00f3 el espa\u00f1ol.<\/p>\n<p>La hoja de resultados en este 2026 es desalentadora: abandono en Australia y China y 18\u00ba en Jap\u00f3n, adem\u00e1s de clasificar 17, 18 y 21 respectivamente.<\/p>\n<p><i>S\u00edguenos en nuestro <\/i><i><strong>canal de WhatsApp<\/strong><\/i><i>  y no te pierdas la \u00faltima hora y toda la actualidad en nuestro <\/i><i><strong>perfil de Google<\/strong><\/i><strong>.<\/strong><\/p>\n<div class=\"recirculation-video\" data-mod=\"a3mod_recirculation_video\">\n<div class=\"recirculation-video-wrapper\">\n<div>\n<div class=\"video-wrapper\"><picture class=\"video-main-picture\"><source media=\"(min-width: 481px)\" srcset=\"https:\/\/fotografias.antena3.com\/clipping\/cmsimages02\/2026\/05\/01\/FBFE91A1-F585-448C-93C1-D78169319BF3\/bandera-palestina-vida-pirata-historica-victoria-estrasburgo-hace-sonar-rayo_94.jpg?crop=640,360,x0,y522&amp;width=800&amp;height=450&amp;optimize=medium&amp;format=webply\" width=\"800\" height=\"450\"><source media=\"(min-width: 391px) and (max-width: 480px)\" srcset=\"https:\/\/fotografias.antena3.com\/clipping\/cmsimages02\/2026\/05\/01\/FBFE91A1-F585-448C-93C1-D78169319BF3\/bandera-palestina-vida-pirata-historica-victoria-estrasburgo-hace-sonar-rayo_70.jpg?crop=640,360,x0,y522&amp;width=480&amp;height=270&amp;optimize=high&amp;format=webply\" width=\"480\" height=\"270\"><source media=\"(min-width: 321px) and (max-width: 390px)\" srcset=\"https:\/\/fotografias.antena3.com\/clipping\/cmsimages02\/2026\/05\/01\/FBFE91A1-F585-448C-93C1-D78169319BF3\/bandera-palestina-vida-pirata-historica-victoria-estrasburgo-hace-sonar-rayo_92.jpg?crop=640,359,x0,y522&amp;width=390&amp;height=219&amp;optimize=high&amp;format=webply\" width=\"390\" height=\"219\"><source media=\"(max-width: 320px)\" srcset=\"https:\/\/fotografias.antena3.com\/clipping\/cmsimages02\/2026\/05\/01\/FBFE91A1-F585-448C-93C1-D78169319BF3\/bandera-palestina-vida-pirata-historica-victoria-estrasburgo-hace-sonar-rayo_52.jpg?crop=640,360,x0,y522&amp;width=320&amp;height=180&amp;optimize=high&amp;format=webply\" width=\"320\" height=\"180\"><img decoding=\"async\" title=\"La bandera de Palestina y una 'vida pirata' hist\u00f3rica: la victoria ante el Estrasburgo hace so\u00f1ar al Rayo\" alt=\"La bandera de Palestina y una 'vida pirata' hist\u00f3rica: la victoria ante el Estrasburgo hace so\u00f1ar al Rayo\" width=\"480\" height=\"270\" src=\"https:\/\/fotografias.antena3.com\/clipping\/cmsimages02\/2026\/05\/01\/FBFE91A1-F585-448C-93C1-D78169319BF3\/bandera-palestina-vida-pirata-historica-victoria-estrasburgo-hace-sonar-rayo_70.jpg?crop=640,360,x0,y522&amp;width=480&amp;height=270&amp;optimize=high&amp;format=webply\" loading=\"lazy\" class=\"lazy\"\/><\/source><\/source><\/source><\/source><\/picture><\/div>\n<\/div>\n<\/div>\n<\/div>\n<\/div>\n\n","protected":false},"excerpt":{"rendered":"<p>A pesar de lo que Fernando exprime las pocas opciones de Aston Martin cada vez que se sube a los mandos del monoplaza brit\u00e1nico, tanto a \u00e9l como a la escuder\u00eda le espera una larga traves\u00eda por el desierto. Otra m\u00e1s&#8230; Y es que el asturiano confirm\u00f3 a AS que las mejoras reales llegar\u00e1n despu\u00e9s &hellip;<\/p>\n","protected":false},"author":1,"featured_media":65009,"comment_status":"open","ping_status":"open","sticky":false,"template":"","format":"standard","meta":{"fifu_image_url":"https:\/\/fotografias.antena3.com\/clipping\/cmsimages01\/2026\/05\/03\/36F98C13-A7DF-409D-BE2C-481F7E914223\/fernando-alonso-miami-2026_69.jpg?crop=4580,2576,x0,y0&width=1280&height=720&optimize=low&format=jpg","fifu_image_alt":"","footnotes":""},"categories":[6],"tags":[],"class_list":["post-65007","post","type-post","status-publish","format-standard","has-post-thumbnail","","category-deportes"],"_links":{"self":[{"href":"https:\/\/noticiasveraces.com\/index.php?rest_route=\/wp\/v2\/posts\/65007","targetHints":{"allow":["GET"]}}],"collection":[{"href":"https:\/\/noticiasveraces.com\/index.php?rest_route=\/wp\/v2\/posts"}],"about":[{"href":"https:\/\/noticiasveraces.com\/index.php?rest_route=\/wp\/v2\/types\/post"}],"author":[{"embeddable":true,"href":"https:\/\/noticiasveraces.com\/index.php?rest_route=\/wp\/v2\/users\/1"}],"replies":[{"embeddable":true,"href":"https:\/\/noticiasveraces.com\/index.php?rest_route=%2Fwp%2Fv2%2Fcomments&post=65007"}],"version-history":[{"count":0,"href":"https:\/\/noticiasveraces.com\/index.php?rest_route=\/wp\/v2\/posts\/65007\/revisions"}],"wp:featuredmedia":[{"embeddable":true,"href":"https:\/\/noticiasveraces.com\/index.php?rest_route=\/wp\/v2\/media\/65009"}],"wp:attachment":[{"href":"https:\/\/noticiasveraces.com\/index.php?rest_route=%2Fwp%2Fv2%2Fmedia&parent=65007"}],"wp:term":[{"taxonomy":"category","embeddable":true,"href":"https:\/\/noticiasveraces.com\/index.php?rest_route=%2Fwp%2Fv2%2Fcategories&post=65007"},{"taxonomy":"post_tag","embeddable":true,"href":"https:\/\/noticiasveraces.com\/index.php?rest_route=%2Fwp%2Fv2%2Ftags&post=65007"}],"curies":[{"name":"wp","href":"https:\/\/api.w.org\/{rel}","templated":true}]}}