{"id":64995,"date":"2026-05-03T06:50:53","date_gmt":"2026-05-03T10:50:53","guid":{"rendered":"https:\/\/noticiasveraces.com\/?p=64995"},"modified":"2026-05-03T06:50:53","modified_gmt":"2026-05-03T10:50:53","slug":"maria-corina-machado-realiza-convocatoria-mundial-por-libertad-de-presos-politicos-correo-del-caroni","status":"publish","type":"post","link":"https:\/\/noticiasveraces.com\/?p=64995","title":{"rendered":"Mar\u00eda Corina Machado realiza convocatoria mundial por libertad de presos pol\u00edticos \u2013 Correo del Caron\u00ed"},"content":{"rendered":"<p> \n<\/p>\n<div data-id=\"494a3404\" data-element_type=\"widget\" data-e-type=\"widget\" id=\"texto\" data-widget_type=\"theme-post-content.default\">\n<div class=\"elementor-widget-container\">\n<p>La l\u00edder opositora y Premio Nobel de la Paz 2025, Mar\u00eda Corina Machado, convoc\u00f3 para este domingo una concentraci\u00f3n en m\u00e1s de 120 ciudades del mundo en apoyo a los presos pol\u00edticos en Venezuela.<\/p>\n<p>\u201cQuiero invitarlos a todos, a todos los venezolanos que estamos alrededor del mundo, para encontrarnos este domingo 3 de mayo a las 12:00 del mediod\u00eda, hora Caracas, en m\u00e1s de 120 ciudades en distintas partes del mundo para levantar nuestra voz por todos los presos y perseguidos que existen en Venezuela\u201d, expres\u00f3 en un video publicado en sus redes sociales.<\/p>\n<p>Asegur\u00f3 que, tanto los detenidos como sus familiares, necesitan de la voz de los ciudadanos para que sus exigencias de libertad sean o\u00eddas en todo el mundo.<\/p>\n<p>\u201cPor eso alzaremos nuestra voz para que el mundo entero escuche el clamor por la libertad, por la justicia, por la democracia, que hoy elevamos desde Venezuela\u201d.<\/p>\n<p>El Comando Con Venezuela, equipo de organizaci\u00f3n de Machado, fij\u00f3 m\u00e1s de 20 puntos de concentraci\u00f3n en varias ciudades venezolanas.<\/p>\n<p>En Caracas, uno de ellos ser\u00e1 la sede del Servicio Bolivariano de Inteligencia Nacional (Sebin), conocida como El Helicoide. Adem\u00e1s hay 12 convocatorias en Espa\u00f1a en lugares de Madrid, Tenerife, Valencia y Barcelona.<\/p>\n<p>Tambi\u00e9n se incluyen pa\u00edses como Italia, Portugal, B\u00e9lgica, Pa\u00edses Bajos, Francia, as\u00ed como Estados Unidos, Canad\u00e1, Brasil, Argentina, Chile, Panam\u00e1, Ecuador, Uruguay, Colombia, Per\u00fa y otros.<\/p>\n<p>La ONG Foro Penal registr\u00f3 el jueves 454 presos pol\u00edticos en Venezuela, entre ellos 41 extranjeros o ciudadanos con doble nacionalidad, casi dos meses despu\u00e9s de que la Asamblea Nacional aprobara una ley de amnist\u00eda para casos relacionados con episodios de crisis entre 2002 y 2025.<\/p>\n<p>La organizaci\u00f3n que lidera la defensa legal de los presos pol\u00edticos detall\u00f3 que 410 de los detenidos son hombres y 44 mujeres. Agreg\u00f3 que solo 164 est\u00e1n condenados, mientras que 290 permanecen detenidos sin una condena.<\/p>\n<p>Sus registros indican adem\u00e1s que 186 casos son militares y tambi\u00e9n reportan un adolescente bajo detenci\u00f3n.<\/p>\n<p>El reporte de este jueves contabiliza 19 casos menos que el informe anterior de la ONG, publicado el 21 de abril y que apuntaba a un total de 473 casos de presos pol\u00edticos en el pa\u00eds.<\/p>\n<\/p><\/div>\n<\/p><\/div>\n\n","protected":false},"excerpt":{"rendered":"<p>La l\u00edder opositora y Premio Nobel de la Paz 2025, Mar\u00eda Corina Machado, convoc\u00f3 para este domingo una concentraci\u00f3n en m\u00e1s de 120 ciudades del mundo en apoyo a los presos pol\u00edticos en Venezuela. \u201cQuiero invitarlos a todos, a todos los venezolanos que estamos alrededor del mundo, para encontrarnos este domingo 3 de mayo a &hellip;<\/p>\n","protected":false},"author":1,"featured_media":64996,"comment_status":"open","ping_status":"open","sticky":false,"template":"","format":"standard","meta":{"fifu_image_url":"https:\/\/correodelcaroni.com\/wp-content\/uploads\/2026\/05\/MCM_Convocatoria_PP.jpg","fifu_image_alt":"","footnotes":""},"categories":[13],"tags":[],"class_list":["post-64995","post","type-post","status-publish","format-standard","has-post-thumbnail","","category-mundo"],"_links":{"self":[{"href":"https:\/\/noticiasveraces.com\/index.php?rest_route=\/wp\/v2\/posts\/64995","targetHints":{"allow":["GET"]}}],"collection":[{"href":"https:\/\/noticiasveraces.com\/index.php?rest_route=\/wp\/v2\/posts"}],"about":[{"href":"https:\/\/noticiasveraces.com\/index.php?rest_route=\/wp\/v2\/types\/post"}],"author":[{"embeddable":true,"href":"https:\/\/noticiasveraces.com\/index.php?rest_route=\/wp\/v2\/users\/1"}],"replies":[{"embeddable":true,"href":"https:\/\/noticiasveraces.com\/index.php?rest_route=%2Fwp%2Fv2%2Fcomments&post=64995"}],"version-history":[{"count":0,"href":"https:\/\/noticiasveraces.com\/index.php?rest_route=\/wp\/v2\/posts\/64995\/revisions"}],"wp:featuredmedia":[{"embeddable":true,"href":"https:\/\/noticiasveraces.com\/index.php?rest_route=\/wp\/v2\/media\/64996"}],"wp:attachment":[{"href":"https:\/\/noticiasveraces.com\/index.php?rest_route=%2Fwp%2Fv2%2Fmedia&parent=64995"}],"wp:term":[{"taxonomy":"category","embeddable":true,"href":"https:\/\/noticiasveraces.com\/index.php?rest_route=%2Fwp%2Fv2%2Fcategories&post=64995"},{"taxonomy":"post_tag","embeddable":true,"href":"https:\/\/noticiasveraces.com\/index.php?rest_route=%2Fwp%2Fv2%2Ftags&post=64995"}],"curies":[{"name":"wp","href":"https:\/\/api.w.org\/{rel}","templated":true}]}}