{"id":64991,"date":"2026-05-03T05:49:47","date_gmt":"2026-05-03T09:49:47","guid":{"rendered":"https:\/\/noticiasveraces.com\/?p=64991"},"modified":"2026-05-03T05:49:47","modified_gmt":"2026-05-03T09:49:47","slug":"shakira-enciende-copacabana-con-la-fuerte-en-la-apertura-de-su-concierto-albertonews","status":"publish","type":"post","link":"https:\/\/noticiasveraces.com\/?p=64991","title":{"rendered":"Shakira enciende Copacabana con &#8216;La fuerte&#8217; en la apertura de su concierto &#8211; AlbertoNews"},"content":{"rendered":"<p> \n<\/p>\n<div>\n<p>Shakira, la primera artista latina en ofrecer un megaconcierto gratuito en la playa de Copacabana en R\u00edo de Janeiro, abri\u00f3 su presentaci\u00f3n con \u2018La fuerte\u2019, canci\u00f3n con la que comenz\u00f3 las presentaciones de su m\u00e1s reciente gira \u2018Las mujeres ya no lloran\u2019, y con la que la colombiana reiter\u00f3 que, pese al dolor, hay que sobreponerse a las heridas y seguir bailando.<\/p>\n<p>La reina del pop latino fue ovacionada al un\u00edsono por cientos de miles de fan\u00e1ticos cuando apareci\u00f3 sobre un palco de 1.500 metros cuadrados, el m\u00e1s grande levantado para este tipo de shows, luego de un gran espect\u00e1culo de drones.<\/p>\n<figure id=\"attachment_1290796\" aria-describedby=\"caption-attachment-1290796\" style=\"width: 1920px\" class=\"wp-caption alignnone\"><img fetchpriority=\"high\" decoding=\"async\" class=\"wp-image-1290796 size-full\" src=\"https:\/\/cdn.albertonews.com\/wp-content\/uploads\/2026\/05\/7291e86f24dc4ecc39c51c6a6f0db4c245dab9bfw.jpg\" alt=\"\" width=\"1920\" height=\"1280\" srcset=\"https:\/\/cdn.albertonews.com\/wp-content\/uploads\/2026\/05\/7291e86f24dc4ecc39c51c6a6f0db4c245dab9bfw.jpg 1920w, https:\/\/cdn.albertonews.com\/wp-content\/uploads\/2026\/05\/7291e86f24dc4ecc39c51c6a6f0db4c245dab9bfw-300x200.jpg 300w, https:\/\/cdn.albertonews.com\/wp-content\/uploads\/2026\/05\/7291e86f24dc4ecc39c51c6a6f0db4c245dab9bfw-1024x683.jpg 1024w, https:\/\/cdn.albertonews.com\/wp-content\/uploads\/2026\/05\/7291e86f24dc4ecc39c51c6a6f0db4c245dab9bfw-768x512.jpg 768w, https:\/\/cdn.albertonews.com\/wp-content\/uploads\/2026\/05\/7291e86f24dc4ecc39c51c6a6f0db4c245dab9bfw-1536x1024.jpg 1536w, https:\/\/cdn.albertonews.com\/wp-content\/uploads\/2026\/05\/7291e86f24dc4ecc39c51c6a6f0db4c245dab9bfw-750x500.jpg 750w, https:\/\/cdn.albertonews.com\/wp-content\/uploads\/2026\/05\/7291e86f24dc4ecc39c51c6a6f0db4c245dab9bfw-1140x760.jpg 1140w\" sizes=\"(max-width: 1920px) 100vw, 1920px\"\/><figcaption id=\"caption-attachment-1290796\" class=\"wp-caption-text\">AME8897. R\u00cdO DE JANEIRO (BRASIL), 02\/05\/2026.- La cantante colombiana Shakira se presenta durante un concierto este s\u00e1bado, en la playa de Copacabana en R\u00edo de Janeiro (Brasil). EFE\/ Andre Coelho<\/figcaption><\/figure>\n<p>Los teledirigidos formaron en el cielo la imagen de una loba -s\u00edmbolo de la mujer empoderada que la artista ha proyectado en su gira- para luego dar forma a una silueta de su rostro y terminar con un \u2018Te amo R\u00edo\u2019, antes de entonar sus canciones.<\/p>\n<p>Vestida de pies a cabeza con un brillante traje con los colores de la bandera de Brasil, Shakira se desplaz\u00f3 por una extensa pasarela, salud\u00f3 de cerca a su p\u00fablico para luego entonar el tema.<\/p>\n<p>La emoci\u00f3n de los admiradores, muchos de ellos postrados cerca de la tarima desde las primeras horas del d\u00eda, se reflej\u00f3 en gritos, llanto y euforia desbordada al ver tan pr\u00f3xima a su diva, pese a que arranc\u00f3 su presentaci\u00f3n m\u00e1s de una hora despu\u00e9s de lo programado.<\/p>\n<figure id=\"attachment_1290797\" aria-describedby=\"caption-attachment-1290797\" style=\"width: 1920px\" class=\"wp-caption alignnone\"><img loading=\"lazy\" decoding=\"async\" class=\"wp-image-1290797 size-full\" src=\"https:\/\/cdn.albertonews.com\/wp-content\/uploads\/2026\/05\/3767f5596817cdc7f15a778646c68dc2c38066d8w.jpg\" alt=\"\" width=\"1920\" height=\"1280\" srcset=\"https:\/\/cdn.albertonews.com\/wp-content\/uploads\/2026\/05\/3767f5596817cdc7f15a778646c68dc2c38066d8w.jpg 1920w, https:\/\/cdn.albertonews.com\/wp-content\/uploads\/2026\/05\/3767f5596817cdc7f15a778646c68dc2c38066d8w-300x200.jpg 300w, https:\/\/cdn.albertonews.com\/wp-content\/uploads\/2026\/05\/3767f5596817cdc7f15a778646c68dc2c38066d8w-1024x683.jpg 1024w, https:\/\/cdn.albertonews.com\/wp-content\/uploads\/2026\/05\/3767f5596817cdc7f15a778646c68dc2c38066d8w-768x512.jpg 768w, https:\/\/cdn.albertonews.com\/wp-content\/uploads\/2026\/05\/3767f5596817cdc7f15a778646c68dc2c38066d8w-1536x1024.jpg 1536w, https:\/\/cdn.albertonews.com\/wp-content\/uploads\/2026\/05\/3767f5596817cdc7f15a778646c68dc2c38066d8w-750x500.jpg 750w, https:\/\/cdn.albertonews.com\/wp-content\/uploads\/2026\/05\/3767f5596817cdc7f15a778646c68dc2c38066d8w-1140x760.jpg 1140w\" sizes=\"auto, (max-width: 1920px) 100vw, 1920px\"\/><figcaption id=\"caption-attachment-1290797\" class=\"wp-caption-text\">AME8897. R\u00cdO DE JANEIRO (BRASIL), 02\/05\/2026.- La cantante colombiana Shakira se presenta durante un concierto este s\u00e1bado, en la playa de Copacabana en R\u00edo de Janeiro (Brasil). EFE\/ Andre Coelho<\/figcaption><\/figure>\n<p>Los asistentes estaban impacientes a la espera de la baranquillera, tras el animado pre\u00e1mbulo que hicieron Vintaje Culture y DJ Maz, que calentaron los motores en la m\u00edtica playa desde el final de la tarde con sus mezclas electr\u00f3nicas antes del show principal.<\/p>\n<p>La ganadora de cuatro Grammys y quince Grammys Latino ofrecer\u00e1 durante las pr\u00f3ximas dos horas un repertorio repleto de \u00e9xitos que marcaron diferentes fases se su carrera y que har\u00e1n las delicias de varias generaciones en la capital carioca.<\/p>\n<figure id=\"attachment_1290798\" aria-describedby=\"caption-attachment-1290798\" style=\"width: 1920px\" class=\"wp-caption alignnone\"><img loading=\"lazy\" decoding=\"async\" class=\"wp-image-1290798 size-full\" src=\"https:\/\/cdn.albertonews.com\/wp-content\/uploads\/2026\/05\/1cc62a318b27e9f4d138805901d60874326557d4w.jpg\" alt=\"\" width=\"1920\" height=\"1280\" srcset=\"https:\/\/cdn.albertonews.com\/wp-content\/uploads\/2026\/05\/1cc62a318b27e9f4d138805901d60874326557d4w.jpg 1920w, https:\/\/cdn.albertonews.com\/wp-content\/uploads\/2026\/05\/1cc62a318b27e9f4d138805901d60874326557d4w-300x200.jpg 300w, https:\/\/cdn.albertonews.com\/wp-content\/uploads\/2026\/05\/1cc62a318b27e9f4d138805901d60874326557d4w-1024x683.jpg 1024w, https:\/\/cdn.albertonews.com\/wp-content\/uploads\/2026\/05\/1cc62a318b27e9f4d138805901d60874326557d4w-768x512.jpg 768w, https:\/\/cdn.albertonews.com\/wp-content\/uploads\/2026\/05\/1cc62a318b27e9f4d138805901d60874326557d4w-1536x1024.jpg 1536w, https:\/\/cdn.albertonews.com\/wp-content\/uploads\/2026\/05\/1cc62a318b27e9f4d138805901d60874326557d4w-750x500.jpg 750w, https:\/\/cdn.albertonews.com\/wp-content\/uploads\/2026\/05\/1cc62a318b27e9f4d138805901d60874326557d4w-1140x760.jpg 1140w\" sizes=\"auto, (max-width: 1920px) 100vw, 1920px\"\/><figcaption id=\"caption-attachment-1290798\" class=\"wp-caption-text\">AME8897. R\u00cdO DE JANEIRO (BRASIL), 02\/05\/2026.- La cantante colombiana Shakira se presenta durante un concierto este s\u00e1bado, en la playa de Copacabana en R\u00edo de Janeiro (Brasil). EFE\/ Andre Coelho<\/figcaption><\/figure>\n<p>\u2018Hips Don\u2019t Lie\u2019, \u2018Whenever, Wherever\u2019, \u2018Waka Waka (This Time for Africa)\u2019, \u2018Estoy Aqu\u00ed\u2019 \u2018She Wolf\u2019, \u2018D\u00f3nde est\u00e1s coraz\u00f3n\u2019, \u2018Monoton\u00eda\u2019 e \u2018Inevitable\u2019 figuran en una lista de treinta temas publicada por la colombiana horas antes del espect\u00e1culo.<\/p>\n<p>Entre los invitados confirmados figuran los hermanos Caetano Veloso y Mar\u00eda Betania, dos de las voces m\u00e1s representativas de la M\u00fasica Popular Brasile\u00f1a (MPB), pero tambi\u00e9n se espera que la colombiana cante con la tambi\u00e9n brasile\u00f1a Anitta la canci\u00f3n \u00abChoka Choka\u00bb, tema lanzado recientemente por las dos artistas.<\/p>\n<figure id=\"attachment_1290799\" aria-describedby=\"caption-attachment-1290799\" style=\"width: 1920px\" class=\"wp-caption alignnone\"><img loading=\"lazy\" decoding=\"async\" class=\"wp-image-1290799 size-full\" src=\"https:\/\/cdn.albertonews.com\/wp-content\/uploads\/2026\/05\/a506936855a0758925ad5f6853bf4ce5de4f4ebaw.jpg\" alt=\"\" width=\"1920\" height=\"1279\" srcset=\"https:\/\/cdn.albertonews.com\/wp-content\/uploads\/2026\/05\/a506936855a0758925ad5f6853bf4ce5de4f4ebaw.jpg 1920w, https:\/\/cdn.albertonews.com\/wp-content\/uploads\/2026\/05\/a506936855a0758925ad5f6853bf4ce5de4f4ebaw-300x200.jpg 300w, https:\/\/cdn.albertonews.com\/wp-content\/uploads\/2026\/05\/a506936855a0758925ad5f6853bf4ce5de4f4ebaw-1024x682.jpg 1024w, https:\/\/cdn.albertonews.com\/wp-content\/uploads\/2026\/05\/a506936855a0758925ad5f6853bf4ce5de4f4ebaw-768x512.jpg 768w, https:\/\/cdn.albertonews.com\/wp-content\/uploads\/2026\/05\/a506936855a0758925ad5f6853bf4ce5de4f4ebaw-1536x1023.jpg 1536w, https:\/\/cdn.albertonews.com\/wp-content\/uploads\/2026\/05\/a506936855a0758925ad5f6853bf4ce5de4f4ebaw-750x500.jpg 750w, https:\/\/cdn.albertonews.com\/wp-content\/uploads\/2026\/05\/a506936855a0758925ad5f6853bf4ce5de4f4ebaw-1140x759.jpg 1140w\" sizes=\"auto, (max-width: 1920px) 100vw, 1920px\"\/><figcaption id=\"caption-attachment-1290799\" class=\"wp-caption-text\">AME8897. R\u00cdO DE JANEIRO (BRASIL), 02\/05\/2026.- La cantante colombiana Shakira (c) se presenta durante un concierto este s\u00e1bado, en la playa de Copacabana en R\u00edo de Janeiro (Brasil). EFE\/ Andre Coelho<\/figcaption><\/figure>\n<p>El concierto de Shakira este s\u00e1bado es la mayor presentaci\u00f3n de su carrera, un evento en el que la colombiana tambi\u00e9n batir\u00e1 r\u00e9cord de p\u00fablico si supera los 2,1 millones de espectadores que acompa\u00f1aron a Lady Gaga el a\u00f1o pasado, dato que solo se conocer\u00e1 al final del evento, pero que a simple vista parece que ya se dio.<\/p>\n<p>La masiva movilizaci\u00f3n, especialmente de latinos liderados por argentinos, uruguayos, chilenos, peruanos y colombianos, oblig\u00f3 a las autoridades a cerrar todos los accesos del barrio de Copacabana para veh\u00edculos cuatro horas antes del concierto.<\/p>\n<p>As\u00ed mismo, el show oblig\u00f3 a desplegar un fuerte esquema de seguridad, con unos 8.000 agentes de la polic\u00eda, y a montar una infraestructura similar a la usada en las fiestas de A\u00f1o Nuevo cuando hasta tres millones de personas despiden el a\u00f1o en esta arena.<\/p>\n<p>El espect\u00e1culo, que hace parte del evento anual \u2018Todo mundo no R\u00edo\u2019, cierra adem\u00e1s la gira mundial \u2018Las mujeres ya no lloran\u2019, que la artista inici\u00f3 en febrero del a\u00f1o pasado tambi\u00e9n en R\u00edo de Janeiro en una especie de homenaje a Brasil, uno de los primeros pa\u00edses en abrirle las puertas en sus inicios musicales.<\/p>\n<p><strong>Si quieres recibir en tu celular esta y otras informaciones descarga Telegram, ingresa al link <\/strong><strong>https:\/\/t.me\/albertorodnews<\/strong><strong> y dale click a +Unirme.  <\/strong><\/p>\n<p><strong>Alberto Noticias<\/strong><\/p>\n<\/div>\n\n","protected":false},"excerpt":{"rendered":"<p>Shakira, la primera artista latina en ofrecer un megaconcierto gratuito en la playa de Copacabana en R\u00edo de Janeiro, abri\u00f3 su presentaci\u00f3n con \u2018La fuerte\u2019, canci\u00f3n con la que comenz\u00f3 las presentaciones de su m\u00e1s reciente gira \u2018Las mujeres ya no lloran\u2019, y con la que la colombiana reiter\u00f3 que, pese al dolor, hay que &hellip;<\/p>\n","protected":false},"author":1,"featured_media":64993,"comment_status":"open","ping_status":"open","sticky":false,"template":"","format":"standard","meta":{"fifu_image_url":"https:\/\/cdn.albertonews.com\/wp-content\/uploads\/2026\/05\/1d6397df7aa84bbc98221d0195940c20fdefb7fcw.jpg","fifu_image_alt":"","footnotes":""},"categories":[13],"tags":[],"class_list":["post-64991","post","type-post","status-publish","format-standard","has-post-thumbnail","","category-mundo"],"_links":{"self":[{"href":"https:\/\/noticiasveraces.com\/index.php?rest_route=\/wp\/v2\/posts\/64991","targetHints":{"allow":["GET"]}}],"collection":[{"href":"https:\/\/noticiasveraces.com\/index.php?rest_route=\/wp\/v2\/posts"}],"about":[{"href":"https:\/\/noticiasveraces.com\/index.php?rest_route=\/wp\/v2\/types\/post"}],"author":[{"embeddable":true,"href":"https:\/\/noticiasveraces.com\/index.php?rest_route=\/wp\/v2\/users\/1"}],"replies":[{"embeddable":true,"href":"https:\/\/noticiasveraces.com\/index.php?rest_route=%2Fwp%2Fv2%2Fcomments&post=64991"}],"version-history":[{"count":0,"href":"https:\/\/noticiasveraces.com\/index.php?rest_route=\/wp\/v2\/posts\/64991\/revisions"}],"wp:featuredmedia":[{"embeddable":true,"href":"https:\/\/noticiasveraces.com\/index.php?rest_route=\/wp\/v2\/media\/64993"}],"wp:attachment":[{"href":"https:\/\/noticiasveraces.com\/index.php?rest_route=%2Fwp%2Fv2%2Fmedia&parent=64991"}],"wp:term":[{"taxonomy":"category","embeddable":true,"href":"https:\/\/noticiasveraces.com\/index.php?rest_route=%2Fwp%2Fv2%2Fcategories&post=64991"},{"taxonomy":"post_tag","embeddable":true,"href":"https:\/\/noticiasveraces.com\/index.php?rest_route=%2Fwp%2Fv2%2Ftags&post=64991"}],"curies":[{"name":"wp","href":"https:\/\/api.w.org\/{rel}","templated":true}]}}