{"id":64972,"date":"2026-05-03T04:48:47","date_gmt":"2026-05-03T08:48:47","guid":{"rendered":"https:\/\/noticiasveraces.com\/?p=64972"},"modified":"2026-05-03T04:48:47","modified_gmt":"2026-05-03T08:48:47","slug":"trump-no-descarta-una-retirada-mucho-mayor-a-los-5000-soldados-estadounidenses-de-alemania","status":"publish","type":"post","link":"https:\/\/noticiasveraces.com\/?p=64972","title":{"rendered":"Trump no descarta una retirada mucho mayor a los 5000 soldados estadounidenses de Alemania"},"content":{"rendered":"<p> \n<\/p>\n<div>\n<p>\n\t\t\t<span rel=\"author\" class=\"fn\">con una esp\u00e1tula<\/span>\n\t\t<\/p>\n<p>\t\t<time class=\"entry-date published updated\" datetime=\"2026-05-02T20:55:57-04:00\">mayo 02 2026, 8:55 pm<\/time><\/p>\n<figure id=\"attachment_5933141\" aria-describedby=\"caption-attachment-5933141\" style=\"width: 640px\" class=\"wp-caption alignnone\"><img fetchpriority=\"high\" decoding=\"async\" onerror=\"this.onerror=null;this.src=\" https:=\"\" class=\"wp-image-5933141\" src=\"https:\/\/sandia.datanubex.uk\/wp-content\/uploads\/2026\/05\/militar-eeuu-alemania.jpg\" alt=\"\" width=\"640\" height=\"405\"\/><figcaption id=\"caption-attachment-5933141\" class=\"wp-caption-text\">Militar estadounidense en Alemania. Foto: Referencia<\/figcaption><\/figure>\n<\/p>\n<p>El presidente de Estados Unidos, Donald Trump, afirm\u00f3 este s\u00e1bado 2 de mayo que planea retirar \u00abmucho m\u00e1s de 5.000\u00bb soldados estadounidenses de sus bases en Alemania, en medio de sus cr\u00edticas hacia los aliados europeos por su falta de apoyo en la guerra contra Ir\u00e1n.<\/p>\n<p>\u00abVamos a reducir dr\u00e1sticamente y vamos a recortar mucho m\u00e1s de 5.000\u00bb, dijo Trump en declaraciones a los medios en Florida.<\/p>\n<p><!-- Begin Mailchimp Signup Form --><\/p>\n<div id=\"mc_embed_signup\">\n<p><label for=\"mce-EMAIL\">            \u00a1\u00danete al club ahora! Suscr\u00edbete al bolet\u00edn m\u00e1s importante de Venezuela          <\/label><iframe data-test-id=\"beehiiv-embed\" height=\"52\" frameborder=\"0\" scrolling=\"no\" style=\"margin: 0; border-radius: 0px !important; &#10;&#9;&#9;background-color: transparent;\" data-src=\"https:\/\/embeds.beehiiv.com\/cdab9503-16ae-4689-ad4f-1408c727a83a?slim=true\" class=\"lazyload\"><\/iframe><\/p>\n<\/div>\n<p><!--End mc_embed_signup 2--><\/p>\n<p>Esta afirmaci\u00f3n tambi\u00e9n se interpreta como una reacci\u00f3n a las cr\u00edticas del canciller alem\u00e1n, Friedrich Merz, quien acus\u00f3 al mandatario republicano de haber sido \u00abhumillado\u00bb por Teher\u00e1n en las negociaciones para alcanzar un acuerdo final al conflicto.<\/p>\n<p>Los comentarios de Trump se producen un d\u00eda despu\u00e9s de que altos funcionarios del Pent\u00e1gono adelantaran que el secretario de Guerra, Pete Hegseth, hab\u00eda ordenado la retirada de \u00abaproximadamente 5.000 soldados de Alemania\u00bb.<\/p>\n<\/p>\n<blockquote>\n<p>LEE TAMBI\u00c9N: <strong>Trump orden\u00f3 la retirada de 5.000 soldados estadounidenses de Alemania<\/strong><\/p>\n<\/blockquote>\n<\/p>\n<p>Esta decisi\u00f3n se deb\u00eda a las \u00abnecesidades y condiciones del teatro de operaciones\u00bb, aunque coincidi\u00f3 con tensiones entre la Administraci\u00f3n Trump y sus aliados europeos, a quienes recrimina por no haber ayudado en el conflicto en Ir\u00e1n.<\/p>\n<p>Seg\u00fan las fuentes del Pent\u00e1gono, \u00abla retirada se completar\u00e1 en los pr\u00f3ximos seis a doce meses\u00bb.<\/p>\n<p>Actualmente, el Ej\u00e9rcito estadounidense tiene una presencia masiva en Alemania con m\u00e1s de 36.000 soldados en servicio activo, distribuidos en varias instalaciones clave del pa\u00eds, entre ellas la base a\u00e9rea de Ramstein, el cuartel general en Wiesbaden, las \u00e1reas de entrenamiento de Grafenw\u00f6hr y Hohenfels en Baviera, la base a\u00e9rea de Spangdahlem y el complejo militar de Stuttgart.<\/p>\n<\/p>\n<blockquote>\n<p>LEE TAMBI\u00c9N: <strong>La noche es nuestra: Fuerzas militares de EEUU siguen en el Caribe a tres meses del arresto de Maduro (VIDEO)<\/strong><\/p>\n<\/blockquote>\n<\/p>\n<p>Pese a que Merz fue uno de los primeros l\u00edderes europeos en apoyar los ataques de EEUU e Israel a Ir\u00e1n, su posici\u00f3n se ha vuelto m\u00e1s cr\u00edtica con el paso del tiempo.<\/p>\n<p>La postura del canciller alem\u00e1n le han valido los reproches del republicano, que ayer advirti\u00f3 a Merz, que deber\u00eda ocuparse m\u00e1s de \u00abarreglar\u00bb su pa\u00eds \u00abroto\u00bb y poner fin a la guerra en Ucrania, que en \u00abinterferir\u00bb en el conflicto con Ir\u00e1n.<\/p>\n<p>Trump ha criticado repetidamente a sus aliados europeos por no acudir al llamado de Washington, que junto con Tel Aviv inici\u00f3 la guerra contra Teher\u00e1n el pasado 28 de febrero, sin consultar o comunicar nada previamente a sus socios de la Otan.<\/p>\n<p><strong>EFE<\/strong><\/p>\n<p><!-- CONTENT END 2 -->\n\t<\/div>\n\n","protected":false},"excerpt":{"rendered":"<p>con una esp\u00e1tula mayo 02 2026, 8:55 pm Militar estadounidense en Alemania. Foto: Referencia El presidente de Estados Unidos, Donald Trump, afirm\u00f3 este s\u00e1bado 2 de mayo que planea retirar \u00abmucho m\u00e1s de 5.000\u00bb soldados estadounidenses de sus bases en Alemania, en medio de sus cr\u00edticas hacia los aliados europeos por su falta de apoyo &hellip;<\/p>\n","protected":false},"author":1,"featured_media":64974,"comment_status":"open","ping_status":"open","sticky":false,"template":"","format":"standard","meta":{"fifu_image_url":"https:\/\/sandia.datanubex.uk\/wp-content\/uploads\/2026\/05\/militar-eeuu-alemania.jpg","fifu_image_alt":"","footnotes":""},"categories":[13],"tags":[],"class_list":["post-64972","post","type-post","status-publish","format-standard","has-post-thumbnail","","category-mundo"],"_links":{"self":[{"href":"https:\/\/noticiasveraces.com\/index.php?rest_route=\/wp\/v2\/posts\/64972","targetHints":{"allow":["GET"]}}],"collection":[{"href":"https:\/\/noticiasveraces.com\/index.php?rest_route=\/wp\/v2\/posts"}],"about":[{"href":"https:\/\/noticiasveraces.com\/index.php?rest_route=\/wp\/v2\/types\/post"}],"author":[{"embeddable":true,"href":"https:\/\/noticiasveraces.com\/index.php?rest_route=\/wp\/v2\/users\/1"}],"replies":[{"embeddable":true,"href":"https:\/\/noticiasveraces.com\/index.php?rest_route=%2Fwp%2Fv2%2Fcomments&post=64972"}],"version-history":[{"count":0,"href":"https:\/\/noticiasveraces.com\/index.php?rest_route=\/wp\/v2\/posts\/64972\/revisions"}],"wp:featuredmedia":[{"embeddable":true,"href":"https:\/\/noticiasveraces.com\/index.php?rest_route=\/wp\/v2\/media\/64974"}],"wp:attachment":[{"href":"https:\/\/noticiasveraces.com\/index.php?rest_route=%2Fwp%2Fv2%2Fmedia&parent=64972"}],"wp:term":[{"taxonomy":"category","embeddable":true,"href":"https:\/\/noticiasveraces.com\/index.php?rest_route=%2Fwp%2Fv2%2Fcategories&post=64972"},{"taxonomy":"post_tag","embeddable":true,"href":"https:\/\/noticiasveraces.com\/index.php?rest_route=%2Fwp%2Fv2%2Ftags&post=64972"}],"curies":[{"name":"wp","href":"https:\/\/api.w.org\/{rel}","templated":true}]}}