{"id":64963,"date":"2026-05-03T03:26:17","date_gmt":"2026-05-03T07:26:17","guid":{"rendered":"https:\/\/noticiasveraces.com\/?p=64963"},"modified":"2026-05-03T03:26:17","modified_gmt":"2026-05-03T07:26:17","slug":"clippve-condena-declaraciones-del-embajador-plasencia-las-victimas-no-son-una-tonteria-correo-del-caroni","status":"publish","type":"post","link":"https:\/\/noticiasveraces.com\/?p=64963","title":{"rendered":"Clippve condena declaraciones del embajador Plasencia: Las v\u00edctimas no son una tonter\u00eda \u2013 Correo del Caron\u00ed"},"content":{"rendered":"<p> \n<\/p>\n<div data-id=\"494a3404\" data-element_type=\"widget\" data-e-type=\"widget\" id=\"texto\" data-widget_type=\"theme-post-content.default\">\n<div class=\"elementor-widget-container\">\n<p>El Comit\u00e9 por la Libertad de los Presos Pol\u00edticos (Clippve) rechaz\u00f3 este viernes las declaraciones del embajador de Venezuela para Estados Unidos, F\u00e9lix Plasencia, tras argumentar que las denuncias sobre detenidos por razones pol\u00edticas son \u201ctonter\u00edas\u201d.<\/p>\n<p>\u201cSus palabras no solo son ofensivas. Dejan al desnudo el rostro de un poder que pretende hablar de normalidad, apertura y \u2018cosas positivas\u2019, mientras en Venezuela siguen existiendo presos pol\u00edticos, familias en vigilia, torturas denunciadas, aislamiento, procesos injustos y v\u00edctimas que a\u00fan esperan respuestas\u201d, afirm\u00f3 el comit\u00e9 en un comunicado, difundido en sus redes sociales.<\/p>\n<p>Asimismo puntualizaron que las declaraciones del embajador Plasencia revictimizan a los venezolanos exiliados o perseguidos, niega \u201cel sufrimiento real de las v\u00edctimas\u201d y las denuncias que han sido documentadas por organismos internacionales respecto a posibles cr\u00edmenes de lesa humanidad en el pa\u00eds.<\/p>\n<p>Y afirmar que \u201cnosotros no arrestamos ilegalmente a los venezolanos ni abusamos de sus derechos humanos\u201d contradice la realidad documentada por organizaciones nacionales e internacionales, por familiares que siguen frente a las c\u00e1rceles y por las propias v\u00edctimas que han denunciado torturas, tratos crueles, desapariciones forzadas, aislamiento prolongado y violaciones al debido proceso\u201d, afirm\u00f3 el comit\u00e9, que tiene un registro de poco m\u00e1s de 600 presos pol\u00edticos en Venezuela.<\/p>\n<p>Clippve, que re\u00fanen a centenares de familiares, considera que estas declaraciones \u201cno son un hecho aislado\u201d, sino que forman parte \u201cde una pol\u00edtica de negaci\u00f3n, burla y manipulaci\u00f3n\u201d frente a cientos de familias.<\/p>\n<p>\u201cMientras intentan mostrar una imagen de apertura ante la comunidad internacional, siguen negando la existencia de la c\u00e1rcel injusta, siguen llamando delincuentes a las v\u00edctimas y siguen cerrando el camino a una verdadera rectificaci\u00f3n. Tambi\u00e9n evidencian que no hay un inter\u00e9s real en la reconciliaci\u00f3n ni en la paz del pa\u00eds por parte de la actual denominada administraci\u00f3n interina de Venezuela\u201d, reafirmaron.<\/p>\n<p>La organizaci\u00f3n insisti\u00f3 en que las v\u00edctimas \u201cno se oponen a la paz\u201d, pero no est\u00e1n obligadas a aceptar \u201cla negaci\u00f3n, la burla ni el silencio obligado. La paz requiere verdad, libertad, reparaci\u00f3n, garant\u00edas de no repetici\u00f3n y respeto a la dignidad de quienes han sufrido la represi\u00f3n\u201d.<\/p>\n<p>Clippve reafirm\u00f3 sus exigencias de libertad \u201cplena, inmediata e incondicional\u201d de todos los presos pol\u00edticos, que se detenga la criminalizaci\u00f3n contra familiares y activistas, as\u00ed como respeto a aquellos que se mantienen en vigilia y protesta frente a las c\u00e1rceles.<\/p>\n<p>Tambi\u00e9n solicitaron a las autoridades que provean de informaci\u00f3n \u201cverificable y transparente\u201d sobre todas las personas detenidas y excarceladas, el fin de la tortura, aislamiento y tratos crueles en los centros de reclusi\u00f3n, al igual que \u201cgarant\u00edas reales para que ning\u00fan venezolano sea perseguido, detenido o amenazado por regresar a su pa\u00eds, opinar o exigir justicia\u201d.<\/p>\n<p>\u201cLas v\u00edctimas no son una \u201ctonter\u00eda\u201d. Los presos pol\u00edticos no son una invenci\u00f3n. Las familias no mienten. La c\u00e1rcel injusta existe, duele y debe terminar\u201d, sentenci\u00f3 Clippve.<\/p>\n<\/p><\/div>\n<\/p><\/div>\n\n","protected":false},"excerpt":{"rendered":"<p>El Comit\u00e9 por la Libertad de los Presos Pol\u00edticos (Clippve) rechaz\u00f3 este viernes las declaraciones del embajador de Venezuela para Estados Unidos, F\u00e9lix Plasencia, tras argumentar que las denuncias sobre detenidos por razones pol\u00edticas son \u201ctonter\u00edas\u201d. \u201cSus palabras no solo son ofensivas. Dejan al desnudo el rostro de un poder que pretende hablar de normalidad, &hellip;<\/p>\n","protected":false},"author":1,"featured_media":64964,"comment_status":"open","ping_status":"open","sticky":false,"template":"","format":"standard","meta":{"fifu_image_url":"https:\/\/correodelcaroni.com\/wp-content\/uploads\/2026\/05\/CLIPPVE_Embajador1.jpg","fifu_image_alt":"","footnotes":""},"categories":[4],"tags":[],"class_list":["post-64963","post","type-post","status-publish","format-standard","has-post-thumbnail","","category-historias-destacadas"],"_links":{"self":[{"href":"https:\/\/noticiasveraces.com\/index.php?rest_route=\/wp\/v2\/posts\/64963","targetHints":{"allow":["GET"]}}],"collection":[{"href":"https:\/\/noticiasveraces.com\/index.php?rest_route=\/wp\/v2\/posts"}],"about":[{"href":"https:\/\/noticiasveraces.com\/index.php?rest_route=\/wp\/v2\/types\/post"}],"author":[{"embeddable":true,"href":"https:\/\/noticiasveraces.com\/index.php?rest_route=\/wp\/v2\/users\/1"}],"replies":[{"embeddable":true,"href":"https:\/\/noticiasveraces.com\/index.php?rest_route=%2Fwp%2Fv2%2Fcomments&post=64963"}],"version-history":[{"count":0,"href":"https:\/\/noticiasveraces.com\/index.php?rest_route=\/wp\/v2\/posts\/64963\/revisions"}],"wp:featuredmedia":[{"embeddable":true,"href":"https:\/\/noticiasveraces.com\/index.php?rest_route=\/wp\/v2\/media\/64964"}],"wp:attachment":[{"href":"https:\/\/noticiasveraces.com\/index.php?rest_route=%2Fwp%2Fv2%2Fmedia&parent=64963"}],"wp:term":[{"taxonomy":"category","embeddable":true,"href":"https:\/\/noticiasveraces.com\/index.php?rest_route=%2Fwp%2Fv2%2Fcategories&post=64963"},{"taxonomy":"post_tag","embeddable":true,"href":"https:\/\/noticiasveraces.com\/index.php?rest_route=%2Fwp%2Fv2%2Ftags&post=64963"}],"curies":[{"name":"wp","href":"https:\/\/api.w.org\/{rel}","templated":true}]}}