{"id":6486,"date":"2023-02-01T03:53:20","date_gmt":"2023-02-01T03:53:20","guid":{"rendered":"https:\/\/noticiasveraces.com\/kate-middleton-lanza-nueva-cuenta-de-instagram\/"},"modified":"2023-02-01T03:53:20","modified_gmt":"2023-02-01T03:53:20","slug":"kate-middleton-lanza-nueva-cuenta-de-instagram","status":"publish","type":"post","link":"https:\/\/noticiasveraces.com\/?p=6486","title":{"rendered":"Kate Middleton lanza nueva cuenta de Instagram"},"content":{"rendered":"<p> \n<\/p>\n<div>\n<p class=\"speakable\">Kate Middleton est\u00e1 ampliando su presencia en las redes sociales.<\/p>\n<p class=\"speakable\">El martes, Middleton lanz\u00f3 una cuenta de Instagram para The Royal Foundation Center for Early Childhood.  La Princesa de Gales lanz\u00f3 la fundaci\u00f3n en junio de 2021 dentro de la Royal Foundation original de ella y su esposo, el Pr\u00edncipe William.<\/p>\n<p>La fundaci\u00f3n se enfoca en \u00abimpulsar la conciencia y la acci\u00f3n sobre el impacto extraordinario de nuestros primeros a\u00f1os\u00bb, seg\u00fan la biograf\u00eda de la cuenta de redes sociales.<\/p>\n<p>Middleton, de 41 a\u00f1os, describi\u00f3 con m\u00e1s detalle el objetivo de la fundaci\u00f3n en un video compartido en la nueva p\u00e1gina de redes sociales.<\/p>\n<p><strong>KATE MIDDLETON IRRADIA COMO LA \u00daLTIMA DAMA DE ROJO DURANTE SU CAMPA\u00d1A DE CARIDAD<\/strong> <\/p>\n<p>\u00abNuestra primera infancia, el tiempo desde el embarazo hasta los cinco a\u00f1os, moldea fundamentalmente el resto de nuestras vidas\u00bb, comenz\u00f3.  \u00abPero como sociedad, actualmente dedicamos mucho m\u00e1s de nuestro tiempo y energ\u00eda a la vejez. Hoy, el Royal Foundation Center for Early Childhood est\u00e1 lanzando una nueva campa\u00f1a, Shaping Us, para crear conciencia sobre el impacto que podemos tener en el cambio de vida. cuando construimos un mundo de apoyo y cuidado alrededor de los ni\u00f1os y quienes los cuidan\u00bb.<\/p>\n<p>Middleton continu\u00f3: \u00abPorque al enfocar nuestro tiempo, energ\u00eda y recursos colectivos en estos a\u00f1os m\u00e1s preventivos, podemos marcar una gran diferencia en la salud f\u00edsica y mental y la felicidad de las generaciones venideras\u00bb.<\/p>\n<div baseimage=\"https:\/\/static.foxnews.com\/foxnews.com\/content\/uploads\/2023\/01\/kate-middleton.jpg\" source=\"Getty Images\" class=\"image-ct inline\">\n<div class=\"m\"><picture><source media=\"(max-width: 767px)\" srcset=\"https:\/\/a57.foxnews.com\/static.foxnews.com\/foxnews.com\/content\/uploads\/2023\/01\/343\/192\/kate-middleton.jpg?ve=1&amp;tl=1, https:\/\/a57.foxnews.com\/static.foxnews.com\/foxnews.com\/content\/uploads\/2023\/01\/686\/384\/kate-middleton.jpg?ve=1&amp;tl=1 2x\"><source media=\"(min-width: 767px) and (max-width: 1023px)\" srcset=\"https:\/\/a57.foxnews.com\/static.foxnews.com\/foxnews.com\/content\/uploads\/2023\/01\/672\/378\/kate-middleton.jpg?ve=1&amp;tl=1, https:\/\/a57.foxnews.com\/static.foxnews.com\/foxnews.com\/content\/uploads\/2023\/01\/1344\/756\/kate-middleton.jpg?ve=1&amp;tl=1 2x\"><source media=\"(min-width: 1024px) and (max-width: 1279px)\" srcset=\"https:\/\/a57.foxnews.com\/static.foxnews.com\/foxnews.com\/content\/uploads\/2023\/01\/931\/523\/kate-middleton.jpg?ve=1&amp;tl=1, https:\/\/a57.foxnews.com\/static.foxnews.com\/foxnews.com\/content\/uploads\/2023\/01\/1862\/1046\/kate-middleton.jpg?ve=1&amp;tl=1 2x\"><source media=\"(min-width: 1280px)\" srcset=\"https:\/\/a57.foxnews.com\/static.foxnews.com\/foxnews.com\/content\/uploads\/2023\/01\/720\/405\/kate-middleton.jpg?ve=1&amp;tl=1, https:\/\/a57.foxnews.com\/static.foxnews.com\/foxnews.com\/content\/uploads\/2023\/01\/1440\/810\/kate-middleton.jpg?ve=1&amp;tl=1 2x\"><img decoding=\"async\" src=\"https:\/\/a57.foxnews.com\/static.foxnews.com\/foxnews.com\/content\/uploads\/2023\/01\/640\/320\/kate-middleton.jpg?ve=1&amp;tl=1\" alt=\"El martes, Middleton lanz\u00f3 una cuenta de Instagram para The Royal Foundation Center for Early Childhood.  La Princesa de Gales lanz\u00f3 la fundaci\u00f3n en junio de 2021 dentro de la Royal Foundation original de ella y su esposo, el Pr\u00edncipe William.\"\/><\/source><\/source><\/source><\/source><\/picture><\/div>\n<div class=\"caption\">\n<p>      El martes, Middleton lanz\u00f3 una cuenta de Instagram para The Royal Foundation Center for Early Childhood.  La Princesa de Gales lanz\u00f3 la fundaci\u00f3n en junio de 2021 dentro de la Royal Foundation original de ella y su esposo, el Pr\u00edncipe William.<br \/>\n      <span class=\"copyright\">(Foto por Max Mumby)<\/span><\/p>\n<\/div>\n<\/div>\n<p>La nueva campa\u00f1a de la fundaci\u00f3n, \u00abShaping Us\u00bb, se lanz\u00f3 el lunes.  Seg\u00fan el sitio web de la Fundaci\u00f3n, la misi\u00f3n es enfocar \u00abnuestro tiempo, energ\u00eda y recursos colectivos en estos a\u00f1os m\u00e1s preventivos, podemos marcar una gran diferencia en la salud f\u00edsica y mental y la felicidad de las generaciones venideras\u00bb.<\/p>\n<p><strong><u>KATE MIDDLETON HACE LA PRIMERA APARICI\u00d3N DESPU\u00c9S DE QUE &#8216;SPARE&#8217; DEL PR\u00cdNCIPE HARRY REVELA TEXTOS TENSOS CON MEGHAN MARKLE<\/u><\/strong><\/p>\n<p>Fue tendencia en l\u00ednea despu\u00e9s de su aparici\u00f3n en el evento de lanzamiento de la campa\u00f1a, organizado por The Royal Foundation Center for Early Childhood en <u>BAFTA en el centro de Londres.<\/u><\/p>\n<div baseimage=\"https:\/\/static.foxnews.com\/foxnews.com\/content\/uploads\/2023\/01\/kate-middleton-copy.jpg\" source=\"Getty Images\" class=\"image-ct inline\">\n<div class=\"m\"><picture><source media=\"(max-width: 767px)\" srcset=\"https:\/\/a57.foxnews.com\/static.foxnews.com\/foxnews.com\/content\/uploads\/2023\/01\/343\/192\/kate-middleton-copy.jpg?ve=1&amp;tl=1, https:\/\/a57.foxnews.com\/static.foxnews.com\/foxnews.com\/content\/uploads\/2023\/01\/686\/384\/kate-middleton-copy.jpg?ve=1&amp;tl=1 2x\"><source media=\"(min-width: 767px) and (max-width: 1023px)\" srcset=\"https:\/\/a57.foxnews.com\/static.foxnews.com\/foxnews.com\/content\/uploads\/2023\/01\/672\/378\/kate-middleton-copy.jpg?ve=1&amp;tl=1, https:\/\/a57.foxnews.com\/static.foxnews.com\/foxnews.com\/content\/uploads\/2023\/01\/1344\/756\/kate-middleton-copy.jpg?ve=1&amp;tl=1 2x\"><source media=\"(min-width: 1024px) and (max-width: 1279px)\" srcset=\"https:\/\/a57.foxnews.com\/static.foxnews.com\/foxnews.com\/content\/uploads\/2023\/01\/931\/523\/kate-middleton-copy.jpg?ve=1&amp;tl=1, https:\/\/a57.foxnews.com\/static.foxnews.com\/foxnews.com\/content\/uploads\/2023\/01\/1862\/1046\/kate-middleton-copy.jpg?ve=1&amp;tl=1 2x\"><source media=\"(min-width: 1280px)\" srcset=\"https:\/\/a57.foxnews.com\/static.foxnews.com\/foxnews.com\/content\/uploads\/2023\/01\/720\/405\/kate-middleton-copy.jpg?ve=1&amp;tl=1, https:\/\/a57.foxnews.com\/static.foxnews.com\/foxnews.com\/content\/uploads\/2023\/01\/1440\/810\/kate-middleton-copy.jpg?ve=1&amp;tl=1 2x\"><img decoding=\"async\" src=\"https:\/\/a57.foxnews.com\/static.foxnews.com\/foxnews.com\/content\/uploads\/2023\/01\/640\/320\/kate-middleton-copy.jpg?ve=1&amp;tl=1\" alt=\"La Princesa de Gales sali\u00f3 con un poderoso traje de negocios rojo para asistir a un evento de lanzamiento de su campa\u00f1a, que se centra en la &quot;importancia crucial&quot; de c\u00f3mo los primeros a\u00f1os de la vida de un ni\u00f1o afectar\u00e1n su futuro. \"\/><\/source><\/source><\/source><\/source><\/picture><\/div>\n<div class=\"caption\">\n<p>      La princesa de Gales sali\u00f3 con un poderoso traje de negocios rojo para asistir a un evento de lanzamiento de su campa\u00f1a, que se enfoca en la \u00abimportancia crucial\u00bb de c\u00f3mo los primeros a\u00f1os de vida de un ni\u00f1o afectar\u00e1n su futuro.<br \/>\n      <span class=\"copyright\">(Im\u00e1genes falsas)<\/span><\/p>\n<\/div>\n<\/div>\n<p>La princesa de Gales sali\u00f3 con un poderoso traje de negocios rojo para asistir a un evento de lanzamiento de su campa\u00f1a, que se enfoca en la \u00abimportancia crucial\u00bb de c\u00f3mo los primeros a\u00f1os de vida de un ni\u00f1o afectar\u00e1n su futuro.<\/p>\n<p><strong><u>HAGA CLIC AQU\u00cd PARA SUSCRIBIRSE AL BOLET\u00cdN DE ENTRETENIMIENTO<\/u><\/strong><\/p>\n<p>El martes, Middleton visit\u00f3 Leeds Kirkgate Market, donde habl\u00f3 con vendedores y compradores p\u00fablicos sobre el desarrollo de la primera infancia. <\/p>\n<p>La cuenta de Instagram destac\u00f3 im\u00e1genes de Middleton hablando con el p\u00fablico, as\u00ed como una gran exhibici\u00f3n de su nueva campa\u00f1a en medio del mercado.<\/p>\n<div baseimage=\"https:\/\/static.foxnews.com\/foxnews.com\/content\/uploads\/2023\/01\/GettyImages-1461159982.jpg\" source=\"Getty Images\" class=\"image-ct inline\">\n<div class=\"m\"><picture><source media=\"(max-width: 767px)\" srcset=\"https:\/\/a57.foxnews.com\/static.foxnews.com\/foxnews.com\/content\/uploads\/2023\/01\/343\/192\/GettyImages-1461159982.jpg?ve=1&amp;tl=1, https:\/\/a57.foxnews.com\/static.foxnews.com\/foxnews.com\/content\/uploads\/2023\/01\/686\/384\/GettyImages-1461159982.jpg?ve=1&amp;tl=1 2x\"><source media=\"(min-width: 767px) and (max-width: 1023px)\" srcset=\"https:\/\/a57.foxnews.com\/static.foxnews.com\/foxnews.com\/content\/uploads\/2023\/01\/672\/378\/GettyImages-1461159982.jpg?ve=1&amp;tl=1, https:\/\/a57.foxnews.com\/static.foxnews.com\/foxnews.com\/content\/uploads\/2023\/01\/1344\/756\/GettyImages-1461159982.jpg?ve=1&amp;tl=1 2x\"><source media=\"(min-width: 1024px) and (max-width: 1279px)\" srcset=\"https:\/\/a57.foxnews.com\/static.foxnews.com\/foxnews.com\/content\/uploads\/2023\/01\/931\/523\/GettyImages-1461159982.jpg?ve=1&amp;tl=1, https:\/\/a57.foxnews.com\/static.foxnews.com\/foxnews.com\/content\/uploads\/2023\/01\/1862\/1046\/GettyImages-1461159982.jpg?ve=1&amp;tl=1 2x\"><source media=\"(min-width: 1280px)\" srcset=\"https:\/\/a57.foxnews.com\/static.foxnews.com\/foxnews.com\/content\/uploads\/2023\/01\/720\/405\/GettyImages-1461159982.jpg?ve=1&amp;tl=1, https:\/\/a57.foxnews.com\/static.foxnews.com\/foxnews.com\/content\/uploads\/2023\/01\/1440\/810\/GettyImages-1461159982.jpg?ve=1&amp;tl=1 2x\"><img decoding=\"async\" src=\"https:\/\/a57.foxnews.com\/static.foxnews.com\/foxnews.com\/content\/uploads\/2023\/01\/640\/320\/GettyImages-1461159982.jpg?ve=1&amp;tl=1\" alt=\"Kate Middleton rodeada por el p\u00fablico durante una visita al mercado de Kirkgate el 31 de enero de 2023 en Leeds, Inglaterra.\"\/><\/source><\/source><\/source><\/source><\/picture><\/div>\n<div class=\"caption\">\n<p>      Kate Middleton rodeada por el p\u00fablico durante una visita al mercado de Kirkgate el 31 de enero de 2023 en Leeds, Inglaterra.<br \/>\n      <span class=\"copyright\">(Foto de Karwai Tang)<\/span><\/p>\n<\/div>\n<\/div>\n<p><strong><u>HAGA CLIC AQU\u00cd PARA OBTENER LA APLICACI\u00d3N FOX NEWS<\/u><\/strong><\/p>\n<p>El Pr\u00edncipe y la Princesa de Gales comparten tres hijos: el Pr\u00edncipe George, de 9 a\u00f1os, el Pr\u00edncipe Louis, de 4, y su hija, la Princesa Charlotte, de 7.<\/p>\n<p> <!----> <\/p>\n<div class=\"article-meta\">\n<div class=\"author-bio\">\n<p>Janelle Ash es una escritora de entretenimiento de Fox News Digital.<\/p>\n<\/div>\n<\/div>\n<\/div>\n\n","protected":false},"excerpt":{"rendered":"<p>Kate Middleton est\u00e1 ampliando su presencia en las redes sociales. El martes, Middleton lanz\u00f3 una cuenta de Instagram para The Royal Foundation Center for Early Childhood. La Princesa de Gales lanz\u00f3 la fundaci\u00f3n en junio de 2021 dentro de la Royal Foundation original de ella y su esposo, el Pr\u00edncipe William. La fundaci\u00f3n se enfoca &hellip;<\/p>\n","protected":false},"author":1,"featured_media":6488,"comment_status":"open","ping_status":"open","sticky":false,"template":"","format":"standard","meta":{"fifu_image_url":"","fifu_image_alt":"","footnotes":""},"categories":[5],"tags":[],"class_list":["post-6486","post","type-post","status-publish","format-standard","has-post-thumbnail","","category-entretenimiento"],"_links":{"self":[{"href":"https:\/\/noticiasveraces.com\/index.php?rest_route=\/wp\/v2\/posts\/6486","targetHints":{"allow":["GET"]}}],"collection":[{"href":"https:\/\/noticiasveraces.com\/index.php?rest_route=\/wp\/v2\/posts"}],"about":[{"href":"https:\/\/noticiasveraces.com\/index.php?rest_route=\/wp\/v2\/types\/post"}],"author":[{"embeddable":true,"href":"https:\/\/noticiasveraces.com\/index.php?rest_route=\/wp\/v2\/users\/1"}],"replies":[{"embeddable":true,"href":"https:\/\/noticiasveraces.com\/index.php?rest_route=%2Fwp%2Fv2%2Fcomments&post=6486"}],"version-history":[{"count":0,"href":"https:\/\/noticiasveraces.com\/index.php?rest_route=\/wp\/v2\/posts\/6486\/revisions"}],"wp:featuredmedia":[{"embeddable":true,"href":"https:\/\/noticiasveraces.com\/index.php?rest_route=\/wp\/v2\/media\/6488"}],"wp:attachment":[{"href":"https:\/\/noticiasveraces.com\/index.php?rest_route=%2Fwp%2Fv2%2Fmedia&parent=6486"}],"wp:term":[{"taxonomy":"category","embeddable":true,"href":"https:\/\/noticiasveraces.com\/index.php?rest_route=%2Fwp%2Fv2%2Fcategories&post=6486"},{"taxonomy":"post_tag","embeddable":true,"href":"https:\/\/noticiasveraces.com\/index.php?rest_route=%2Fwp%2Fv2%2Ftags&post=6486"}],"curies":[{"name":"wp","href":"https:\/\/api.w.org\/{rel}","templated":true}]}}