{"id":64818,"date":"2026-05-02T07:20:54","date_gmt":"2026-05-02T11:20:54","guid":{"rendered":"https:\/\/noticiasveraces.com\/?p=64818"},"modified":"2026-05-02T07:20:54","modified_gmt":"2026-05-02T11:20:54","slug":"clase-obrera-se-movilizo-en-todo-el-territorio-nacional","status":"publish","type":"post","link":"https:\/\/noticiasveraces.com\/?p=64818","title":{"rendered":"Clase obrera se moviliz\u00f3 en todo el territorio nacional"},"content":{"rendered":"<p> \n<\/p>\n<div>\n<p><em>Por Lewis Pereira \/ Equipo de corresponsales<\/em><\/p>\n<p>Este viernes, miles de trabajadores atendieron el llamado de la Central Bolivariana Socialista de Trabajadores (Cbst) para conmemorar el 1.\u00b0 de mayo con una movilizaci\u00f3n que recorri\u00f3 el centro de la capital hasta el Palacio de Miraflores.<\/p>\n<p>La jornada estuvo marcada por el reciente anuncio de la presidenta (e) Delcy Rodr\u00edguez, quien fij\u00f3 el ingreso m\u00ednimo integral en 240 d\u00f3lares, fruto de acuerdos entre el Gobierno, empresarios y sindicatos.<\/p>\n<p>Durante el recorrido, que parti\u00f3 desde Parque Carabobo, los asistentes expresaron su respaldo al ajuste salarial anunciado por la presidenta encargada.<\/p>\n<p>En este sentido, el presidente de la Cbst, Wills Rangel, afirm\u00f3 que se mantienen en la mesa de di\u00e1logo nacional para los consensos laborales y sociales.<\/p>\n<p>\u201cEn esa mesa vamos a seguir avanzando con el tema de los tabuladores, vamos a seguir avanzando con el tema de las convenciones colectivas\u201d, dijo.<\/p>\n<p>Por su parte, el diputado Francisco Torrealba asegur\u00f3 que \u201ctodav\u00eda no existe un proyecto concreto para abordar la Ley del Trabajo en la Asamblea Nacional\u201d y que los instrumentos legales que se han revisado est\u00e1n relacionados con los distintos sectores laborales.<\/p>\n<p>\u201cLa Asamblea est\u00e1 lista tambi\u00e9n para que, en el marco de los procesos que se construyan con el di\u00e1logo social, adecuar lo que tenga que ser adecuado\u201d, asever\u00f3 Torrealba.<\/p>\n<p><strong>miranda<\/strong>. En los Valles del Tuy los trabajadores se movilizaron en Ocumare, C\u00faa y Charallave para conmemorar su d\u00eda y respaldar el nuevo ingreso m\u00ednimo integral anunciado por la Presidenta (e) Delcy Rodr\u00edguez. Bajo el lema \u201cVenezuela vuela libre\u201d, los manifestantes tambi\u00e9n exigieron el cese del bloqueo econ\u00f3mico.<\/p>\n<p>En Ocumare, la alcaldesa Dayana B\u00e1ez y el dirigente sindical Jos\u00e9 \u201cCheo\u201d Correa encabezaron la marcha, destacando a la clase obrera como el motor productivo de la regi\u00f3n. Simult\u00e1neamente, en C\u00faa, el alcalde Jonatan Herrera resalt\u00f3 la \u201clealtad inquebrantable\u201d de los trabajadores locales.<\/p>\n<p>La jornada cerr\u00f3 en Charallave con una masiva concentraci\u00f3n de los sectores salud, educaci\u00f3n y transporte, quienes ratificaron su compromiso con la estabilidad econ\u00f3mica y la recuperaci\u00f3n del pa\u00eds.<\/p>\n<p><strong>lara<\/strong>. El alcalde del Municipio Mor\u00e1n en el estado Lara (Barquisimeto), Rafael Anzola, lider\u00f3 acto de reconocimiento a los trabajadores y trabajadoras de esa localidad, este 1.\u00b0 de mayo.<\/p>\n<p>Junto a la profesora Nancy de Anzola y dem\u00e1s autoridades municipales y directivos del Sindicato Profesional de Obreros de Parques y Plazas de Mor\u00e1n (El Tocuyo), compartieron acto protocolar en la plaza Bol\u00edvar en donde honraron a la fuerza laboral en su d\u00eda.<\/p>\n<p>Reconocieron la trayectoria de quienes han cumplido cinco, diez, quince, hasta veinticinco a\u00f1os de servicio ininterrumpido en la Administraci\u00f3n P\u00fablica local.<\/p>\n<p>Anzola destac\u00f3 la excelencia y dedicaci\u00f3n al servicio de la municipalidad de los agasajados, a quienes valor\u00f3 como pilares fundamentales del desarrollo local.<\/p>\n<figure class=\"wp-block-image size-large\"><img decoding=\"async\" data-attachment-id=\"3080896\" data-permalink=\"https:\/\/ultimasnoticias.com.ve\/politica\/clase-obrera-se-movilizo-en-todo-el-territorio-nacional\/attachment\/1001035233-2\/\" data-orig-file=\"https:\/\/ultimasnoticias.com.ve\/wp-content\/uploads\/2026\/05\/1001035233-2.jpg\" data-orig-size=\"1080,810\" data-comments-opened=\"1\" data-image-meta=\"{&quot;aperture&quot;:&quot;0&quot;,&quot;credit&quot;:&quot;&quot;,&quot;camera&quot;:&quot;&quot;,&quot;caption&quot;:&quot;&quot;,&quot;created_timestamp&quot;:&quot;0&quot;,&quot;copyright&quot;:&quot;&quot;,&quot;focal_length&quot;:&quot;0&quot;,&quot;iso&quot;:&quot;0&quot;,&quot;shutter_speed&quot;:&quot;0&quot;,&quot;title&quot;:&quot;&quot;,&quot;orientation&quot;:&quot;0&quot;}\" data-image-title=\"1001035233 (2)\" data-image-description=\"\" data-image-caption=\"\" data-large-file=\"https:\/\/ultimasnoticias.com.ve\/wp-content\/uploads\/2026\/05\/1001035233-2-1024x768.jpg\" src=\"https:\/\/ultimasnoticias.com.ve\/wp-content\/uploads\/2026\/05\/1001035233-2-1024x768.jpg\" alt=\"\" class=\"wp-image-3080896 lazyload\"\/><img loading=\"lazy\" decoding=\"async\" width=\"1024\" height=\"768\" data-attachment-id=\"3080896\" data-permalink=\"https:\/\/ultimasnoticias.com.ve\/politica\/clase-obrera-se-movilizo-en-todo-el-territorio-nacional\/attachment\/1001035233-2\/\" data-orig-file=\"https:\/\/ultimasnoticias.com.ve\/wp-content\/uploads\/2026\/05\/1001035233-2.jpg\" data-orig-size=\"1080,810\" data-comments-opened=\"1\" data-image-meta=\"{&quot;aperture&quot;:&quot;0&quot;,&quot;credit&quot;:&quot;&quot;,&quot;camera&quot;:&quot;&quot;,&quot;caption&quot;:&quot;&quot;,&quot;created_timestamp&quot;:&quot;0&quot;,&quot;copyright&quot;:&quot;&quot;,&quot;focal_length&quot;:&quot;0&quot;,&quot;iso&quot;:&quot;0&quot;,&quot;shutter_speed&quot;:&quot;0&quot;,&quot;title&quot;:&quot;&quot;,&quot;orientation&quot;:&quot;0&quot;}\" data-image-title=\"1001035233 (2)\" data-image-description=\"\" data-image-caption=\"\" data-large-file=\"https:\/\/ultimasnoticias.com.ve\/wp-content\/uploads\/2026\/05\/1001035233-2-1024x768.jpg\" src=\"https:\/\/ultimasnoticias.com.ve\/wp-content\/uploads\/2026\/05\/1001035233-2-1024x768.jpg\" alt=\"\" class=\"wp-image-3080896 lazyload\" srcset=\"https:\/\/ultimasnoticias.com.ve\/wp-content\/uploads\/2026\/05\/1001035233-2-1024x768.jpg 1024w, https:\/\/ultimasnoticias.com.ve\/wp-content\/uploads\/2026\/05\/1001035233-2-300x225.jpg 300w, https:\/\/ultimasnoticias.com.ve\/wp-content\/uploads\/2026\/05\/1001035233-2-768x576.jpg 768w, https:\/\/ultimasnoticias.com.ve\/wp-content\/uploads\/2026\/05\/1001035233-2-150x113.jpg 150w, https:\/\/ultimasnoticias.com.ve\/wp-content\/uploads\/2026\/05\/1001035233-2-696x522.jpg 696w, https:\/\/ultimasnoticias.com.ve\/wp-content\/uploads\/2026\/05\/1001035233-2-1068x801.jpg 1068w, https:\/\/ultimasnoticias.com.ve\/wp-content\/uploads\/2026\/05\/1001035233-2-265x198.jpg 265w, https:\/\/ultimasnoticias.com.ve\/wp-content\/uploads\/2026\/05\/1001035233-2.jpg 1080w\" sizes=\"auto, (max-width: 1024px) 100vw, 1024px\"\/><figcaption class=\"wp-element-caption\">En Tucupita la iglesia San Antonio recibi\u00f3 a los trabajadores. Gobernaci\u00f3n Delta Amacuro<\/figcaption><\/figure>\n<p><strong>Delta Amacuro<\/strong>. En Tucupita la Iglesia San Antonio recibi\u00f3 a cientos de hombres y mujeres que son los que realmente mueven al Delta. En un encuentro marcado por la fe, trabajadores de todos los sectores, desde los que atienden en negocios privados hasta los que hacen vida en oficinas p\u00fablicas, se reunieron para pedir por la paz.<\/p>\n<p>Lo que m\u00e1s resalt\u00f3 en la ceremonia fue el mensaje de unidad. Entre los bancos de la iglesia, se ve\u00edan caras de distintas \u00e1reas laborales compartiendo un mismo sentimiento. Las oraciones no fueron solo un protocolo; los asistentes pidieron con fuerza por la paz del pa\u00eds y, sobre todo, por la salud y la fuerza de cada trabajador que, a pesar de las dificultades, se levanta cada d\u00eda para que las cosas sigan funcionando.<\/p>\n<p>\u201cVinimos a pedir protecci\u00f3n. Ser trabajador en estos tiempos requiere mucha fe y ganas, por eso hoy nos pusimos de acuerdo para orar por el futuro de nuestros hijos y por la tranquilidad de toda Venezuela\u201d, afirm\u00f3 uno de los trabajadores asistentes. El evento fue organizado e impulsado por la Gobernaci\u00f3n de Delta Amacuro.<\/p>\n<\/div>\n\n","protected":false},"excerpt":{"rendered":"<p>Por Lewis Pereira \/ Equipo de corresponsales Este viernes, miles de trabajadores atendieron el llamado de la Central Bolivariana Socialista de Trabajadores (Cbst) para conmemorar el 1.\u00b0 de mayo con una movilizaci\u00f3n que recorri\u00f3 el centro de la capital hasta el Palacio de Miraflores. La jornada estuvo marcada por el reciente anuncio de la presidenta &hellip;<\/p>\n","protected":false},"author":1,"featured_media":64820,"comment_status":"open","ping_status":"open","sticky":false,"template":"","format":"standard","meta":{"fifu_image_url":"https:\/\/ultimasnoticias.com.ve\/wp-content\/uploads\/2026\/05\/WhatsApp-Image-2026-05-01-at-9.43.06-PM.jpeg","fifu_image_alt":"","footnotes":""},"categories":[13],"tags":[],"class_list":["post-64818","post","type-post","status-publish","format-standard","has-post-thumbnail","","category-mundo"],"_links":{"self":[{"href":"https:\/\/noticiasveraces.com\/index.php?rest_route=\/wp\/v2\/posts\/64818","targetHints":{"allow":["GET"]}}],"collection":[{"href":"https:\/\/noticiasveraces.com\/index.php?rest_route=\/wp\/v2\/posts"}],"about":[{"href":"https:\/\/noticiasveraces.com\/index.php?rest_route=\/wp\/v2\/types\/post"}],"author":[{"embeddable":true,"href":"https:\/\/noticiasveraces.com\/index.php?rest_route=\/wp\/v2\/users\/1"}],"replies":[{"embeddable":true,"href":"https:\/\/noticiasveraces.com\/index.php?rest_route=%2Fwp%2Fv2%2Fcomments&post=64818"}],"version-history":[{"count":0,"href":"https:\/\/noticiasveraces.com\/index.php?rest_route=\/wp\/v2\/posts\/64818\/revisions"}],"wp:featuredmedia":[{"embeddable":true,"href":"https:\/\/noticiasveraces.com\/index.php?rest_route=\/wp\/v2\/media\/64820"}],"wp:attachment":[{"href":"https:\/\/noticiasveraces.com\/index.php?rest_route=%2Fwp%2Fv2%2Fmedia&parent=64818"}],"wp:term":[{"taxonomy":"category","embeddable":true,"href":"https:\/\/noticiasveraces.com\/index.php?rest_route=%2Fwp%2Fv2%2Fcategories&post=64818"},{"taxonomy":"post_tag","embeddable":true,"href":"https:\/\/noticiasveraces.com\/index.php?rest_route=%2Fwp%2Fv2%2Ftags&post=64818"}],"curies":[{"name":"wp","href":"https:\/\/api.w.org\/{rel}","templated":true}]}}