{"id":64813,"date":"2026-05-02T06:20:07","date_gmt":"2026-05-02T10:20:07","guid":{"rendered":"https:\/\/noticiasveraces.com\/?p=64813"},"modified":"2026-05-02T06:20:07","modified_gmt":"2026-05-02T10:20:07","slug":"inameh-preve-la-llegada-de-entre-42-y-46-ondas-tropicales-a-venezuela","status":"publish","type":"post","link":"https:\/\/noticiasveraces.com\/?p=64813","title":{"rendered":"Inameh prev\u00e9 la llegada de entre 42 y 46 ondas tropicales a Venezuela"},"content":{"rendered":"<p> \n<\/p>\n<div>\n<p>El Instituto Nacional de Meteorolog\u00eda e Hidrolog\u00eda (Inameh) inform\u00f3 que la temporada de ondas tropicales en el Atl\u00e1ntico comenzar\u00e1 oficialmente el <strong>1\u00b0 de mayo y se extender\u00e1 hasta el 30 de noviembre de 2026<\/strong>periodo en el que se estima la formaci\u00f3n de entre <strong>51 y 57 sistemas<\/strong>.<\/p>\n<div class=\"ruby-table-contents rbtoc table-fw\">\n<ul class=\"toc-content h5\">\n<li>\u00bfQu\u00e9 es una onda tropical?<\/li>\n<li>Lluvias aisladas en varias regiones del pa\u00eds<\/li>\n<\/ul>\n<\/div>\n<p>De acuerdo con las proyecciones del organismo, entre <strong>42 y 46 ondas tropicales podr\u00edan desplazarse por el territorio nacional<\/strong>lo que marca el inicio de una etapa de monitoreo constante de las condiciones meteorol\u00f3gicas en el pa\u00eds.<\/p>\n<p>Asimismo, el Centro Nacional de Huracanes (NHC, por sus siglas en ingl\u00e9s) prev\u00e9 a corto plazo la formaci\u00f3n de la <strong>primera onda tropical de la temporada<\/strong>la cual podr\u00eda ubicarse al <strong>sureste de Cabo Verde<\/strong> en los pr\u00f3ximos d\u00edas.<\/p>\n<blockquote data-service=\"instagram\" data-category=\"marketing\" data-placeholder-image=\"https:\/\/eldiario.com\/wp-content\/plugins\/complianz-gdpr-premium\/assets\/images\/placeholders\/instagram-minimal.jpg\" class=\"cmplz-placeholder-element instagram-media\" data-instgrm-captioned=\"\" data-instgrm-permalink=\"https:\/\/www.instagram.com\/reel\/DXzWpL9xJZ9\/?utm_source=ig_embed&amp;utm_campaign=loading\" data-instgrm-version=\"14\" style=\"background:#fff;border:0;border-radius:3px;box-shadow:0 0 1px 0 rgba(0,0,0,.5),0 1px 10px 0 rgba(0,0,0,.15);margin:1px;max-width:540px;min-width:326px;padding:0;width:99.375%;width:-webkit-calc(100% - 2px);width:calc(100% - 2px)\"\/>\n<p>Seg\u00fan las estimaciones, este sistema podr\u00eda llegar al <strong>este de Venezuela entre el 5 y 6 de mayo<\/strong>aunque las autoridades destacan que no todas las ondas tropicales generan precipitaciones de gran intensidad.<\/p>\n<p>El Inameh subray\u00f3 que los efectos de estos fen\u00f3menos depender\u00e1n de las <strong>condiciones atmosf\u00e9ricas<\/strong> que encuentren durante su desplazamiento, por lo que su impacto en lluvias puede variar considerablemente.<\/p>\n<h2 id=\"que-es-una-onda-tropical\" class=\"rb-heading-index-0-859172 wp-block-heading\"><strong>\u00bfQu\u00e9 es una onda tropical?<\/strong><\/h2>\n<p>Una <strong>onda tropical<\/strong> es una perturbaci\u00f3n atmosf\u00e9rica que se desplaza de este a oeste en las regiones tropicales, caracterizada por la formaci\u00f3n de nubosidad, lluvias y, en algunos casos, tormentas el\u00e9ctricas. <\/p>\n<figure class=\"wp-block-image size-large\"><picture fetchpriority=\"high\" decoding=\"async\" class=\"wp-image-806924\"><source type=\"image\/webp\" sizes=\"(max-width: 1200px) 100vw, 1200px\" nitro-lazy-srcset=\"https:\/\/eldiario.com\/nitropack_static\/DWpklAePbJBFiBKvuTtiGMLbtJlHUqWt\/assets\/images\/optimized\/rev-4f0ec48\/eldiario.com\/wp-content\/uploads\/2025\/07\/Lluvias-en-Venezuela-1200x675.jpg.webp 1200w, https:\/\/eldiario.com\/nitropack_static\/DWpklAePbJBFiBKvuTtiGMLbtJlHUqWt\/assets\/images\/optimized\/rev-4f0ec48\/eldiario.com\/wp-content\/uploads\/2025\/07\/Lluvias-en-Venezuela-300x169.jpg.webp 300w, https:\/\/eldiario.com\/nitropack_static\/DWpklAePbJBFiBKvuTtiGMLbtJlHUqWt\/assets\/images\/optimized\/rev-4f0ec48\/eldiario.com\/wp-content\/uploads\/2025\/07\/Lluvias-en-Venezuela-768x432.jpg.webp 768w, https:\/\/eldiario.com\/nitropack_static\/DWpklAePbJBFiBKvuTtiGMLbtJlHUqWt\/assets\/images\/optimized\/rev-4f0ec48\/eldiario.com\/wp-content\/uploads\/2025\/07\/Lluvias-en-Venezuela-1536x864.jpg.webp 1536w, https:\/\/eldiario.com\/nitropack_static\/DWpklAePbJBFiBKvuTtiGMLbtJlHUqWt\/assets\/images\/optimized\/rev-4f0ec48\/eldiario.com\/wp-content\/uploads\/2025\/07\/Lluvias-en-Venezuela-860x484.jpg.webp 860w, https:\/\/eldiario.com\/nitropack_static\/DWpklAePbJBFiBKvuTtiGMLbtJlHUqWt\/assets\/images\/optimized\/rev-4f0ec48\/eldiario.com\/wp-content\/uploads\/2025\/07\/Lluvias-en-Venezuela-150x84.jpg.webp 150w, https:\/\/eldiario.com\/nitropack_static\/DWpklAePbJBFiBKvuTtiGMLbtJlHUqWt\/assets\/images\/optimized\/rev-4f0ec48\/eldiario.com\/wp-content\/uploads\/2025\/07\/Lluvias-en-Venezuela.jpg.webp 1600w\" nitro-lazy-empty=\"\" id=\"OTAyOjcxNw==-1\" data-nitro-empty-id=\"OTAyOjcxNw==-1\" srcset=\"data:image\/svg+xml;base64,PHN2ZyB2aWV3Qm94PSIwIDAgMTIwMCA2NzUiIHdpZHRoPSIxMjAwIiBoZWlnaHQ9IjY3NSIgeG1sbnM9Imh0dHA6Ly93d3cudzMub3JnLzIwMDAvc3ZnIj48L3N2Zz4=\"\/><img fetchpriority=\"high\" width=\"1200\" height=\"675\" alt=\"Prev\u00e9n lluvias con descargas el\u00e9ctricas en al menos nueve estados de Venezuela\" sizes=\"(max-width: 1200px) 100vw, 1200px\" srcset=\"https:\/\/eldiario.com\/nitropack_static\/DWpklAePbJBFiBKvuTtiGMLbtJlHUqWt\/assets\/images\/optimized\/rev-4f0ec48\/eldiario.com\/wp-content\/uploads\/2025\/07\/Lluvias-en-Venezuela-1200x675.jpg 1200w, https:\/\/eldiario.com\/nitropack_static\/DWpklAePbJBFiBKvuTtiGMLbtJlHUqWt\/assets\/images\/optimized\/rev-4f0ec48\/eldiario.com\/wp-content\/uploads\/2025\/07\/Lluvias-en-Venezuela-300x169.jpg 300w, https:\/\/eldiario.com\/nitropack_static\/DWpklAePbJBFiBKvuTtiGMLbtJlHUqWt\/assets\/images\/optimized\/rev-4f0ec48\/eldiario.com\/wp-content\/uploads\/2025\/07\/Lluvias-en-Venezuela-768x432.jpg 768w, https:\/\/eldiario.com\/nitropack_static\/DWpklAePbJBFiBKvuTtiGMLbtJlHUqWt\/assets\/images\/optimized\/rev-4f0ec48\/eldiario.com\/wp-content\/uploads\/2025\/07\/Lluvias-en-Venezuela-1536x864.jpg 1536w, https:\/\/eldiario.com\/nitropack_static\/DWpklAePbJBFiBKvuTtiGMLbtJlHUqWt\/assets\/images\/optimized\/rev-4f0ec48\/eldiario.com\/wp-content\/uploads\/2025\/07\/Lluvias-en-Venezuela-860x484.jpg 860w, https:\/\/eldiario.com\/nitropack_static\/DWpklAePbJBFiBKvuTtiGMLbtJlHUqWt\/assets\/images\/optimized\/rev-4f0ec48\/eldiario.com\/wp-content\/uploads\/2025\/07\/Lluvias-en-Venezuela-150x84.jpg 150w, https:\/\/eldiario.com\/nitropack_static\/DWpklAePbJBFiBKvuTtiGMLbtJlHUqWt\/assets\/images\/optimized\/rev-4f0ec48\/eldiario.com\/wp-content\/uploads\/2025\/07\/Lluvias-en-Venezuela.jpg 1600w\" src=\"https:\/\/eldiario.com\/nitropack_static\/DWpklAePbJBFiBKvuTtiGMLbtJlHUqWt\/assets\/images\/optimized\/rev-4f0ec48\/eldiario.com\/wp-content\/uploads\/2025\/07\/Lluvias-en-Venezuela-1200x675.jpg\" class=\"nitro-lazy\" decoding=\"async\" nitro-lazy-empty=\"\" id=\"OTAzOjkwMA==-1\" data-nitro-empty-id=\"OTAzOjkwMA==-1\"\/> <\/picture><figcaption class=\"wp-element-caption\">Foto de : Freepik<\/figcaption><\/figure>\n<p>Estos sistemas pueden <strong>variar en intensidad <\/strong>y, aunque muchos generan precipitaciones leves, otros pueden evolucionar y producir lluvias m\u00e1s significativas dependiendo de factores como la humedad, la temperatura y los vientos en la atm\u00f3sfera.<\/p>\n<h2 id=\"lluvias-aisladas-en-varias-regiones-del-pais\" class=\"rb-heading-index-1-859172 wp-block-heading\"><strong>Lluvias aisladas en varias regiones del pa\u00eds<\/strong><\/h2>\n<p>En su reporte de situaci\u00f3n general para las pr\u00f3ximas horas, el Inameh prev\u00e9 el <strong>desarrollo nuboso con lluvias o chubascos aislados<\/strong> en zonas de la <strong>Guayana Esequiba, Bol\u00edvar, Amazonas, Apure, los Andes y Zulia<\/strong>.<\/p>\n<p>Asimismo, no se descartan <strong>lloviznas dispersas en la regi\u00f3n central<\/strong>mientras que el resto del territorio nacional se mantendr\u00e1 <strong>parcialmente nublado, alternando con \u00e1reas despejadas<\/strong>.<\/p>\n<p><em>Este contenido incluye redacci\u00f3n realizada con la inteligencia artificial de ChatGPT. Supervisado y verificado por el equipo editorial. Conoce nuestra pol\u00edtica de uso de IA<\/em><em> <\/em>aqu\u00ed.<\/p>\n<\/p><\/div>\n<p><script async src=\"\/\/www.instagram.com\/embed.js\"><\/script><br \/>\n<br \/>\n","protected":false},"excerpt":{"rendered":"<p>El Instituto Nacional de Meteorolog\u00eda e Hidrolog\u00eda (Inameh) inform\u00f3 que la temporada de ondas tropicales en el Atl\u00e1ntico comenzar\u00e1 oficialmente el 1\u00b0 de mayo y se extender\u00e1 hasta el 30 de noviembre de 2026periodo en el que se estima la formaci\u00f3n de entre 51 y 57 sistemas. \u00bfQu\u00e9 es una onda tropical? Lluvias aisladas en &hellip;<\/p>\n","protected":false},"author":1,"featured_media":64815,"comment_status":"open","ping_status":"open","sticky":false,"template":"","format":"standard","meta":{"fifu_image_url":"https:\/\/eldiario.com\/wp-content\/uploads\/2026\/04\/traffic-jam-1-1200x900.jpg","fifu_image_alt":"","footnotes":""},"categories":[13],"tags":[],"class_list":["post-64813","post","type-post","status-publish","format-standard","has-post-thumbnail","","category-mundo"],"_links":{"self":[{"href":"https:\/\/noticiasveraces.com\/index.php?rest_route=\/wp\/v2\/posts\/64813","targetHints":{"allow":["GET"]}}],"collection":[{"href":"https:\/\/noticiasveraces.com\/index.php?rest_route=\/wp\/v2\/posts"}],"about":[{"href":"https:\/\/noticiasveraces.com\/index.php?rest_route=\/wp\/v2\/types\/post"}],"author":[{"embeddable":true,"href":"https:\/\/noticiasveraces.com\/index.php?rest_route=\/wp\/v2\/users\/1"}],"replies":[{"embeddable":true,"href":"https:\/\/noticiasveraces.com\/index.php?rest_route=%2Fwp%2Fv2%2Fcomments&post=64813"}],"version-history":[{"count":0,"href":"https:\/\/noticiasveraces.com\/index.php?rest_route=\/wp\/v2\/posts\/64813\/revisions"}],"wp:featuredmedia":[{"embeddable":true,"href":"https:\/\/noticiasveraces.com\/index.php?rest_route=\/wp\/v2\/media\/64815"}],"wp:attachment":[{"href":"https:\/\/noticiasveraces.com\/index.php?rest_route=%2Fwp%2Fv2%2Fmedia&parent=64813"}],"wp:term":[{"taxonomy":"category","embeddable":true,"href":"https:\/\/noticiasveraces.com\/index.php?rest_route=%2Fwp%2Fv2%2Fcategories&post=64813"},{"taxonomy":"post_tag","embeddable":true,"href":"https:\/\/noticiasveraces.com\/index.php?rest_route=%2Fwp%2Fv2%2Ftags&post=64813"}],"curies":[{"name":"wp","href":"https:\/\/api.w.org\/{rel}","templated":true}]}}