{"id":64799,"date":"2026-05-02T05:18:45","date_gmt":"2026-05-02T09:18:45","guid":{"rendered":"https:\/\/noticiasveraces.com\/?p=64799"},"modified":"2026-05-02T05:18:45","modified_gmt":"2026-05-02T09:18:45","slug":"tal-dia-como-hoy-2-de-mayo","status":"publish","type":"post","link":"https:\/\/noticiasveraces.com\/?p=64799","title":{"rendered":"Tal d\u00eda como hoy 2 de mayo"},"content":{"rendered":"<p> \n<\/p>\n<div>\n<p>Tal d\u00eda como hoy. Por\u00a0Fran Arreaza Ortega.\u00a0 Articulista, comunicador, educador y cronista especializado en efem\u00e9rides de \u00e1mbito general. Columnista @elnacionalweb Contacto: @franarreaza<\/p>\n<hr\/>\n<h3><strong><img loading=\"lazy\" decoding=\"async\" class=\"alignnone size-medium wp-image-831428 lazyload\" src=\"data:image\/png;base64,iVBORw0KGgoAAAANSUhEUgAAASwAAACwAQAAAACd1W5UAAAAAnRSTlMAAHaTzTgAAAAeSURBVFjD7cExAQAAAMKg9U9tDQ+gAAAAAAAA4NcAGtAAAfByTE0AAAAASUVORK5CYII=\" alt=\"\" width=\"300\" height=\"176\" data-src=\"http:\/\/elnacional-uploads.nyc3.digitaloceanspaces.com\/wp-content\/uploads\/2022\/03\/20024707\/Tal-dia-eventos-2.gif\" data-eio-rwidth=\"300\" data-eio-rheight=\"176\"\/><img loading=\"lazy\" decoding=\"async\" class=\"alignnone size-medium wp-image-831428\" src=\"http:\/\/elnacional-uploads.nyc3.digitaloceanspaces.com\/wp-content\/uploads\/2022\/03\/20024707\/Tal-dia-eventos-2.gif\" alt=\"\" width=\"300\" height=\"176\" data-eio=\"l\"\/>Eventos<\/strong><\/h3>\n<hr\/>\n<p><img loading=\"lazy\" decoding=\"async\" class=\"alignnone size-medium wp-image-790176 lazyload\" src=\"data:image\/png;base64,iVBORw0KGgoAAAANSUhEUgAAASwAAACzAQAAAAAbQRz6AAAAAnRSTlMAAHaTzTgAAAAdSURBVFjD7cExAQAAAMKg9U\/tbQegAAAAAAAAgDMbRQABnEjtSQAAAABJRU5ErkJggg==\" alt=\"\" width=\"300\" height=\"179\" data-src=\"http:\/\/elnacional-uploads.nyc3.digitaloceanspaces.com\/wp-content\/uploads\/2021\/12\/20201509\/Napeleon-Bonaparte.jpg\" data-eio-rwidth=\"300\" data-eio-rheight=\"179\"\/><img loading=\"lazy\" decoding=\"async\" class=\"alignnone size-medium wp-image-790176\" src=\"http:\/\/elnacional-uploads.nyc3.digitaloceanspaces.com\/wp-content\/uploads\/2021\/12\/20201509\/Napeleon-Bonaparte.jpg\" alt=\"\" width=\"300\" height=\"179\" data-eio=\"l\"\/><\/p>\n<p>En\u00a01808: en\u00a0Madrid\u00a0(Espa\u00f1a) se produce el\u00a0levantamiento del 2 de mayo\u00a0contra el ej\u00e9rcito franc\u00e9s de\u00a0Napole\u00f3n Bonaparte.<\/p>\n<hr\/>\n<p><img loading=\"lazy\" decoding=\"async\" class=\"alignnone wp-image-851518 size-full lazyload\" src=\"data:image\/png;base64,iVBORw0KGgoAAAANSUhEUgAAAMQAAAChAQAAAACw5C0vAAAAAnRSTlMAAHaTzTgAAAAbSURBVFjD7cExAQAAAMKg9U9tB2+gAAAAAF4DEFoAAUAdwucAAAAASUVORK5CYII=\" alt=\"\" width=\"196\" height=\"161\" data-src=\"http:\/\/elnacional-uploads.nyc3.digitaloceanspaces.com\/wp-content\/uploads\/2022\/05\/19185555\/svastica.gif\" data-eio-rwidth=\"196\" data-eio-rheight=\"161\"\/><img loading=\"lazy\" decoding=\"async\" class=\"alignnone wp-image-851518 size-full\" src=\"http:\/\/elnacional-uploads.nyc3.digitaloceanspaces.com\/wp-content\/uploads\/2022\/05\/19185555\/svastica.gif\" alt=\"\" width=\"196\" height=\"161\" data-eio=\"l\"\/><\/p>\n<p>En 1931, en Alemania, <strong>Hitler suprime los sindicatos libres<\/strong>.<\/p>\n<hr\/>\n<p><img loading=\"lazy\" decoding=\"async\" class=\"alignnone size-medium wp-image-851519 lazyload\" src=\"data:image\/png;base64,iVBORw0KGgoAAAANSUhEUgAAASwAAADHAQAAAACL8lMtAAAAAnRSTlMAAHaTzTgAAAAeSURBVFjD7cGBAAAAAMOg+VNf4AhVAQAAAAAAAMAxHlEAAatFV7sAAAAASUVORK5CYII=\" alt=\"\" width=\"300\" height=\"199\" data-src=\"http:\/\/elnacional-uploads.nyc3.digitaloceanspaces.com\/wp-content\/uploads\/2022\/05\/19185553\/tony-blair.gif\" data-eio-rwidth=\"300\" data-eio-rheight=\"199\"\/><img loading=\"lazy\" decoding=\"async\" class=\"alignnone size-medium wp-image-851519\" src=\"http:\/\/elnacional-uploads.nyc3.digitaloceanspaces.com\/wp-content\/uploads\/2022\/05\/19185553\/tony-blair.gif\" alt=\"\" width=\"300\" height=\"199\" data-eio=\"l\"\/><\/p>\n<p>En 1997: en\u00a0Reino Unido,\u00a0Tony Blair es elegido primer ministro, lo que lo convierte en el m\u00e1s joven en ocupar ese puesto en 185 a\u00f1os.<\/p>\n<p><strong>\u00bfQui\u00e9n manda m\u00e1s: el rey o el primer ministro?<\/strong><\/p>\n<p>La ley de la Iglesia de Inglaterra establece que \u00abel rey es el principal poder de Dios en este Reino y tiene suprema autoridad sobre todas las personas y todos los procesos tanto eclesi\u00e1sticos como civiles\u00bb. En la pr\u00e1ctica este poder es ejercido generalmente a trav\u00e9s del Parlamento y el primer ministro.<\/p>\n<hr\/>\n<p><img loading=\"lazy\" decoding=\"async\" class=\"alignnone size-medium wp-image-851520 lazyload\" src=\"data:image\/png;base64,iVBORw0KGgoAAAANSUhEUgAAASwAAADZAQAAAACyLjDGAAAAAnRSTlMAAHaTzTgAAAAfSURBVGje7cEBDQAAAMKg909tDwcUAAAAAAAAAMCVASEPAAFuIeZMAAAAAElFTkSuQmCC\" alt=\"\" width=\"300\" height=\"217\" data-src=\"http:\/\/elnacional-uploads.nyc3.digitaloceanspaces.com\/wp-content\/uploads\/2022\/05\/19185551\/Obama.gif\" data-eio-rwidth=\"300\" data-eio-rheight=\"217\"\/><img loading=\"lazy\" decoding=\"async\" class=\"alignnone size-medium wp-image-851520\" src=\"http:\/\/elnacional-uploads.nyc3.digitaloceanspaces.com\/wp-content\/uploads\/2022\/05\/19185551\/Obama.gif\" alt=\"\" width=\"300\" height=\"217\" data-eio=\"l\"\/><\/p>\n<p>En 2011: Tras el anuncio del presidente Obama de haber\u00a0localizado y matado el 1\u00b0 de mayo a\u00a0Osama bin Laden, el terrorista m\u00e1s buscado del mundo y jefe de la banda terrorista\u00a0Al Qaeda, comienza una enorme pol\u00e9mica sobre qu\u00e9 hacer con su cuerpo. Entretanto, el pueblo norteamericano y el mundo celebr\u00f3 la desaparici\u00f3n de esta amenaza para la humanidad.<\/p>\n<hr\/>\n<p><img loading=\"lazy\" decoding=\"async\" class=\"alignnone size-full wp-image-1009937 lazyload\" src=\"data:image\/png;base64,iVBORw0KGgoAAAANSUhEUgAAASEAAACoAQAAAACHrmUSAAAAAnRSTlMAAHaTzTgAAAAdSURBVFjD7cEBDQAAAMKg909tDjegAAAAAAAAvg0Y8AABn4c4bAAAAABJRU5ErkJggg==\" alt=\"\" width=\"289\" height=\"168\" data-src=\"http:\/\/elnacional-uploads.nyc3.digitaloceanspaces.com\/wp-content\/uploads\/2023\/05\/30072446\/Captura-de-pantalla-2023-05-01-121215.png\" data-eio-rwidth=\"289\" data-eio-rheight=\"168\"\/><img loading=\"lazy\" decoding=\"async\" class=\"alignnone size-full wp-image-1009937\" src=\"http:\/\/elnacional-uploads.nyc3.digitaloceanspaces.com\/wp-content\/uploads\/2023\/05\/30072446\/Captura-de-pantalla-2023-05-01-121215.png\" alt=\"\" width=\"289\" height=\"168\" data-eio=\"l\"\/><\/p>\n<p><strong>2017<\/strong>: Primera emisi\u00f3n de la serie <em>La casa de papel<\/em>.<\/p>\n<p>\u00bfCu\u00e1l es el trama principal de <em>La casa de papel<\/em>?<\/p>\n<p><b>Ocho ladrones toman rehenes en la F\u00e1brica Nacional de Moneda y Timbre de Espa\u00f1a, mientras el l\u00edder de la banda manipula a la polic\u00eda para cumplir con su plan<\/b>. Serie reconocida como mejor drama en los premios Iris (donde se llev\u00f3 otros seis), F\u00e9nix y Emmy Internacional.<\/p>\n<hr\/>\n<h3><strong><img loading=\"lazy\" decoding=\"async\" class=\"alignnone size-full wp-image-1009936 lazyload\" src=\"data:image\/png;base64,iVBORw0KGgoAAAANSUhEUgAAAQYAAAC4AQAAAAAp+X8gAAAAAnRSTlMAAHaTzTgAAAAdSURBVFjD7cExAQAAAMKg9U9tCF+gAAAAAAAAPgMYcAABFKpsaAAAAABJRU5ErkJggg==\" alt=\"\" width=\"262\" height=\"184\" data-src=\"http:\/\/elnacional-uploads.nyc3.digitaloceanspaces.com\/wp-content\/uploads\/2023\/05\/30072443\/Captura-de-pantalla-2023-05-01-120747.png\" data-eio-rwidth=\"262\" data-eio-rheight=\"184\"\/><img loading=\"lazy\" decoding=\"async\" class=\"alignnone size-full wp-image-1009936\" src=\"http:\/\/elnacional-uploads.nyc3.digitaloceanspaces.com\/wp-content\/uploads\/2023\/05\/30072443\/Captura-de-pantalla-2023-05-01-120747.png\" alt=\"\" width=\"262\" height=\"184\" data-eio=\"l\"\/>Nacimientos<\/strong><\/h3>\n<hr\/>\n<p><img loading=\"lazy\" decoding=\"async\" class=\"alignnone size-medium wp-image-851521 lazyload\" src=\"data:image\/png;base64,iVBORw0KGgoAAAANSUhEUgAAASwAAACxAQAAAABWib3xAAAAAnRSTlMAAHaTzTgAAAAeSURBVFjD7cEBDQAAAMKg909tDjegAAAAAAAA4N4AGvcAAUYcoDAAAAAASUVORK5CYII=\" alt=\"\" width=\"300\" height=\"177\" data-src=\"http:\/\/elnacional-uploads.nyc3.digitaloceanspaces.com\/wp-content\/uploads\/2022\/05\/19185549\/Baron-rojo.gif\" data-eio-rwidth=\"300\" data-eio-rheight=\"177\"\/><img loading=\"lazy\" decoding=\"async\" class=\"alignnone size-medium wp-image-851521\" src=\"http:\/\/elnacional-uploads.nyc3.digitaloceanspaces.com\/wp-content\/uploads\/2022\/05\/19185549\/Baron-rojo.gif\" alt=\"\" width=\"300\" height=\"177\" data-eio=\"l\"\/><\/p>\n<p>En 1892 nace el Bar\u00f3n Rojo, militar alem\u00e1n famoso por ser el aviador de guerra invicto del mundo y por ostentar el r\u00e9cord de 80 aviones derribados en batalla a\u00e9rea. Muri\u00f3 el 21 de abril de 1918, cuando solo ten\u00eda 28 a\u00f1os. Este piloto hizo famoso el modo de vuelo zig zag.<\/p>\n<hr\/>\n<p><img loading=\"lazy\" decoding=\"async\" class=\"alignnone size-medium wp-image-851522 lazyload\" src=\"data:image\/png;base64,iVBORw0KGgoAAAANSUhEUgAAASwAAADOAQAAAACs\/QLlAAAAAnRSTlMAAHaTzTgAAAAfSURBVFjD7cGBAAAAAMOg+VMf4QJVAQAAAAAAAADfAB9iAAEmhTzcAAAAAElFTkSuQmCC\" alt=\"\" width=\"300\" height=\"206\" data-src=\"http:\/\/elnacional-uploads.nyc3.digitaloceanspaces.com\/wp-content\/uploads\/2022\/05\/19185546\/Beckham.gif\" data-eio-rwidth=\"300\" data-eio-rheight=\"206\"\/><img loading=\"lazy\" decoding=\"async\" class=\"alignnone size-medium wp-image-851522\" src=\"http:\/\/elnacional-uploads.nyc3.digitaloceanspaces.com\/wp-content\/uploads\/2022\/05\/19185546\/Beckham.gif\" alt=\"\" width=\"300\" height=\"206\" data-eio=\"l\"\/><\/p>\n<p>En\u00a01975:\u00a0David Beckham, exfutbolista\u00a0ingl\u00e9s (centrocampista) cuya carrera profesional dur\u00f3 algo m\u00e1s de veinte a\u00f1os (1992-2013). Asimismo, es una celebridad m\u00e1s all\u00e1 del \u00e1mbito deportivo, con una lucrativa actividad publicitaria que sigue al d\u00eda de hoy. Beckham desarroll\u00f3 los primeros 11 a\u00f1os de su carrera deportiva en el Manchester United.<\/p>\n<hr\/>\n<h3><strong>Fallecimientos<\/strong><\/h3>\n<hr\/>\n<p><img loading=\"lazy\" decoding=\"async\" class=\"alignnone size-full wp-image-851523 lazyload\" src=\"data:image\/png;base64,iVBORw0KGgoAAAANSUhEUgAAAKsAAACsAQAAAAAslmEMAAAAAnRSTlMAAHaTzTgAAAAbSURBVEjH7cExAQAAAMKg9U9tCj+gAAAAgIcBD3QAAbLkHUgAAAAASUVORK5CYII=\" alt=\"\" width=\"171\" height=\"172\" data-src=\"http:\/\/elnacional-uploads.nyc3.digitaloceanspaces.com\/wp-content\/uploads\/2022\/05\/19185542\/DaVinci.gif\" data-eio-rwidth=\"171\" data-eio-rheight=\"172\"\/><img loading=\"lazy\" decoding=\"async\" class=\"alignnone size-full wp-image-851523\" src=\"http:\/\/elnacional-uploads.nyc3.digitaloceanspaces.com\/wp-content\/uploads\/2022\/05\/19185542\/DaVinci.gif\" alt=\"\" width=\"171\" height=\"172\" data-eio=\"l\"\/><\/p>\n<p>En 1519 (fecha m\u00e1s probable) fallece Leonardo da Vinci, artista renacentista italiano. Pintor,\u00a0anatomista, arquitecto,\u00a0paleont\u00f3logo, bot\u00e1nico,\u00a0cient\u00edfico,\u00a0escritor, escultor,\u00a0 fil\u00f3sofo,\u00a0ingeniero,\u00a0inventor,\u00a0m\u00fasico,\u00a0poeta y urbanista. Padre de este movimiento y uno de los m\u00e1s prodigiosos hombres del mundo de las artes.<\/p>\n<hr\/>\n<h3><strong><img loading=\"lazy\" decoding=\"async\" class=\"alignnone size-full wp-image-831427 lazyload\" src=\"data:image\/png;base64,iVBORw0KGgoAAAANSUhEUgAAAQIAAACEAQAAAABTqhiMAAAAAnRSTlMAAHaTzTgAAAAbSURBVFjD7cExAQAAAMKg9U9tCy+gAAAAAHgYEYgAARqwCm8AAAAASUVORK5CYII=\" alt=\"\" width=\"258\" height=\"132\" data-src=\"http:\/\/elnacional-uploads.nyc3.digitaloceanspaces.com\/wp-content\/uploads\/2022\/03\/20024710\/tal-dia-celebraciones-2.gif\" data-eio-rwidth=\"258\" data-eio-rheight=\"132\"\/><img loading=\"lazy\" decoding=\"async\" class=\"alignnone size-full wp-image-831427\" src=\"http:\/\/elnacional-uploads.nyc3.digitaloceanspaces.com\/wp-content\/uploads\/2022\/03\/20024710\/tal-dia-celebraciones-2.gif\" alt=\"\" width=\"258\" height=\"132\" data-eio=\"l\"\/>Celebraciones internacionales<\/strong><\/h3>\n<hr\/>\n<p><strong>Dile no al maltrato emocional<\/strong><\/p>\n<hr\/>\n<h3><strong><img loading=\"lazy\" decoding=\"async\" class=\"alignnone size-full wp-image-1082403 lazyload\" src=\"data:image\/png;base64,iVBORw0KGgoAAAANSUhEUgAAAMkAAABvAQAAAABu+NlbAAAAAnRSTlMAAHaTzTgAAAAaSURBVEjH7cExAQAAAMKg9U9tDQ+gAACAawMLtQABIV2yKgAAAABJRU5ErkJggg==\" alt=\"\" width=\"201\" height=\"111\" data-src=\"http:\/\/elnacional-uploads.nyc3.digitaloceanspaces.com\/wp-content\/uploads\/2023\/09\/31130624\/Tal-dia-bandera.png\" data-eio-rwidth=\"201\" data-eio-rheight=\"111\"\/><img loading=\"lazy\" decoding=\"async\" class=\"alignnone size-full wp-image-1082403\" src=\"http:\/\/elnacional-uploads.nyc3.digitaloceanspaces.com\/wp-content\/uploads\/2023\/09\/31130624\/Tal-dia-bandera.png\" alt=\"\" width=\"201\" height=\"111\" data-eio=\"l\"\/>Efem\u00e9rides Venezuela Anexo<\/strong><\/h3>\n<p><strong>1952:<\/strong> se crea el<strong> Parque Nacional Sierra Nevada<\/strong>. La Sierra Nevada de M\u00e9rida\u200b\u200b es una cadena monta\u00f1osa perteneciente a la Cordillera de los Andes, la cual atraviesa la parte occidental de Venezuela, espec\u00edficamente entre Barinas y M\u00e9rida.<\/p>\n<p><strong>2019:<\/strong> muere <strong>Juan Vicente Torrealba<\/strong>m\u00fasico y compositor venezolano autor de Concierto en la Llanura entre otras grandes composiciones.<\/p>\n<hr\/>\n<h3><strong><img loading=\"lazy\" decoding=\"async\" class=\"alignnone size-full wp-image-942057 lazyload\" src=\"data:image\/png;base64,iVBORw0KGgoAAAANSUhEUgAAAPYAAAClAQAAAABHcz08AAAAAnRSTlMAAHaTzTgAAAAcSURBVFjD7cExAQAAAMKg9U9tDB+gAAAAAAA+BhSgAAHx4VX\/AAAAAElFTkSuQmCC\" alt=\"\" width=\"246\" height=\"165\" data-src=\"http:\/\/elnacional-uploads.nyc3.digitaloceanspaces.com\/wp-content\/uploads\/2022\/11\/18122421\/tal-dia-santoral-1.gif\" data-eio-rwidth=\"246\" data-eio-rheight=\"165\"\/><img loading=\"lazy\" decoding=\"async\" class=\"alignnone size-full wp-image-942057\" src=\"http:\/\/elnacional-uploads.nyc3.digitaloceanspaces.com\/wp-content\/uploads\/2022\/11\/18122421\/tal-dia-santoral-1.gif\" alt=\"\" width=\"246\" height=\"165\" data-eio=\"l\"\/>Santoral cat\u00f3lico<\/strong><\/h3>\n<hr\/>\n<ul>\n<li>San Jos\u00e9 Obrero<\/li>\n<li>San Atanasio, obispo y doctor de la Iglesia.<\/li>\n<li>San Ciriaco de Atal\u00eda, obispo y m\u00e1rtir.<\/li>\n<li>San Segundo, obispo<\/li>\n<\/ul>\n<hr\/>\n<p>Tal d\u00eda como hoy. Por\u00a0Fran Arreaza Ortega.\u00a0 Articulista, comunicador, educador y cronista especializado en efem\u00e9rides de \u00e1mbito general. Columnista @elnacionalweb Contacto: @franarreaza<\/p>\n<\/div>\n\n","protected":false},"excerpt":{"rendered":"<p>Tal d\u00eda como hoy. Por\u00a0Fran Arreaza Ortega.\u00a0 Articulista, comunicador, educador y cronista especializado en efem\u00e9rides de \u00e1mbito general. Columnista @elnacionalweb Contacto: @franarreaza Eventos En\u00a01808: en\u00a0Madrid\u00a0(Espa\u00f1a) se produce el\u00a0levantamiento del 2 de mayo\u00a0contra el ej\u00e9rcito franc\u00e9s de\u00a0Napole\u00f3n Bonaparte. En 1931, en Alemania, Hitler suprime los sindicatos libres. En 1997: en\u00a0Reino Unido,\u00a0Tony Blair es elegido primer ministro, &hellip;<\/p>\n","protected":false},"author":1,"featured_media":64801,"comment_status":"open","ping_status":"open","sticky":false,"template":"","format":"standard","meta":{"fifu_image_url":"https:\/\/elnacional-uploads.nyc3.digitaloceanspaces.com\/wp-content\/uploads\/2022\/04\/30071019\/Tal-dia-portada-2-3.png","fifu_image_alt":"","footnotes":""},"categories":[13],"tags":[],"class_list":["post-64799","post","type-post","status-publish","format-standard","has-post-thumbnail","","category-mundo"],"_links":{"self":[{"href":"https:\/\/noticiasveraces.com\/index.php?rest_route=\/wp\/v2\/posts\/64799","targetHints":{"allow":["GET"]}}],"collection":[{"href":"https:\/\/noticiasveraces.com\/index.php?rest_route=\/wp\/v2\/posts"}],"about":[{"href":"https:\/\/noticiasveraces.com\/index.php?rest_route=\/wp\/v2\/types\/post"}],"author":[{"embeddable":true,"href":"https:\/\/noticiasveraces.com\/index.php?rest_route=\/wp\/v2\/users\/1"}],"replies":[{"embeddable":true,"href":"https:\/\/noticiasveraces.com\/index.php?rest_route=%2Fwp%2Fv2%2Fcomments&post=64799"}],"version-history":[{"count":0,"href":"https:\/\/noticiasveraces.com\/index.php?rest_route=\/wp\/v2\/posts\/64799\/revisions"}],"wp:featuredmedia":[{"embeddable":true,"href":"https:\/\/noticiasveraces.com\/index.php?rest_route=\/wp\/v2\/media\/64801"}],"wp:attachment":[{"href":"https:\/\/noticiasveraces.com\/index.php?rest_route=%2Fwp%2Fv2%2Fmedia&parent=64799"}],"wp:term":[{"taxonomy":"category","embeddable":true,"href":"https:\/\/noticiasveraces.com\/index.php?rest_route=%2Fwp%2Fv2%2Fcategories&post=64799"},{"taxonomy":"post_tag","embeddable":true,"href":"https:\/\/noticiasveraces.com\/index.php?rest_route=%2Fwp%2Fv2%2Ftags&post=64799"}],"curies":[{"name":"wp","href":"https:\/\/api.w.org\/{rel}","templated":true}]}}