{"id":64782,"date":"2026-05-02T03:16:58","date_gmt":"2026-05-02T07:16:58","guid":{"rendered":"https:\/\/noticiasveraces.com\/?p=64782"},"modified":"2026-05-02T03:16:58","modified_gmt":"2026-05-02T07:16:58","slug":"coalicion-sindical-convoca-marcha-hacia-la-embajada-de-ee-uu-en-caracas-para-exigir-transicion-en-venezuela-albertonews","status":"publish","type":"post","link":"https:\/\/noticiasveraces.com\/?p=64782","title":{"rendered":"Coalici\u00f3n Sindical convoca marcha hacia la Embajada de EE.UU. en Caracas para exigir transici\u00f3n en Venezuela &#8211; AlbertoNews"},"content":{"rendered":"<p> \n<\/p>\n<div>\n<p><strong>La Coalici\u00f3n Sindical Nacional de Trabajadores anunci\u00f3 la convocatoria a una nueva jornada de movilizaci\u00f3n en la capital venezolana para el pr\u00f3ximo 7 de mayo<\/strong>en medio del creciente malestar del sector laboral por la pol\u00edtica salarial del Gobierno.<\/p>\n<p>A trav\u00e9s de su cuenta en la red social X, la organizaci\u00f3n hizo un llamado a la ciudadan\u00eda a sumarse a la protesta: \u201c\u00a1Atenci\u00f3n Venezuela! Nos movilizamos este 7 de mayo hacia la Embajada de los EEUU\u201d. La convocatoria ocurre pocos d\u00edas despu\u00e9s de las manifestaciones por el D\u00eda del Trabajador, marcadas por reclamos de mejoras salariales y condiciones laborales en el pa\u00eds.<\/p>\n<p>Seg\u00fan inform\u00f3 el dirigente sindical Jos\u00e9 Patines, la concentraci\u00f3n est\u00e1 prevista en la Plaza Alfredo Sadel, en Las Mercedes, desde donde los manifestantes marchar\u00e1n hasta la sede diplom\u00e1tica estadounidense en Caracas.<\/p>\n<p><strong>Entre los objetivos de la movilizaci\u00f3n destaca la intenci\u00f3n de presionar al Gobierno de Estados Unidos para que impulse lo que califican como una \u201ctransici\u00f3n real\u201d en Venezuela, en un contexto de tensiones pol\u00edticas y sociales.<\/strong><\/p>\n<p>La convocatoria surge tras el reciente anuncio de la vicepresidenta Delcy Rodr\u00edguez sobre un incremento en los bonos otorgados a trabajadores, sin modificar el salario m\u00ednimo, que permanece en 130 bol\u00edvares desde marzo de 2022. La medida ha sido ampliamente cuestionada por sectores sindicales, que insisten en que las bonificaciones no sustituyen un ajuste salarial integral.<\/p>\n<p>El descontento laboral ha ido en aumento en las \u00faltimas semanas, con protestas y movilizaciones en Caracas y otras ciudades del pa\u00eds, en las que trabajadores exigen ingresos dignos y el cumplimiento de derechos establecidos en la Constituci\u00f3n.<\/p>\n<blockquote class=\"twitter-tweet\" data-media-max-width=\"560\">\n<p dir=\"ltr\" lang=\"es\">\u00daLTIMA HORA | Coalici\u00f3n Sindical convoca marcha hacia la Embajada de EEUU en Caracas para exigir transici\u00f3n en Venezuela https:\/\/t.co\/s9sjv3ahxt <a href=\"https:\/\/t.co\/54VaNZQcQe\">pic.twitter.com\/54VaNZQcQe<\/a><\/p>\n<p>-AlbertoRodNews (@AlbertoRodNews) <a href=\"https:\/\/twitter.com\/AlbertoRodNews\/status\/2050402984538849750?ref_src=twsrc%5Etfw\">2 de mayo de 2026<\/a><\/p>\n<\/blockquote>\n<\/p>\n<p><strong>Si quieres recibir en tu celular esta y otras informaciones descarga Telegram, ingresa al link <\/strong><strong>https:\/\/t.me\/albertorodnews<\/strong><strong> y dale click a +Unirme.  <\/strong><\/p>\n<p><strong>Alberto Noticias<\/strong><\/p>\n<\/div>\n<p><script async src=\"https:\/\/platform.twitter.com\/widgets.js\" charset=\"utf-8\"><\/script><br \/>\n<br \/>\n","protected":false},"excerpt":{"rendered":"<p>La Coalici\u00f3n Sindical Nacional de Trabajadores anunci\u00f3 la convocatoria a una nueva jornada de movilizaci\u00f3n en la capital venezolana para el pr\u00f3ximo 7 de mayoen medio del creciente malestar del sector laboral por la pol\u00edtica salarial del Gobierno. A trav\u00e9s de su cuenta en la red social X, la organizaci\u00f3n hizo un llamado a la &hellip;<\/p>\n","protected":false},"author":1,"featured_media":64783,"comment_status":"open","ping_status":"open","sticky":false,"template":"","format":"standard","meta":{"fifu_image_url":"https:\/\/cdn.albertonews.com\/wp-content\/uploads\/2026\/05\/salarios-protestas.jpg","fifu_image_alt":"","footnotes":""},"categories":[13],"tags":[],"class_list":["post-64782","post","type-post","status-publish","format-standard","has-post-thumbnail","","category-mundo"],"_links":{"self":[{"href":"https:\/\/noticiasveraces.com\/index.php?rest_route=\/wp\/v2\/posts\/64782","targetHints":{"allow":["GET"]}}],"collection":[{"href":"https:\/\/noticiasveraces.com\/index.php?rest_route=\/wp\/v2\/posts"}],"about":[{"href":"https:\/\/noticiasveraces.com\/index.php?rest_route=\/wp\/v2\/types\/post"}],"author":[{"embeddable":true,"href":"https:\/\/noticiasveraces.com\/index.php?rest_route=\/wp\/v2\/users\/1"}],"replies":[{"embeddable":true,"href":"https:\/\/noticiasveraces.com\/index.php?rest_route=%2Fwp%2Fv2%2Fcomments&post=64782"}],"version-history":[{"count":0,"href":"https:\/\/noticiasveraces.com\/index.php?rest_route=\/wp\/v2\/posts\/64782\/revisions"}],"wp:featuredmedia":[{"embeddable":true,"href":"https:\/\/noticiasveraces.com\/index.php?rest_route=\/wp\/v2\/media\/64783"}],"wp:attachment":[{"href":"https:\/\/noticiasveraces.com\/index.php?rest_route=%2Fwp%2Fv2%2Fmedia&parent=64782"}],"wp:term":[{"taxonomy":"category","embeddable":true,"href":"https:\/\/noticiasveraces.com\/index.php?rest_route=%2Fwp%2Fv2%2Fcategories&post=64782"},{"taxonomy":"post_tag","embeddable":true,"href":"https:\/\/noticiasveraces.com\/index.php?rest_route=%2Fwp%2Fv2%2Ftags&post=64782"}],"curies":[{"name":"wp","href":"https:\/\/api.w.org\/{rel}","templated":true}]}}