{"id":64735,"date":"2026-05-01T21:10:51","date_gmt":"2026-05-02T01:10:51","guid":{"rendered":"https:\/\/noticiasveraces.com\/?p=64735"},"modified":"2026-05-01T21:10:51","modified_gmt":"2026-05-02T01:10:51","slug":"guatemala-termina-la-era-de-la-cuestionada-fiscal-consuelo-porras-pero-su-sombra-sigue-latente","status":"publish","type":"post","link":"https:\/\/noticiasveraces.com\/?p=64735","title":{"rendered":"Guatemala: termina la era de la cuestionada fiscal Consuelo Porras, pero su sombra sigue latente"},"content":{"rendered":"<p> \n<\/p>\n<div>\n<p>El ocaso de Consuelo Porras como una de las fiscales m\u00e1s controvertidas de Am\u00e9rica Latina. <strong>El pr\u00f3ximo 17 de mayo, como dicta la ley, Guatemala amanecer\u00e1 con un nuevo fiscal general,<\/strong> cerrando un cap\u00edtulo extenso de incertidumbre y temor judicial, que mantiene a m\u00e1s de un centenar de guatemaltecos en el exilio.<\/p>\n<p>Quienes viven en la di\u00e1spora escaparon de la suerte que han corrido varios de los denominados \u00abpresos pol\u00edticos\u00bb, entre ellos el periodista Jos\u00e9 Rub\u00e9n Zamora, quien estuvo tras las rejas de un calabozo por 1.295 d\u00edas (cerca de tres a\u00f1os y medio), donde denunci\u00f3 haber sido v\u00edctima de torturas y vejaciones. Aunque ahora se encuentra bajo arresto domiciliario, sigue imputado por varios delitos, los cuales, para la comunidad internacional, son espurios y responden a una persecuci\u00f3n pol\u00edtica.<\/p>\n<div class=\"em-video-wrapper m-em-video\" data-media-video-wbmz388014-f24-es-20260501=\"\" data-wrapper-video-player=\"\" data-show-hidden-video-player=\"WBMZ388014-F24-ES-20260501\" data-youtube-script=\"\">\n<div class=\"m-em-video__video\">\n<div class=\"o-em-consent \">\n<div class=\"o-em-consent__content\">\n<p class=\"o-em-consent__content__text\">Para mostrar este contenido de YouTube, debe autorizar las cookies de medici\u00f3n de audiencia y publicidad.<\/p>\n<p>        <button class=\"a-master-button a-master-button--dark\" data-action=\"accept\"><\/p>\n<p>            Aceptar<br \/>\n                            <svg class=\"a-svg a-svg--icon-check\">\n    <use xlink:href=\"http:\/\/www.france24.com\/build\/images\/svg\/sprite.c98bf387c90bc4a87186b0b783f15ba0.svg#icon-check\" href=\"http:\/\/www.france24.com\/build\/images\/svg\/sprite.c98bf387c90bc4a87186b0b783f15ba0.svg#icon-check\"\/>\n  <\/svg><br \/>\n        <\/button><br \/>\n        <button class=\"a-link\" data-action=\"manage\">Gestionar mis opciones<i class=\"a-svg a-svg--icon-edit\"\/><\/button>\n    <\/div>\n<\/div>\n<div class=\"o-em-adblock\" data-adblock-content=\"\">\n<div class=\"o-em-adblock__content\">\n<p class=\"o-em-adblock__content__text\">Una extensi\u00f3n de tu navegador parece estar bloqueando la carga del reproductor de video. Para poder ver este contenido, debes desactivarla en este sitio.<\/p>\n<p>            <button class=\"a-master-button a-master-button--dark\" data-action=\"reload\">Reintentar<\/button>\n    <\/div>\n<\/div>\n<figure class=\"m-item-image m-item-image--16x9 m-item-image--has-caption\">\n<picture class=\"a-picture a-picture--16x9\"><source type=\"image\/webp\" srcset=\"https:\/\/s.france24.com\/media\/display\/fa600420-3ea9-11f1-a2f8-005056a90284\/w:388\/p:16x9\/ES-20260421-135334-135843-CS.webp 388w,https:\/\/s.france24.com\/media\/display\/fa600420-3ea9-11f1-a2f8-005056a90284\/w:720\/p:16x9\/ES-20260421-135334-135843-CS.webp 720w,https:\/\/s.france24.com\/media\/display\/fa600420-3ea9-11f1-a2f8-005056a90284\/w:1024\/p:16x9\/ES-20260421-135334-135843-CS.webp 1024w\" sizes=\"(max-width: 639px) calc(100vw - 32px), (max-width: 1076px) calc(100vw - 44px), 850px\"><img fetchpriority=\"low\" decoding=\"async\" src=\"https:\/\/s.france24.com\/media\/display\/fa600420-3ea9-11f1-a2f8-005056a90284\/w:1024\/p:16x9\/ES-20260421-135334-135843-CS.jpg\" srcset=\"https:\/\/s.france24.com\/media\/display\/fa600420-3ea9-11f1-a2f8-005056a90284\/w:388\/p:16x9\/ES-20260421-135334-135843-CS.jpg 388w,https:\/\/s.france24.com\/media\/display\/fa600420-3ea9-11f1-a2f8-005056a90284\/w:720\/p:16x9\/ES-20260421-135334-135843-CS.jpg 720w,https:\/\/s.france24.com\/media\/display\/fa600420-3ea9-11f1-a2f8-005056a90284\/w:1024\/p:16x9\/ES-20260421-135334-135843-CS.jpg 1024w\" sizes=\"auto, (max-width: 639px) calc(100vw - 32px), (max-width: 1076px) calc(100vw - 44px), 850px\" width=\"1024\" height=\"576\" alt=\"\" loading=\"lazy\" class=\"a-img \"\/><br \/>\n<\/source><\/picture><figcaption class=\"a-figcaption\">\n                                <span>\u00a9 Francia 24<\/span>            <\/figcaption><\/figure>\n<\/p><\/div>\n<\/p><\/div>\n<p>Otros casos similares de los considerados presos de conciencia son los de las autoridades ind\u00edgenas Luis Pacheco y H\u00e9ctor Chacl\u00e1n, ambos funcionarios del Gobierno de Bernardo Ar\u00e9valo cuando fueron detenidos hace m\u00e1s de un a\u00f1o. En su contra pesan delitos por haber liderado el gran paro nacional de 2023, en el que el pueblo de Guatemala, desde la costa caribe hasta la costa pac\u00edfica, exig\u00eda a gritos la renuncia de la fiscal Consuelo Porras.<\/p>\n<p>Un levantamiento popular que mantuvo paralizado al pa\u00eds por tres semanas, en respuesta a las m\u00faltiples acciones de Porras para evitar la asunci\u00f3n de Bernardo Ar\u00e9valo a la Presidencia. El masivo respaldo popular que impulsaron Pacheco y Chacl\u00e1n, as\u00ed como la presi\u00f3n internacional, fueron determinantes para extinguir los intentos de Porras desde las huestes del Ministerio P\u00fablico.<\/p>\n<p class=\"a-read-more\"><span class=\"a-read-more__label\">Leer tambi\u00e9n<\/span>La fiscal de Guatemala sancionada por EE. UU. sufre un nuevo rev\u00e9s en su plan de reelecci\u00f3n<\/p>\n<h2><strong>El Ministerio P\u00fablico: \u00bfarma de persecuci\u00f3n?<\/strong><\/h2>\n<p>Cuando Porras asumi\u00f3 la Fiscal\u00eda en 2018, Guatemala a\u00fan conservaba parte del impulso reformista que dej\u00f3 la Comisi\u00f3n Internacional contra la Impunidad en Guatemala (Cicig), un \u00f3rgano independiente de la ONU, cuya alianza con fiscales locales hab\u00eda destapado algunas de las tramas de corrupci\u00f3n m\u00e1s profundas del pa\u00eds.<\/p>\n<p>Uno de ellos fue Juan Francisco Sandoval, quien, cuando se desempe\u00f1aba como fiscal anticorrupci\u00f3n en 2021, abri\u00f3 una investigaci\u00f3n en contra del entonces presidente, Alejandro Giammattei. Se trataba de un presunto caso de corrupci\u00f3n en el que el mandatario habr\u00eda recibido una suma millonaria en d\u00f3lares, envuelta en una alfombra y enviada directamente a su casa por parte de poderosos empresarios rusos y kazajos para mantener operaciones de extracci\u00f3n minera en el pa\u00eds. La investigaci\u00f3n enemist\u00f3 a Sandoval con Porras, quien lo destituy\u00f3 del cargo y archiv\u00f3 el expediente.<\/p>\n<div class=\"m-em-image\">\n<figure class=\"m-item-image m-item-image--original m-item-image--has-caption\">\n<picture class=\"a-picture a-picture--original\"><source type=\"image\/webp\" srcset=\"https:\/\/s.france24.com\/media\/display\/0ac13fce-4507-11f1-921e-005056a97e36\/w:246\/66de277274b1cfc341865684a2a301fee12e515ew.webp 246w,https:\/\/s.france24.com\/media\/display\/0ac13fce-4507-11f1-921e-005056a97e36\/w:388\/66de277274b1cfc341865684a2a301fee12e515ew.webp 388w,https:\/\/s.france24.com\/media\/display\/0ac13fce-4507-11f1-921e-005056a97e36\/w:720\/66de277274b1cfc341865684a2a301fee12e515ew.webp 720w,https:\/\/s.france24.com\/media\/display\/0ac13fce-4507-11f1-921e-005056a97e36\/w:980\/66de277274b1cfc341865684a2a301fee12e515ew.webp 980w\" sizes=\"(max-width: 1023px) calc(100vw - 32px), (min-width: 1024px) 850px\"><img fetchpriority=\"low\" decoding=\"async\" src=\"https:\/\/s.france24.com\/media\/display\/0ac13fce-4507-11f1-921e-005056a97e36\/w:980\/66de277274b1cfc341865684a2a301fee12e515ew.jpg\" srcset=\"https:\/\/s.france24.com\/media\/display\/0ac13fce-4507-11f1-921e-005056a97e36\/w:246\/66de277274b1cfc341865684a2a301fee12e515ew.jpg 246w,https:\/\/s.france24.com\/media\/display\/0ac13fce-4507-11f1-921e-005056a97e36\/w:388\/66de277274b1cfc341865684a2a301fee12e515ew.jpg 388w,https:\/\/s.france24.com\/media\/display\/0ac13fce-4507-11f1-921e-005056a97e36\/w:720\/66de277274b1cfc341865684a2a301fee12e515ew.jpg 720w,https:\/\/s.france24.com\/media\/display\/0ac13fce-4507-11f1-921e-005056a97e36\/w:980\/66de277274b1cfc341865684a2a301fee12e515ew.jpg 980w\" sizes=\"(max-width: 1023px) calc(100vw - 32px), (min-width: 1024px) 850px\" alt=\"Archivo. El 31 de julio de 2021, decenas de guatemaltecos exigieron la renuncia del entonces presidente Alejandro Giammattei, en una nueva jornada de manifestaci\u00f3n en repudio de la destituci\u00f3n del fiscal anticorrupci\u00f3n Juan Francisco Sandoval.\" style=\"max-height:567px\" loading=\"lazy\" class=\"a-img \"\/><br \/>\n<\/source><\/picture><figcaption class=\"a-figcaption\">\n                <span>Archivo. El 31 de julio de 2021, decenas de guatemaltecos exigieron la renuncia del entonces presidente Alejandro Giammattei, en una nueva jornada de manifestaci\u00f3n en repudio de la destituci\u00f3n del fiscal anticorrupci\u00f3n Juan Francisco Sandoval.<\/span>                <span>\u00a9 EFE<\/span>            <\/figcaption><\/figure>\n<\/p><\/div>\n<p>\u201cEstoy por cumplir cinco a\u00f1os en el exilio y, junto con un centenar de guatemaltecos, hemos sido v\u00edctimas de un patr\u00f3n sistem\u00e1tico de persecuci\u00f3n ilegal. Algunos ya podr\u00edan regresar, pero muchos tenemos que esperar para determinar qu\u00e9 rumbo van a tomar los casos\u201d, afirma Sandoval a France 24.<\/p>\n<p>Su testimonio ilustra el costo humano de una gesti\u00f3n que, seg\u00fan organismos internacionales y organizaciones civiles, convirti\u00f3 al Ministerio P\u00fablico en un aparato de retaliaci\u00f3n contra quienes hab\u00edan impulsado investigaciones sobre corrupci\u00f3n estatal y crimen organizado.<\/p>\n<p>Para Sandoval,<strong> la fiscal general no solo desmont\u00f3 estructuras anticorrupci\u00f3n, sino que utiliz\u00f3 el cargo como blindaje pol\u00edtico y judicial. <\/strong><\/p>\n<blockquote class=\"quote\">\n<p>\u201cRefleja que, m\u00e1s que prestar su cargo al servicio del pa\u00eds, ha pretendido utilizar puestos como el de fiscal general con el prop\u00f3sito de garantizarse la impunidad que le genera la inmunidad de la que goza\u201d, afirma Sandoval desde Washington D.C.<\/p>\n<\/blockquote>\n<p>El exfiscal incluso considera que la magnitud de los abusos cometidos durante la administraci\u00f3n de Porras amerita derivar en casos penales futuros.<\/p>\n<div class=\"m-em-image\">\n<figure class=\"m-item-image m-item-image--original m-item-image--has-caption\">\n<picture class=\"a-picture a-picture--original\"><source type=\"image\/webp\" srcset=\"https:\/\/s.france24.com\/media\/display\/72dd34c8-4507-11f1-8a54-005056bfb2b6\/w:246\/f7638308222cdab0a027ebc42095ed70953cd835w.webp 246w,https:\/\/s.france24.com\/media\/display\/72dd34c8-4507-11f1-8a54-005056bfb2b6\/w:388\/f7638308222cdab0a027ebc42095ed70953cd835w.webp 388w,https:\/\/s.france24.com\/media\/display\/72dd34c8-4507-11f1-8a54-005056bfb2b6\/w:720\/f7638308222cdab0a027ebc42095ed70953cd835w.webp 720w,https:\/\/s.france24.com\/media\/display\/72dd34c8-4507-11f1-8a54-005056bfb2b6\/w:980\/f7638308222cdab0a027ebc42095ed70953cd835w.webp 980w\" sizes=\"(max-width: 1023px) calc(100vw - 32px), (min-width: 1024px) 850px\"><img fetchpriority=\"low\" decoding=\"async\" src=\"https:\/\/s.france24.com\/media\/display\/72dd34c8-4507-11f1-8a54-005056bfb2b6\/w:980\/f7638308222cdab0a027ebc42095ed70953cd835w.jpg\" srcset=\"https:\/\/s.france24.com\/media\/display\/72dd34c8-4507-11f1-8a54-005056bfb2b6\/w:246\/f7638308222cdab0a027ebc42095ed70953cd835w.jpg 246w,https:\/\/s.france24.com\/media\/display\/72dd34c8-4507-11f1-8a54-005056bfb2b6\/w:388\/f7638308222cdab0a027ebc42095ed70953cd835w.jpg 388w,https:\/\/s.france24.com\/media\/display\/72dd34c8-4507-11f1-8a54-005056bfb2b6\/w:720\/f7638308222cdab0a027ebc42095ed70953cd835w.jpg 720w,https:\/\/s.france24.com\/media\/display\/72dd34c8-4507-11f1-8a54-005056bfb2b6\/w:980\/f7638308222cdab0a027ebc42095ed70953cd835w.jpg 980w\" sizes=\"(max-width: 1023px) calc(100vw - 32px), (min-width: 1024px) 850px\" alt=\"El 24 de julio de 2021, guatemaltecos se manifestaron contra la destituci\u00f3n del fiscal anticorrupci\u00f3n Juan Francisco Sandoval, removido de su cargo por la jefa del Ministerio P\u00fablico, Consuelo Porras.\" style=\"max-height:567px\" loading=\"lazy\" class=\"a-img \"\/><br \/>\n<\/source><\/picture><figcaption class=\"a-figcaption\">\n                <span>El 24 de julio de 2021, guatemaltecos se manifestaron contra la destituci\u00f3n del fiscal anticorrupci\u00f3n Juan Francisco Sandoval, removido de su cargo por la jefa del Ministerio P\u00fablico, Consuelo Porras.<\/span>                <span>\u00a9 EFE<\/span>            <\/figcaption><\/figure>\n<\/p><\/div>\n<p>\u201cElla deber\u00eda enfrentar responsabilidad por cr\u00edmenes que incluso rayan en los que se encuentran comprendidos en los preceptos de lesa humanidad y, si no es en Guatemala, vamos a ver si en alguna parte del mundo enfrenta su responsabilidad\u201d, subraya.<\/p>\n<p class=\"a-read-more\"><span class=\"a-read-more__label\">Leer tambi\u00e9n<\/span>Las horas de zozobra de los jueces y fiscales de Guatemala en el exilio<\/p>\n<h2><strong>\u00bfQu\u00e9 defiende la fiscal Porras?<\/strong><\/h2>\n<p>Porras, a trav\u00e9s del Ministerio P\u00fablico, ha defendido la legalidad de su gesti\u00f3n. La saliente fiscal ha insistido en que act\u00faa conforme a la Constituci\u00f3n y las leyes guatemaltecas, adem\u00e1s de asegurar que el organismo que dirige es independiente y sus decisiones no responden a presiones pol\u00edticas.<\/p>\n<div class=\"m-em-image\">\n<figure class=\"m-item-image m-item-image--original m-item-image--has-caption\">\n<picture class=\"a-picture a-picture--original\"><source type=\"image\/webp\" srcset=\"https:\/\/s.france24.com\/media\/display\/2f2776b2-d759-11ee-8dea-005056a90284\/w:246\/000_33QN248.webp 246w,https:\/\/s.france24.com\/media\/display\/2f2776b2-d759-11ee-8dea-005056a90284\/w:388\/000_33QN248.webp 388w,https:\/\/s.france24.com\/media\/display\/2f2776b2-d759-11ee-8dea-005056a90284\/w:720\/000_33QN248.webp 720w,https:\/\/s.france24.com\/media\/display\/2f2776b2-d759-11ee-8dea-005056a90284\/w:980\/000_33QN248.webp 980w\" sizes=\"(max-width: 1023px) calc(100vw - 32px), (min-width: 1024px) 850px\"><img fetchpriority=\"low\" decoding=\"async\" src=\"https:\/\/s.france24.com\/media\/display\/2f2776b2-d759-11ee-8dea-005056a90284\/w:980\/000_33QN248.jpg\" srcset=\"https:\/\/s.france24.com\/media\/display\/2f2776b2-d759-11ee-8dea-005056a90284\/w:246\/000_33QN248.jpg 246w,https:\/\/s.france24.com\/media\/display\/2f2776b2-d759-11ee-8dea-005056a90284\/w:388\/000_33QN248.jpg 388w,https:\/\/s.france24.com\/media\/display\/2f2776b2-d759-11ee-8dea-005056a90284\/w:720\/000_33QN248.jpg 720w,https:\/\/s.france24.com\/media\/display\/2f2776b2-d759-11ee-8dea-005056a90284\/w:980\/000_33QN248.jpg 980w\" sizes=\"(max-width: 1023px) calc(100vw - 32px), (min-width: 1024px) 850px\" alt=\"Archivo-La fiscal general de Guatemala, Consuelo Porras (C), llega a una reuni\u00f3n con alcaldes municipales electos, en la Ciudad de Guatemala, el 4 de agosto de 2023.\" style=\"max-height:566px\" loading=\"lazy\" class=\"a-img \"\/><br \/>\n<\/source><\/picture><figcaption class=\"a-figcaption\">\n                <span>Archivo-La fiscal general de Guatemala, Consuelo Porras (C), llega a una reuni\u00f3n con alcaldes municipales electos, en la Ciudad de Guatemala, el 4 de agosto de 2023.<\/span>                <span>\u00a9 AFP &#8211; Johan Ord\u00f3\u00f1ez<\/span>            <\/figcaption><\/figure>\n<\/p><\/div>\n<p>En cuanto a las cr\u00edticas internacionales, como ejemplo, en febrero de 2024, rechaz\u00f3 \u00abcateg\u00f3ricamente\u00bb los \u00abse\u00f1alamientos espurios, maliciosos y antidemocr\u00e1ticos propiciados por el Consejo Europeo, que denotan profundo desconocimiento del sistema jur\u00eddico guatemalteco\u201d.<\/p>\n<p>Adem\u00e1s, ha calificado las sanciones en su contra como \u201cataques sistem\u00e1ticos\u201d que buscan intimidar y coaccionar a funcionarios del MP y apunt\u00f3 que algunos actores buscan detener investigaciones en curso.<\/p>\n<h2><strong>Los intentos de Porras de blindarse con inmunidad<\/strong><\/h2>\n<p>En la recta final de su mandato, <strong>a Consuelo Porras, de 72 a\u00f1os, se le ha visto buscando con intensidad altos puestos judiciales con los que pueda mantener intacta su inmunidad <\/strong>o derecho de antejuicio. Sin embargo, todos sus esfuerzos han sido infructuosos.<\/p>\n<p>El pasado febrero, Porras aspir\u00f3 a convertirse en magistrada de la Corte de Constitucionalidad (CC), nominada por el Consejo Superior Universitario, siendo r\u00e1pidamente descartada. De manera que present\u00f3 su expediente ante la propia Corte Suprema de Justicia, que act\u00faa como ente elector para la CC -m\u00e1ximo tribunal del pa\u00eds-, pero tampoco obtuvo eco y qued\u00f3 por fuera de la selecci\u00f3n final.<\/p>\n<div class=\"m-em-image\">\n<figure class=\"m-item-image m-item-image--original m-item-image--has-caption\">\n<picture class=\"a-picture a-picture--original\"><source type=\"image\/webp\" srcset=\"https:\/\/s.france24.com\/media\/display\/898ad816-34d5-11f1-a3a0-005056bfb2b6\/w:246\/ce072cd8dd9bc2b5ef5bc51e1a5da705241d1c63.webp 246w,https:\/\/s.france24.com\/media\/display\/898ad816-34d5-11f1-a3a0-005056bfb2b6\/w:388\/ce072cd8dd9bc2b5ef5bc51e1a5da705241d1c63.webp 388w,https:\/\/s.france24.com\/media\/display\/898ad816-34d5-11f1-a3a0-005056bfb2b6\/w:720\/ce072cd8dd9bc2b5ef5bc51e1a5da705241d1c63.webp 720w,https:\/\/s.france24.com\/media\/display\/898ad816-34d5-11f1-a3a0-005056bfb2b6\/w:980\/ce072cd8dd9bc2b5ef5bc51e1a5da705241d1c63.webp 980w\" sizes=\"(max-width: 1023px) calc(100vw - 32px), (min-width: 1024px) 850px\"><img fetchpriority=\"low\" decoding=\"async\" src=\"https:\/\/s.france24.com\/media\/display\/898ad816-34d5-11f1-a3a0-005056bfb2b6\/w:980\/ce072cd8dd9bc2b5ef5bc51e1a5da705241d1c63.jpg\" srcset=\"https:\/\/s.france24.com\/media\/display\/898ad816-34d5-11f1-a3a0-005056bfb2b6\/w:246\/ce072cd8dd9bc2b5ef5bc51e1a5da705241d1c63.jpg 246w,https:\/\/s.france24.com\/media\/display\/898ad816-34d5-11f1-a3a0-005056bfb2b6\/w:388\/ce072cd8dd9bc2b5ef5bc51e1a5da705241d1c63.jpg 388w,https:\/\/s.france24.com\/media\/display\/898ad816-34d5-11f1-a3a0-005056bfb2b6\/w:720\/ce072cd8dd9bc2b5ef5bc51e1a5da705241d1c63.jpg 720w,https:\/\/s.france24.com\/media\/display\/898ad816-34d5-11f1-a3a0-005056bfb2b6\/w:980\/ce072cd8dd9bc2b5ef5bc51e1a5da705241d1c63.jpg 980w\" sizes=\"(max-width: 1023px) calc(100vw - 32px), (min-width: 1024px) 850px\" alt=\"La fiscal general guatemalteca, Consuelo Porras, atiende una rueda de prensa, en Ciudad de Guatemala, el 9 de abril de 2026\" style=\"max-height:567px\" loading=\"lazy\" class=\"a-img \"\/><br \/>\n<\/source><\/picture><figcaption class=\"a-figcaption\">\n                <span>La fiscal general guatemalteca, Consuelo Porras, atiende una rueda de prensa, en Ciudad de Guatemala, el 9 de abril de 2026<\/span>                <span>\u00a9 JOHAN ORD\u00d3NEZ \/ AFP<\/span>            <\/figcaption><\/figure>\n<\/p><\/div>\n<p>Habiendo sido desestimada para integrar la magistratura del m\u00e1ximo tribunal de justicia de Guatemala, decidi\u00f3 buscar la reelecci\u00f3n para un tercer mandato de fiscal general. Las c\u00e1maras de los medios locales la persegu\u00edan cuando caminaba entre un tumulto de personas para inscribir su expediente a concurso. Una vez el proceso de selecci\u00f3n avanz\u00f3 a la etapa final, Porras obtuvo la calificaci\u00f3n m\u00e1s alta de la evaluaci\u00f3n t\u00e9cnica, con 92.33 puntos sobre 100.<\/p>\n<p class=\"a-read-more\"><span class=\"a-read-more__label\">Leer tambi\u00e9n<\/span>La fiscal Porras, sancionada por EE. UU. y la UE, se postula a la m\u00e1xima corte de Guatemala<\/p>\n<p>Sin embargo, el alto puntaje de Porras no fue suficiente para la Comisi\u00f3n de Postulaci\u00f3n, el \u00f3rgano encargado de definir la lista final de aspirantes y conformado por representantes de diversos sectores, incluyendo acad\u00e9micos y profesionales. As\u00ed, Porras\u00a0se qued\u00f3 fuera de las dos instancias de votaci\u00f3n para la n\u00f3mina final de seis aspirantes a encabezar el Ministerio P\u00fablico.<\/p>\n<p>Sin otras opciones a la vista para blindarse en un cargo de inmunidad, Porras y su red de fiscales miran ahora hacia el exterior con opciones de refugio, afirma a France 24 el excomisionado presidencial del Gobierno de Ar\u00e9valo y actual director de la ONG Acci\u00f3n Ciudadana, Edie Cux<\/p>\n<p>\u201cYo creo que s\u00ed estar\u00eda temerosa; ya hay algunas noticias o informaci\u00f3n de movimientos de su c\u00edrculo cercano teniendo viajes a Panam\u00e1, M\u00e9xico, incluso Belice, podr\u00eda ser una posibilidad (buscar refugio), teniendo en cuenta que el da\u00f1o que ha hecho es grande, y que se excedi\u00f3 sobre el uso del poder punitivo\u201d, a\u00f1ade.<\/p>\n<p class=\"a-read-more\"><span class=\"a-read-more__label\">Leer tambi\u00e9n<\/span>Guatemala: claves de la renovaci\u00f3n del Poder Judicial en medio de lucha anticorrupci\u00f3n<\/p>\n<h2><strong>Una sucesi\u00f3n a la Fiscal\u00eda bajo sospecha<\/strong><\/h2>\n<p>De acuerdo con los expertos, <strong>el verdadero pulso para elegir la cabeza del Ministerio P\u00fablico no est\u00e1 \u00fanicamente en la salida de Consuelo Porras<\/strong>sino en la batalla por su herencia.<\/p>\n<p>En entrevista con France 24,\u00a0Edie Cux\u00a0denunci\u00f3 que el sistema de elecci\u00f3n de fiscal general no responde a una necesidad t\u00e9cnica ni \u00e9tica. Se trata de una Comisi\u00f3n de Postulaci\u00f3n que, en su opini\u00f3n, emergi\u00f3 desde la academia para dar visos de independencia, pero que pronto fue politizada.<\/p>\n<div id=\"em-WBMZ388038-F24-ES-20260501\" class=\"m-em-flash\" data-xtwitter-script=\"\"><figcaption class=\"a-figcaption\">\n<\/figcaption><div class=\"o-em-consent \">\n<div class=\"o-em-consent__content\">\n<p class=\"o-em-consent__content__text\">Para mostrar este contenido de X (Twitter), debe autorizar las cookies de medici\u00f3n de audiencia y publicidad.<\/p>\n<p>        <button class=\"a-master-button a-master-button--dark\" data-action=\"accept\"><\/p>\n<p>            Aceptar<br \/>\n                            <svg class=\"a-svg a-svg--icon-check\">\n    <use xlink:href=\"http:\/\/www.france24.com\/build\/images\/svg\/sprite.c98bf387c90bc4a87186b0b783f15ba0.svg#icon-check\" href=\"http:\/\/www.france24.com\/build\/images\/svg\/sprite.c98bf387c90bc4a87186b0b783f15ba0.svg#icon-check\"\/>\n  <\/svg><br \/>\n        <\/button><br \/>\n        <button class=\"a-link\" data-action=\"manage\">Gestionar mis opciones<i class=\"a-svg a-svg--icon-edit\"\/><\/button>\n    <\/div>\n<\/div>\n<\/div>\n<p>\u201cSe evidencia el hecho de que las universidades (que forman parte de la comisi\u00f3n) son influenciadas por grupos pol\u00edticos, apoyando perfiles cuestionables, con antecedentes vinculados con el crimen organizado, a candidatos o candidatas que han tratado de vulnerar el Estado de derecho, incluso la democracia en las elecciones generales, y que han sumido en una profunda crisis al sistema de justicia\u201d.<\/p>\n<p>En esto coincide el exfiscal anticorrupci\u00f3n Juan Francisco Sandoval: \u201cEs indudable que el plan del \u2018pacto de corruptos\u2019 era enviar una n\u00f3mina en la que al presidente no le quedara mayor margen para tomar una decisi\u00f3n que correspondiera al momento que vive el pa\u00eds y, sobre todo, a la importancia que tiene el puesto de fiscal general\u201d.<\/p>\n<p>Seg\u00fan Sandoval, la captura del proceso se refleja en nombres concretos: cinco de los seis candidatos han sido cuestionados: N\u00e9stor Guidebaldo de Le\u00f3n, C\u00e9sar Augusto \u00c1vila, Beyla Adaly Estrada, Julio C\u00e9sar Rivera Claver\u00eda y Carlos Alberto Garc\u00eda Alvarado.<\/p>\n<blockquote class=\"quote\">\n<p>\u201cSon perfiles que, si se empieza a hacer un seguimiento minucioso, tienen involucramientos con actores del pasado se\u00f1alados en investigaciones de gran corrupci\u00f3n o en casos que denotan impunidad\u201d, concluye el exfiscal Sandoval.<\/p>\n<\/blockquote>\n<p>Solo uno de los candidatos, Gabriel Estuardo Garc\u00eda Luna, es el m\u00e1s \u201cpotable\u201d para suceder a Porras, en lo cual concuerda el excomisionado Cux al afirmar que \u201cno se vincula a ning\u00fan grupo de poder y es una persona que trabaj\u00f3 en la corte de disciplina judicial\u201d.<\/p>\n<div class=\"m-em-image\">\n<figure class=\"m-item-image m-item-image--original m-item-image--has-caption\">\n<picture class=\"a-picture a-picture--original\"><source type=\"image\/webp\" srcset=\"https:\/\/s.france24.com\/media\/display\/663ea0d2-450a-11f1-8aa2-005056a90284\/w:246\/e79dded225136d2bfbf577a566f0cd2ad3dfa928w.webp 246w,https:\/\/s.france24.com\/media\/display\/663ea0d2-450a-11f1-8aa2-005056a90284\/w:388\/e79dded225136d2bfbf577a566f0cd2ad3dfa928w.webp 388w,https:\/\/s.france24.com\/media\/display\/663ea0d2-450a-11f1-8aa2-005056a90284\/w:720\/e79dded225136d2bfbf577a566f0cd2ad3dfa928w.webp 720w,https:\/\/s.france24.com\/media\/display\/663ea0d2-450a-11f1-8aa2-005056a90284\/w:980\/e79dded225136d2bfbf577a566f0cd2ad3dfa928w.webp 980w\" sizes=\"(max-width: 1023px) calc(100vw - 32px), (min-width: 1024px) 850px\"><img fetchpriority=\"low\" decoding=\"async\" src=\"https:\/\/s.france24.com\/media\/display\/663ea0d2-450a-11f1-8aa2-005056a90284\/w:980\/e79dded225136d2bfbf577a566f0cd2ad3dfa928w.jpg\" srcset=\"https:\/\/s.france24.com\/media\/display\/663ea0d2-450a-11f1-8aa2-005056a90284\/w:246\/e79dded225136d2bfbf577a566f0cd2ad3dfa928w.jpg 246w,https:\/\/s.france24.com\/media\/display\/663ea0d2-450a-11f1-8aa2-005056a90284\/w:388\/e79dded225136d2bfbf577a566f0cd2ad3dfa928w.jpg 388w,https:\/\/s.france24.com\/media\/display\/663ea0d2-450a-11f1-8aa2-005056a90284\/w:720\/e79dded225136d2bfbf577a566f0cd2ad3dfa928w.jpg 720w,https:\/\/s.france24.com\/media\/display\/663ea0d2-450a-11f1-8aa2-005056a90284\/w:980\/e79dded225136d2bfbf577a566f0cd2ad3dfa928w.jpg 980w\" sizes=\"(max-width: 1023px) calc(100vw - 32px), (min-width: 1024px) 850px\" alt=\"Archivo. El 31 de julio de 2021, decenas de guatemaltecos exigieron de nuevo este s\u00e1bado la renuncia de Alejandro Giammattei a la Presidencia de Guatemala, en una nueva jornada de protesta contra la destituci\u00f3n hace una semana del fiscal anticorrupci\u00f3n Juan Francisco Sandoval.\" style=\"max-height:567px\" loading=\"lazy\" class=\"a-img \"\/><br \/>\n<\/source><\/picture><figcaption class=\"a-figcaption\">\n                <span>Archivo. El 31 de julio de 2021, decenas de guatemaltecos exigieron de nuevo este s\u00e1bado la renuncia de Alejandro Giammattei a la Presidencia de Guatemala, en una nueva jornada de protesta contra la destituci\u00f3n hace una semana del fiscal anticorrupci\u00f3n Juan Francisco Sandoval.<\/span>                <span>\u00a9 EFE<\/span>            <\/figcaption><\/figure>\n<\/p><\/div>\n<p><strong>Con este panorama, el presidente Ar\u00e9valo enfrenta una de las decisiones m\u00e1s delicadas desde que lleg\u00f3 al poder.<\/strong> La persona que designe no solo administrar\u00e1 una Fiscal\u00eda golpeada en su credibilidad, sino que definir\u00e1 si Guatemala inicia un desmontaje gradual de la denunciada maquinaria de persecuci\u00f3n o si, por el contrario, el sistema actual logra reciclarse bajo un nuevo rostro.<\/p>\n<p>Porque si bien el 17 de mayo marcar\u00e1 la salida de la figura m\u00e1s visible de la ofensiva judicial en medio de la lucha anticorrupci\u00f3n, para decenas de fiscales, jueces, periodistas y l\u00edderes ind\u00edgenas que han pasado los \u00faltimos a\u00f1os entre tribunales, clandestinidad o exilio, la pregunta de fondo sigue intacta: no qui\u00e9n abandona el despacho, sino qui\u00e9n seguir\u00e1 moviendo los hilos de la justicia.<\/p>\n<\/p><\/div>\n\n","protected":false},"excerpt":{"rendered":"<p>El ocaso de Consuelo Porras como una de las fiscales m\u00e1s controvertidas de Am\u00e9rica Latina. El pr\u00f3ximo 17 de mayo, como dicta la ley, Guatemala amanecer\u00e1 con un nuevo fiscal general, cerrando un cap\u00edtulo extenso de incertidumbre y temor judicial, que mantiene a m\u00e1s de un centenar de guatemaltecos en el exilio. Quienes viven en &hellip;<\/p>\n","protected":false},"author":1,"featured_media":64737,"comment_status":"open","ping_status":"open","sticky":false,"template":"","format":"standard","meta":{"fifu_image_url":"https:\/\/s.france24.com\/media\/display\/01985236-9f1f-11f0-b126-005056bf30b7\/w:1280\/p:16x9\/AP24017054621194.jpg","fifu_image_alt":"","footnotes":""},"categories":[13],"tags":[],"class_list":["post-64735","post","type-post","status-publish","format-standard","has-post-thumbnail","","category-mundo"],"_links":{"self":[{"href":"https:\/\/noticiasveraces.com\/index.php?rest_route=\/wp\/v2\/posts\/64735","targetHints":{"allow":["GET"]}}],"collection":[{"href":"https:\/\/noticiasveraces.com\/index.php?rest_route=\/wp\/v2\/posts"}],"about":[{"href":"https:\/\/noticiasveraces.com\/index.php?rest_route=\/wp\/v2\/types\/post"}],"author":[{"embeddable":true,"href":"https:\/\/noticiasveraces.com\/index.php?rest_route=\/wp\/v2\/users\/1"}],"replies":[{"embeddable":true,"href":"https:\/\/noticiasveraces.com\/index.php?rest_route=%2Fwp%2Fv2%2Fcomments&post=64735"}],"version-history":[{"count":0,"href":"https:\/\/noticiasveraces.com\/index.php?rest_route=\/wp\/v2\/posts\/64735\/revisions"}],"wp:featuredmedia":[{"embeddable":true,"href":"https:\/\/noticiasveraces.com\/index.php?rest_route=\/wp\/v2\/media\/64737"}],"wp:attachment":[{"href":"https:\/\/noticiasveraces.com\/index.php?rest_route=%2Fwp%2Fv2%2Fmedia&parent=64735"}],"wp:term":[{"taxonomy":"category","embeddable":true,"href":"https:\/\/noticiasveraces.com\/index.php?rest_route=%2Fwp%2Fv2%2Fcategories&post=64735"},{"taxonomy":"post_tag","embeddable":true,"href":"https:\/\/noticiasveraces.com\/index.php?rest_route=%2Fwp%2Fv2%2Ftags&post=64735"}],"curies":[{"name":"wp","href":"https:\/\/api.w.org\/{rel}","templated":true}]}}