{"id":64715,"date":"2026-05-01T19:09:18","date_gmt":"2026-05-01T23:09:18","guid":{"rendered":"https:\/\/noticiasveraces.com\/?p=64715"},"modified":"2026-05-01T19:09:18","modified_gmt":"2026-05-01T23:09:18","slug":"las-protestas-del-primero-de-mayo-fusionan-la-ira-laboral-y-geopolitica-en-todo-el-mundo","status":"publish","type":"post","link":"https:\/\/noticiasveraces.com\/?p=64715","title":{"rendered":"Las protestas del Primero de Mayo fusionan la ira laboral y geopol\u00edtica en todo el mundo"},"content":{"rendered":"<p> \n<\/p>\n<div>\n<div id=\"beyondwords-wrapper\" class=\"beyondwords-wrapper\">\n<p><span class=\"label-bg\">NUEVO<\/span>\u00a1Ahora puedes escuchar los art\u00edculos de Fox News!\n  <\/p>\n<\/div>\n<p class=\"speakable\">Las manifestaciones del Primero de Mayo en Europa y Asia el viernes revelaron c\u00f3mo el D\u00eda Internacional de los Trabajadores se est\u00e1 transformando cada vez m\u00e1s de un evento tradicional de derechos laborales a un campo de batalla pol\u00edtico m\u00e1s amplio, donde las demandas sobre salarios, inflaci\u00f3n y protecci\u00f3n de los trabajadores ahora frecuentemente se entrelazan con el activismo contra la guerra, la ret\u00f3rica contra Israel y luchas ideol\u00f3gicas m\u00e1s amplias por el poder global.<\/p>\n<p class=\"speakable\">Desde Par\u00eds hasta Estambul, Madrid, Manila y Se\u00fal, las protestas a menudo se extendieron mucho m\u00e1s all\u00e1 de los agravios en el lugar de trabajo, y los manifestantes vincularon el aumento del costo de vida y la desigualdad social con la guerra en Medio Oriente, la pol\u00edtica exterior de Estados Unidos y narrativas anticapitalistas m\u00e1s amplias.<\/p>\n<p>Nile Gardiner, miembro principal de la Heritage Foundation, dijo a Fox News Digital que las manifestaciones reflejaban lo que describi\u00f3 como una \u00abpreocupante inversi\u00f3n moral\u00bb.<\/p>\n<p><strong>600 GRUPOS CON 2.000 millones DE INGRESOS MOVILIZAN 3.000 PROTESTAS DEL 1 DE MAYO EN LA ALIANZA &#39;ROJO-AZUL&#39;, ENCUENTRA LA INVESTIGACI\u00d3N<\/strong><\/p>\n<div class=\"image-ct inline\">\n<div class=\"m\"><picture><source media=\"(max-width: 767px)\" srcset=\"https:\/\/a57.foxnews.com\/static.foxnews.com\/foxnews.com\/content\/uploads\/2026\/05\/343\/192\/iraq-may-day-2026.jpg?ve=1&amp;tl=1, https:\/\/a57.foxnews.com\/static.foxnews.com\/foxnews.com\/content\/uploads\/2026\/05\/686\/384\/iraq-may-day-2026.jpg?ve=1&amp;tl=1 2x\" height=\"192\" width=\"343\"><source media=\"(min-width: 768px) and (max-width: 1023px)\" srcset=\"https:\/\/a57.foxnews.com\/static.foxnews.com\/foxnews.com\/content\/uploads\/2026\/05\/672\/378\/iraq-may-day-2026.jpg?ve=1&amp;tl=1, https:\/\/a57.foxnews.com\/static.foxnews.com\/foxnews.com\/content\/uploads\/2026\/05\/1344\/756\/iraq-may-day-2026.jpg?ve=1&amp;tl=1 2x\" height=\"378\" width=\"672\"><source media=\"(min-width: 1024px) and (max-width: 1279px)\" srcset=\"https:\/\/a57.foxnews.com\/static.foxnews.com\/foxnews.com\/content\/uploads\/2026\/05\/931\/523\/iraq-may-day-2026.jpg?ve=1&amp;tl=1, https:\/\/a57.foxnews.com\/static.foxnews.com\/foxnews.com\/content\/uploads\/2026\/05\/1862\/1046\/iraq-may-day-2026.jpg?ve=1&amp;tl=1 2x\" height=\"523\" width=\"931\"><source media=\"(min-width: 1280px)\" srcset=\"https:\/\/a57.foxnews.com\/static.foxnews.com\/foxnews.com\/content\/uploads\/2026\/05\/720\/405\/iraq-may-day-2026.jpg?ve=1&amp;tl=1, https:\/\/a57.foxnews.com\/static.foxnews.com\/foxnews.com\/content\/uploads\/2026\/05\/1440\/810\/iraq-may-day-2026.jpg?ve=1&amp;tl=1 2x\" height=\"405\" width=\"720\"><img loading=\"lazy\" decoding=\"async\" src=\"https:\/\/a57.foxnews.com\/static.foxnews.com\/foxnews.com\/content\/uploads\/2026\/05\/1200\/675\/iraq-may-day-2026.jpg?ve=1&amp;tl=1\" alt=\"Celebraci\u00f3n del Primero de Mayo en Bagdad, Irak\" width=\"1200\" height=\"675\"\/><\/source><\/source><\/source><\/source><\/picture><\/div>\n<div class=\"info\">\n<div class=\"caption\">\n<p><span>Simpatizantes del Partido Comunista Iraqu\u00ed sostienen una hoz y un martillo simb\u00f3licos mientras participan en la celebraci\u00f3n del Primero de Mayo en Bagdad, Irak, el viernes 1 de mayo de 2026. <\/span> <span>(Foto AP\/Hadi Mizban)<\/span><\/p>\n<\/div>\n<\/div>\n<\/div>\n<p>\u00abEstos manifestantes del Primero de Mayo deber\u00edan manifestarse contra la brutal tiran\u00eda en Teher\u00e1n en lugar de protestar contra la acci\u00f3n militar estadounidense, y esto es una ilustraci\u00f3n del completo vac\u00edo moral que existe hoy en Europa\u00bb, dijo Gardiner.<\/p>\n<p>En Par\u00eds, las protestas del Primero de Mayo supuestamente escalaron hasta convertirse en enfrentamientos cuando la polic\u00eda utiliz\u00f3 granadas de gas lacrim\u00f3geno y arrestos forzosos despu\u00e9s de que se lanzaron proyectiles durante las manifestaciones, seg\u00fan im\u00e1genes que circularon p\u00fablicamente en las redes sociales.<\/p>\n<p>Anteriormente, los l\u00edderes sindicales franceses se hab\u00edan centrado en la inflaci\u00f3n, los salarios y la protecci\u00f3n social, pero partes de las protestas tambi\u00e9n incluyeron lemas contra la guerra, simbolismo palestino y cr\u00edticas al gasto militar.<\/p>\n<p><strong>LAS PROTESTAS DEL 1 DE MAYO SE REALIZAR\u00c1N EL VIERNES MIENTRAS AGITADORES EN TODO ESTADOS UNIDOS EMPUJAN EL LEMA DE &#39;TRABAJADORES SOBRE LOS MULTIMILLONARIOS&#39;<\/strong><\/p>\n<div class=\"image-ct inline\">\n<div class=\"m\"><picture><source media=\"(max-width: 767px)\" srcset=\"https:\/\/a57.foxnews.com\/static.foxnews.com\/foxnews.com\/content\/uploads\/2026\/05\/343\/192\/france-may-day-2026.jpg?ve=1&amp;tl=1, https:\/\/a57.foxnews.com\/static.foxnews.com\/foxnews.com\/content\/uploads\/2026\/05\/686\/384\/france-may-day-2026.jpg?ve=1&amp;tl=1 2x\" height=\"192\" width=\"343\"><source media=\"(min-width: 768px) and (max-width: 1023px)\" srcset=\"https:\/\/a57.foxnews.com\/static.foxnews.com\/foxnews.com\/content\/uploads\/2026\/05\/672\/378\/france-may-day-2026.jpg?ve=1&amp;tl=1, https:\/\/a57.foxnews.com\/static.foxnews.com\/foxnews.com\/content\/uploads\/2026\/05\/1344\/756\/france-may-day-2026.jpg?ve=1&amp;tl=1 2x\" height=\"378\" width=\"672\"><source media=\"(min-width: 1024px) and (max-width: 1279px)\" srcset=\"https:\/\/a57.foxnews.com\/static.foxnews.com\/foxnews.com\/content\/uploads\/2026\/05\/931\/523\/france-may-day-2026.jpg?ve=1&amp;tl=1, https:\/\/a57.foxnews.com\/static.foxnews.com\/foxnews.com\/content\/uploads\/2026\/05\/1862\/1046\/france-may-day-2026.jpg?ve=1&amp;tl=1 2x\" height=\"523\" width=\"931\"><source media=\"(min-width: 1280px)\" srcset=\"https:\/\/a57.foxnews.com\/static.foxnews.com\/foxnews.com\/content\/uploads\/2026\/05\/720\/405\/france-may-day-2026.jpg?ve=1&amp;tl=1, https:\/\/a57.foxnews.com\/static.foxnews.com\/foxnews.com\/content\/uploads\/2026\/05\/1440\/810\/france-may-day-2026.jpg?ve=1&amp;tl=1 2x\" height=\"405\" width=\"720\"><img loading=\"lazy\" decoding=\"async\" src=\"https:\/\/a57.foxnews.com\/static.foxnews.com\/foxnews.com\/content\/uploads\/2026\/05\/1200\/675\/france-may-day-2026.jpg?ve=1&amp;tl=1\" alt=\"Manifestaci\u00f3n del Primero de Mayo en Rennes, Francia\" width=\"1200\" height=\"675\"\/><\/source><\/source><\/source><\/source><\/picture><\/div>\n<div class=\"info\">\n<div class=\"caption\">\n<p><span>Los manifestantes marchan durante la manifestaci\u00f3n del Primero de Mayo en Rennes, oeste de Francia, el viernes 1 de mayo de 2026. <\/span> <span>(AP)<\/span><\/p>\n<\/div>\n<\/div>\n<\/div>\n<p>En Madrid, miles de personas marcharon bajo pancartas que dec\u00edan \u00abEl capitalismo deber\u00eda pagar el costo de su guerra\u00bb, mientras los manifestantes protestaban por el estancamiento de los salarios, la escasez de viviendas y el militarismo. Los carteles dirigidos al presidente Donald Trump y al primer ministro israel\u00ed, Benjamin Netanyahu, resaltaron c\u00f3mo el conflicto internacional ocup\u00f3 un lugar destacado junto con las preocupaciones laborales nacionales.<\/p>\n<p>Alemania tambi\u00e9n vio disturbios en Munich, donde im\u00e1genes de periodistas que circularon p\u00fablicamente mostraban a la polic\u00eda antidisturbios usando porras para dispersar a manifestantes de izquierda radical despu\u00e9s de que se encendieran repetidamente pirotecnia durante una manifestaci\u00f3n revolucionaria del Primero de Mayo. <\/p>\n<p>Emma Schubart, investigadora de la Sociedad Henry Jackson, un grupo de expertos con sede en Londres, advirti\u00f3 que las manifestaciones del Primero de Mayo sirven cada vez m\u00e1s como plataformas para movimientos ideol\u00f3gicos que se extienden m\u00e1s all\u00e1 del activismo laboral.<\/p>\n<p>\u00abLas manifestaciones del Primero de Mayo en toda Europa presentan cada vez m\u00e1s elementos islamistas. La ret\u00f3rica militante contra la guerra y el capitalismo ahora va rutinariamente acompa\u00f1ada de banderas palestinas y lemas expl\u00edcitos contra Israel\u00bb, dijo Schubart, a\u00f1adiendo que el activismo de extrema izquierda y las redes vinculadas a los islamistas est\u00e1n convergiendo cada vez m\u00e1s bajo narrativas antioccidentales m\u00e1s amplias.<\/p>\n<p>En Estambul, la polic\u00eda impidi\u00f3 que grupos de izquierda marcharan hacia la prohibida plaza Taksim, el centro hist\u00f3rico del movimiento obrero de Turqu\u00eda, donde las manifestaciones han tenido durante mucho tiempo un peso pol\u00edtico simb\u00f3lico. Los manifestantes intentaron romper las barricadas y se enfrentaron con la polic\u00eda mientras las autoridades deten\u00edan a algunos de los manifestantes.<\/p>\n<p><strong>M\u00c1S ALIADOS CLAVE DE EE.UU. BLOQUEAN VUELOS MILITARES A MEDIDA QUE LA Grieta EN LA GUERRA DE IR\u00c1N SE AMPLIA CON TRUMP<\/strong><\/p>\n<div class=\"image-ct inline\">\n<div class=\"m\"><picture><source media=\"(max-width: 767px)\" srcset=\"https:\/\/a57.foxnews.com\/static.foxnews.com\/foxnews.com\/content\/uploads\/2026\/05\/343\/192\/greece-may-day-2026.jpg?ve=1&amp;tl=1, https:\/\/a57.foxnews.com\/static.foxnews.com\/foxnews.com\/content\/uploads\/2026\/05\/686\/384\/greece-may-day-2026.jpg?ve=1&amp;tl=1 2x\" height=\"192\" width=\"343\"><source media=\"(min-width: 768px) and (max-width: 1023px)\" srcset=\"https:\/\/a57.foxnews.com\/static.foxnews.com\/foxnews.com\/content\/uploads\/2026\/05\/672\/378\/greece-may-day-2026.jpg?ve=1&amp;tl=1, https:\/\/a57.foxnews.com\/static.foxnews.com\/foxnews.com\/content\/uploads\/2026\/05\/1344\/756\/greece-may-day-2026.jpg?ve=1&amp;tl=1 2x\" height=\"378\" width=\"672\"><source media=\"(min-width: 1024px) and (max-width: 1279px)\" srcset=\"https:\/\/a57.foxnews.com\/static.foxnews.com\/foxnews.com\/content\/uploads\/2026\/05\/931\/523\/greece-may-day-2026.jpg?ve=1&amp;tl=1, https:\/\/a57.foxnews.com\/static.foxnews.com\/foxnews.com\/content\/uploads\/2026\/05\/1862\/1046\/greece-may-day-2026.jpg?ve=1&amp;tl=1 2x\" height=\"523\" width=\"931\"><source media=\"(min-width: 1280px)\" srcset=\"https:\/\/a57.foxnews.com\/static.foxnews.com\/foxnews.com\/content\/uploads\/2026\/05\/720\/405\/greece-may-day-2026.jpg?ve=1&amp;tl=1, https:\/\/a57.foxnews.com\/static.foxnews.com\/foxnews.com\/content\/uploads\/2026\/05\/1440\/810\/greece-may-day-2026.jpg?ve=1&amp;tl=1 2x\" height=\"405\" width=\"720\"><img loading=\"lazy\" decoding=\"async\" src=\"https:\/\/a57.foxnews.com\/static.foxnews.com\/foxnews.com\/content\/uploads\/2026\/05\/1200\/675\/greece-may-day-2026.jpg?ve=1&amp;tl=1\" alt=\"Primero de Mayo en Atenas\" width=\"1200\" height=\"675\"\/><\/source><\/source><\/source><\/source><\/picture><\/div>\n<div class=\"info\">\n<div class=\"caption\">\n<p><span>Un manifestante participa en una manifestaci\u00f3n para conmemorar el Primero de Mayo en Atenas, el viernes 1 de mayo de 2026. <\/span> <span>(Petros Giannakouris\/Foto AP)<\/span><\/p>\n<\/div>\n<\/div>\n<\/div>\n<p>Fuera de Europa, surgieron temas similares en toda Asia.<\/p>\n<p>En Manila, los trabajadores se enfrentaron con la polic\u00eda cerca de la embajada de Estados Unidos mientras protestaban por los precios m\u00e1s altos del combustible y las materias primas, exig\u00edan aumentos salariales y ped\u00edan el fin de la guerra en el Medio Oriente.<\/p>\n<p>Un grupo laboral de izquierda hizo desfilar una efigie gigante que representaba a Trump, Netanyahu y al presidente filipino Ferdinand Marcos Jr. como un monstruo de tres cabezas, vinculando simb\u00f3licamente las dificultades internas con el liderazgo pol\u00edtico tanto local como internacional.<\/p>\n<p>En Corea del Sur, miles de personas se reunieron cerca de la plaza Gwanghwamun de Se\u00fal para importantes manifestaciones laborales centradas en la negociaci\u00f3n colectiva y los derechos de los trabajadores, pero los discursos tambi\u00e9n incorporaron mensajes geopol\u00edticos m\u00e1s amplios. <\/p>\n<p>El presidente de la Confederaci\u00f3n de Sindicatos de Corea, Yang Kyung-soo, llam\u00f3 a los manifestantes a \u00abunirse con los trabajadores y pueblos iran\u00edes y palestinos que sufren la agresi\u00f3n imperialista estadounidense\u00bb, conectando expl\u00edcitamente la solidaridad laboral con las narrativas pol\u00edticas antiestadounidenses y de Medio Oriente.<\/p>\n<p><strong>HAGA CLIC AQU\u00cd PARA DESCARGAR LA APLICACI\u00d3N FOX NEWS<\/strong><\/p>\n<div class=\"image-ct inline\">\n<div class=\"m\"><picture><source media=\"(max-width: 767px)\" srcset=\"https:\/\/a57.foxnews.com\/static.foxnews.com\/foxnews.com\/content\/uploads\/2026\/05\/343\/192\/chile-may-day-2026.jpg?ve=1&amp;tl=1, https:\/\/a57.foxnews.com\/static.foxnews.com\/foxnews.com\/content\/uploads\/2026\/05\/686\/384\/chile-may-day-2026.jpg?ve=1&amp;tl=1 2x\" height=\"192\" width=\"343\"><source media=\"(min-width: 768px) and (max-width: 1023px)\" srcset=\"https:\/\/a57.foxnews.com\/static.foxnews.com\/foxnews.com\/content\/uploads\/2026\/05\/672\/378\/chile-may-day-2026.jpg?ve=1&amp;tl=1, https:\/\/a57.foxnews.com\/static.foxnews.com\/foxnews.com\/content\/uploads\/2026\/05\/1344\/756\/chile-may-day-2026.jpg?ve=1&amp;tl=1 2x\" height=\"378\" width=\"672\"><source media=\"(min-width: 1024px) and (max-width: 1279px)\" srcset=\"https:\/\/a57.foxnews.com\/static.foxnews.com\/foxnews.com\/content\/uploads\/2026\/05\/931\/523\/chile-may-day-2026.jpg?ve=1&amp;tl=1, https:\/\/a57.foxnews.com\/static.foxnews.com\/foxnews.com\/content\/uploads\/2026\/05\/1862\/1046\/chile-may-day-2026.jpg?ve=1&amp;tl=1 2x\" height=\"523\" width=\"931\"><source media=\"(min-width: 1280px)\" srcset=\"https:\/\/a57.foxnews.com\/static.foxnews.com\/foxnews.com\/content\/uploads\/2026\/05\/720\/405\/chile-may-day-2026.jpg?ve=1&amp;tl=1, https:\/\/a57.foxnews.com\/static.foxnews.com\/foxnews.com\/content\/uploads\/2026\/05\/1440\/810\/chile-may-day-2026.jpg?ve=1&amp;tl=1 2x\" height=\"405\" width=\"720\"><img loading=\"lazy\" decoding=\"async\" src=\"https:\/\/a57.foxnews.com\/static.foxnews.com\/foxnews.com\/content\/uploads\/2026\/05\/1200\/675\/chile-may-day-2026.jpg?ve=1&amp;tl=1\" alt=\"Multitud de personas marchando con banderas chilenas durante el evento del Primero de Mayo\" width=\"1200\" height=\"675\"\/><\/source><\/source><\/source><\/source><\/picture><\/div>\n<div class=\"info\">\n<div class=\"caption\">\n<p><span>La gente marcha con banderas chilenas durante un evento del Primero de Mayo en Chile en 2026.<\/span> <span>(Juan Gonz\u00e1lez\/Reuters)<\/span><\/p>\n<\/div>\n<\/div>\n<\/div>\n<p>Si bien las prioridades locales variaron, desde los salarios en Francia hasta los derechos laborales en Se\u00fal, el Primero de Mayo de 2026 demostr\u00f3 un patr\u00f3n global creciente: las manifestaciones laborales se est\u00e1n convirtiendo cada vez m\u00e1s en escenarios para una confrontaci\u00f3n ideol\u00f3gica y geopol\u00edtica m\u00e1s amplia.<\/p>\n<p>\u00abEstados Unidos est\u00e1 luchando para defender el mundo libre contra la tiran\u00eda y, sin embargo, en toda Europa y m\u00e1s all\u00e1 vemos a manifestantes dirigir su indignaci\u00f3n hacia Estados Unidos y sus aliados en lugar de hacia los reg\u00edmenes brutales que impulsan gran parte de esta inestabilidad global\u00bb, dijo Gardiner. \u00abEso deber\u00eda preocupar profundamente a cualquiera que se preocupe por el futuro de la civilizaci\u00f3n occidental\u00bb.<\/p>\n<p><i>Reuters y Associated Press contribuyeron a este informe.<\/i><\/p>\n<p> <!----> <!----> <\/p>\n<div class=\"article-meta\">\n<div class=\"author-bio\">\n<p>Efrat Lachter es corresponsal extranjero de Fox News Digital que cubre asuntos internacionales y las Naciones Unidas. S\u00edguela en X @efratlachter. Las historias se pueden enviar a efrat.lachter@fox.com.<\/p>\n<\/div>\n<\/div>\n<\/div>\n\n","protected":false},"excerpt":{"rendered":"<p>NUEVO\u00a1Ahora puedes escuchar los art\u00edculos de Fox News! Las manifestaciones del Primero de Mayo en Europa y Asia el viernes revelaron c\u00f3mo el D\u00eda Internacional de los Trabajadores se est\u00e1 transformando cada vez m\u00e1s de un evento tradicional de derechos laborales a un campo de batalla pol\u00edtico m\u00e1s amplio, donde las demandas sobre salarios, inflaci\u00f3n &hellip;<\/p>\n","protected":false},"author":1,"featured_media":64717,"comment_status":"open","ping_status":"open","sticky":false,"template":"","format":"standard","meta":{"fifu_image_url":"https:\/\/static.foxnews.com\/foxnews.com\/content\/uploads\/2026\/05\/may-day-turkey-scuffle.gif","fifu_image_alt":"","footnotes":""},"categories":[13],"tags":[],"class_list":["post-64715","post","type-post","status-publish","format-standard","has-post-thumbnail","","category-mundo"],"_links":{"self":[{"href":"https:\/\/noticiasveraces.com\/index.php?rest_route=\/wp\/v2\/posts\/64715","targetHints":{"allow":["GET"]}}],"collection":[{"href":"https:\/\/noticiasveraces.com\/index.php?rest_route=\/wp\/v2\/posts"}],"about":[{"href":"https:\/\/noticiasveraces.com\/index.php?rest_route=\/wp\/v2\/types\/post"}],"author":[{"embeddable":true,"href":"https:\/\/noticiasveraces.com\/index.php?rest_route=\/wp\/v2\/users\/1"}],"replies":[{"embeddable":true,"href":"https:\/\/noticiasveraces.com\/index.php?rest_route=%2Fwp%2Fv2%2Fcomments&post=64715"}],"version-history":[{"count":0,"href":"https:\/\/noticiasveraces.com\/index.php?rest_route=\/wp\/v2\/posts\/64715\/revisions"}],"wp:featuredmedia":[{"embeddable":true,"href":"https:\/\/noticiasveraces.com\/index.php?rest_route=\/wp\/v2\/media\/64717"}],"wp:attachment":[{"href":"https:\/\/noticiasveraces.com\/index.php?rest_route=%2Fwp%2Fv2%2Fmedia&parent=64715"}],"wp:term":[{"taxonomy":"category","embeddable":true,"href":"https:\/\/noticiasveraces.com\/index.php?rest_route=%2Fwp%2Fv2%2Fcategories&post=64715"},{"taxonomy":"post_tag","embeddable":true,"href":"https:\/\/noticiasveraces.com\/index.php?rest_route=%2Fwp%2Fv2%2Ftags&post=64715"}],"curies":[{"name":"wp","href":"https:\/\/api.w.org\/{rel}","templated":true}]}}