{"id":64707,"date":"2026-05-01T17:06:56","date_gmt":"2026-05-01T21:06:56","guid":{"rendered":"https:\/\/noticiasveraces.com\/?p=64707"},"modified":"2026-05-01T17:06:56","modified_gmt":"2026-05-01T21:06:56","slug":"trabajadores-y-jubilados-marcharon-en-caracas-por-salarios-dignos-nos-sentimos-burlados","status":"publish","type":"post","link":"https:\/\/noticiasveraces.com\/?p=64707","title":{"rendered":"Trabajadores y jubilados marcharon en Caracas por salarios dignos: \u201cNos sentimos burlados\u201d"},"content":{"rendered":"<p> \n<\/p>\n<div>\n<p>Trabajadores activos y jubilados marcharon la ma\u00f1ana de este viernes 1\u00b0 de mayo en Caracas, desde la plaza Bri\u00f3n de Chaca\u00edto hasta la plaza Morelos, en Bellas Artes, para exigir <strong>mejoras salariales y reivindicaciones laborales<\/strong> en el marco del D\u00eda del Trabajador.<\/p>\n<p>Durante la movilizaci\u00f3n, los asistentes corearon consignas en demanda de<strong> sueldos justos<\/strong>as\u00ed como la realizaci\u00f3n de elecciones libres en el pa\u00eds. La protesta se desarroll\u00f3 en un contexto de descontento tras los recientes anuncios econ\u00f3micos del Ejecutivo.<\/p>\n<figure class=\"wp-block-image size-large\"><picture fetchpriority=\"high\" decoding=\"async\" class=\"wp-image-859145\"><source type=\"image\/webp\" sizes=\"(max-width: 1200px) 100vw, 1200px\" nitro-lazy-srcset=\"https:\/\/eldiario.com\/nitropack_static\/DWpklAePbJBFiBKvuTtiGMLbtJlHUqWt\/assets\/images\/optimized\/rev-4f0ec48\/eldiario.com\/wp-content\/uploads\/2026\/05\/402d05ad7cb06741a9380a900820196201d8a2ee-1200x800.jpg.webp 1200w, https:\/\/eldiario.com\/nitropack_static\/DWpklAePbJBFiBKvuTtiGMLbtJlHUqWt\/assets\/images\/optimized\/rev-4f0ec48\/eldiario.com\/wp-content\/uploads\/2026\/05\/402d05ad7cb06741a9380a900820196201d8a2ee-300x200.jpg.webp 300w, https:\/\/eldiario.com\/nitropack_static\/DWpklAePbJBFiBKvuTtiGMLbtJlHUqWt\/assets\/images\/optimized\/rev-4f0ec48\/eldiario.com\/wp-content\/uploads\/2026\/05\/402d05ad7cb06741a9380a900820196201d8a2ee-768x512.jpg.webp 768w, https:\/\/eldiario.com\/nitropack_static\/DWpklAePbJBFiBKvuTtiGMLbtJlHUqWt\/assets\/images\/optimized\/rev-4f0ec48\/eldiario.com\/wp-content\/uploads\/2026\/05\/402d05ad7cb06741a9380a900820196201d8a2ee-1536x1024.jpg.webp 1536w, https:\/\/eldiario.com\/nitropack_static\/DWpklAePbJBFiBKvuTtiGMLbtJlHUqWt\/assets\/images\/optimized\/rev-4f0ec48\/eldiario.com\/wp-content\/uploads\/2026\/05\/402d05ad7cb06741a9380a900820196201d8a2ee-330x220.jpg.webp 330w, https:\/\/eldiario.com\/nitropack_static\/DWpklAePbJBFiBKvuTtiGMLbtJlHUqWt\/assets\/images\/optimized\/rev-4f0ec48\/eldiario.com\/wp-content\/uploads\/2026\/05\/402d05ad7cb06741a9380a900820196201d8a2ee-420x280.jpg.webp 420w, https:\/\/eldiario.com\/nitropack_static\/DWpklAePbJBFiBKvuTtiGMLbtJlHUqWt\/assets\/images\/optimized\/rev-4f0ec48\/eldiario.com\/wp-content\/uploads\/2026\/05\/402d05ad7cb06741a9380a900820196201d8a2ee-615x410.jpg.webp 615w, https:\/\/eldiario.com\/nitropack_static\/DWpklAePbJBFiBKvuTtiGMLbtJlHUqWt\/assets\/images\/optimized\/rev-4f0ec48\/eldiario.com\/wp-content\/uploads\/2026\/05\/402d05ad7cb06741a9380a900820196201d8a2ee-860x574.jpg.webp 860w, https:\/\/eldiario.com\/nitropack_static\/DWpklAePbJBFiBKvuTtiGMLbtJlHUqWt\/assets\/images\/optimized\/rev-4f0ec48\/eldiario.com\/wp-content\/uploads\/2026\/05\/402d05ad7cb06741a9380a900820196201d8a2ee-150x100.jpg.webp 150w, https:\/\/eldiario.com\/nitropack_static\/DWpklAePbJBFiBKvuTtiGMLbtJlHUqWt\/assets\/images\/optimized\/rev-4f0ec48\/eldiario.com\/wp-content\/uploads\/2026\/05\/402d05ad7cb06741a9380a900820196201d8a2ee.jpg.webp 1600w\" nitro-lazy-empty=\"\" id=\"ODc2OjExOTU=-1\" data-nitro-empty-id=\"ODc2OjExOTU=-1\" srcset=\"data:image\/svg+xml;base64,PHN2ZyB2aWV3Qm94PSIwIDAgMTIwMCA4MDAiIHdpZHRoPSIxMjAwIiBoZWlnaHQ9IjgwMCIgeG1sbnM9Imh0dHA6Ly93d3cudzMub3JnLzIwMDAvc3ZnIj48L3N2Zz4=\"\/><img fetchpriority=\"high\" width=\"1200\" height=\"800\" alt=\"Trabajadores y jubilados marcharon en Caracas por salarios dignos: \u201cNos sentimos burlados\u201d\" sizes=\"(max-width: 1200px) 100vw, 1200px\" srcset=\"https:\/\/eldiario.com\/nitropack_static\/DWpklAePbJBFiBKvuTtiGMLbtJlHUqWt\/assets\/images\/optimized\/rev-4f0ec48\/eldiario.com\/wp-content\/uploads\/2026\/05\/402d05ad7cb06741a9380a900820196201d8a2ee-1200x800.jpg 1200w, https:\/\/eldiario.com\/nitropack_static\/DWpklAePbJBFiBKvuTtiGMLbtJlHUqWt\/assets\/images\/optimized\/rev-4f0ec48\/eldiario.com\/wp-content\/uploads\/2026\/05\/402d05ad7cb06741a9380a900820196201d8a2ee-300x200.jpg 300w, https:\/\/eldiario.com\/nitropack_static\/DWpklAePbJBFiBKvuTtiGMLbtJlHUqWt\/assets\/images\/optimized\/rev-4f0ec48\/eldiario.com\/wp-content\/uploads\/2026\/05\/402d05ad7cb06741a9380a900820196201d8a2ee-768x512.jpg 768w, https:\/\/eldiario.com\/nitropack_static\/DWpklAePbJBFiBKvuTtiGMLbtJlHUqWt\/assets\/images\/optimized\/rev-4f0ec48\/eldiario.com\/wp-content\/uploads\/2026\/05\/402d05ad7cb06741a9380a900820196201d8a2ee-1536x1024.jpg 1536w, https:\/\/eldiario.com\/nitropack_static\/DWpklAePbJBFiBKvuTtiGMLbtJlHUqWt\/assets\/images\/optimized\/rev-4f0ec48\/eldiario.com\/wp-content\/uploads\/2026\/05\/402d05ad7cb06741a9380a900820196201d8a2ee-330x220.jpg 330w, https:\/\/eldiario.com\/nitropack_static\/DWpklAePbJBFiBKvuTtiGMLbtJlHUqWt\/assets\/images\/optimized\/rev-4f0ec48\/eldiario.com\/wp-content\/uploads\/2026\/05\/402d05ad7cb06741a9380a900820196201d8a2ee-420x280.jpg 420w, https:\/\/eldiario.com\/nitropack_static\/DWpklAePbJBFiBKvuTtiGMLbtJlHUqWt\/assets\/images\/optimized\/rev-4f0ec48\/eldiario.com\/wp-content\/uploads\/2026\/05\/402d05ad7cb06741a9380a900820196201d8a2ee-615x410.jpg 615w, https:\/\/eldiario.com\/nitropack_static\/DWpklAePbJBFiBKvuTtiGMLbtJlHUqWt\/assets\/images\/optimized\/rev-4f0ec48\/eldiario.com\/wp-content\/uploads\/2026\/05\/402d05ad7cb06741a9380a900820196201d8a2ee-860x574.jpg 860w, https:\/\/eldiario.com\/nitropack_static\/DWpklAePbJBFiBKvuTtiGMLbtJlHUqWt\/assets\/images\/optimized\/rev-4f0ec48\/eldiario.com\/wp-content\/uploads\/2026\/05\/402d05ad7cb06741a9380a900820196201d8a2ee-150x100.jpg 150w, https:\/\/eldiario.com\/nitropack_static\/DWpklAePbJBFiBKvuTtiGMLbtJlHUqWt\/assets\/images\/optimized\/rev-4f0ec48\/eldiario.com\/wp-content\/uploads\/2026\/05\/402d05ad7cb06741a9380a900820196201d8a2ee.jpg 1600w\" src=\"https:\/\/eldiario.com\/nitropack_static\/DWpklAePbJBFiBKvuTtiGMLbtJlHUqWt\/assets\/images\/optimized\/rev-4f0ec48\/eldiario.com\/wp-content\/uploads\/2026\/05\/402d05ad7cb06741a9380a900820196201d8a2ee-1200x800.jpg\" class=\"nitro-lazy\" decoding=\"async\" nitro-lazy-empty=\"\" id=\"ODc3OjEzOTc=-1\" data-nitro-empty-id=\"ODc3OjEzOTc=-1\"\/> <\/picture><figcaption class=\"wp-element-caption\">Foto: EFE\/ Ronald Pe\u00f1a R<\/figcaption><\/figure>\n<p>A su llegada a la plaza Morelos,<strong> Jenny Silva, <\/strong>dirigente sindical de la Alcald\u00eda de Caracas, ley\u00f3 parte del manifiesto de los trabajadores que piden mejoras salariales.<\/p>\n<p>\u201cDurante varios a\u00f1os los trabajadores hemos sido los protagonistas en protestar por las injusticias y los desacuerdos (\u2026) Con el fin de dejar indefenso al trabajador<strong> han criminalizado la funci\u00f3n sindical\u201d, <\/strong>expres\u00f3 Silva al leer el manifiesto.<\/p>\n<figure class=\"wp-block-image size-large\"><picture decoding=\"async\" class=\"wp-image-859137\"><source type=\"image\/webp\" sizes=\"(max-width: 1200px) 100vw, 1200px\" nitro-lazy-srcset=\"https:\/\/eldiario.com\/nitropack_static\/DWpklAePbJBFiBKvuTtiGMLbtJlHUqWt\/assets\/images\/optimized\/rev-4f0ec48\/eldiario.com\/wp-content\/uploads\/2026\/05\/31f13790017ce4becac5eab6dc94e883942ed7a9-1200x800.jpg.webp 1200w, https:\/\/eldiario.com\/nitropack_static\/DWpklAePbJBFiBKvuTtiGMLbtJlHUqWt\/assets\/images\/optimized\/rev-4f0ec48\/eldiario.com\/wp-content\/uploads\/2026\/05\/31f13790017ce4becac5eab6dc94e883942ed7a9-300x200.jpg.webp 300w, https:\/\/eldiario.com\/nitropack_static\/DWpklAePbJBFiBKvuTtiGMLbtJlHUqWt\/assets\/images\/optimized\/rev-4f0ec48\/eldiario.com\/wp-content\/uploads\/2026\/05\/31f13790017ce4becac5eab6dc94e883942ed7a9-768x512.jpg.webp 768w, https:\/\/eldiario.com\/nitropack_static\/DWpklAePbJBFiBKvuTtiGMLbtJlHUqWt\/assets\/images\/optimized\/rev-4f0ec48\/eldiario.com\/wp-content\/uploads\/2026\/05\/31f13790017ce4becac5eab6dc94e883942ed7a9-1536x1024.jpg.webp 1536w, https:\/\/eldiario.com\/nitropack_static\/DWpklAePbJBFiBKvuTtiGMLbtJlHUqWt\/assets\/images\/optimized\/rev-4f0ec48\/eldiario.com\/wp-content\/uploads\/2026\/05\/31f13790017ce4becac5eab6dc94e883942ed7a9-330x220.jpg.webp 330w, https:\/\/eldiario.com\/nitropack_static\/DWpklAePbJBFiBKvuTtiGMLbtJlHUqWt\/assets\/images\/optimized\/rev-4f0ec48\/eldiario.com\/wp-content\/uploads\/2026\/05\/31f13790017ce4becac5eab6dc94e883942ed7a9-420x280.jpg.webp 420w, https:\/\/eldiario.com\/nitropack_static\/DWpklAePbJBFiBKvuTtiGMLbtJlHUqWt\/assets\/images\/optimized\/rev-4f0ec48\/eldiario.com\/wp-content\/uploads\/2026\/05\/31f13790017ce4becac5eab6dc94e883942ed7a9-615x410.jpg.webp 615w, https:\/\/eldiario.com\/nitropack_static\/DWpklAePbJBFiBKvuTtiGMLbtJlHUqWt\/assets\/images\/optimized\/rev-4f0ec48\/eldiario.com\/wp-content\/uploads\/2026\/05\/31f13790017ce4becac5eab6dc94e883942ed7a9-860x574.jpg.webp 860w, https:\/\/eldiario.com\/nitropack_static\/DWpklAePbJBFiBKvuTtiGMLbtJlHUqWt\/assets\/images\/optimized\/rev-4f0ec48\/eldiario.com\/wp-content\/uploads\/2026\/05\/31f13790017ce4becac5eab6dc94e883942ed7a9-150x100.jpg.webp 150w, https:\/\/eldiario.com\/nitropack_static\/DWpklAePbJBFiBKvuTtiGMLbtJlHUqWt\/assets\/images\/optimized\/rev-4f0ec48\/eldiario.com\/wp-content\/uploads\/2026\/05\/31f13790017ce4becac5eab6dc94e883942ed7a9.jpg.webp 1600w\" nitro-lazy-empty=\"\" id=\"ODk0OjExOTU=-1\" data-nitro-empty-id=\"ODk0OjExOTU=-1\" srcset=\"data:image\/svg+xml;base64,PHN2ZyB2aWV3Qm94PSIwIDAgMTIwMCA4MDAiIHdpZHRoPSIxMjAwIiBoZWlnaHQ9IjgwMCIgeG1sbnM9Imh0dHA6Ly93d3cudzMub3JnLzIwMDAvc3ZnIj48L3N2Zz4=\"\/><img loading=\"lazy\" width=\"1200\" height=\"800\" alt=\"Marcha trabajadores\" sizes=\"auto, (max-width: 1200px) 100vw, 1200px\" srcset=\"https:\/\/eldiario.com\/nitropack_static\/DWpklAePbJBFiBKvuTtiGMLbtJlHUqWt\/assets\/images\/optimized\/rev-4f0ec48\/eldiario.com\/wp-content\/uploads\/2026\/05\/31f13790017ce4becac5eab6dc94e883942ed7a9-1200x800.jpg 1200w, https:\/\/eldiario.com\/nitropack_static\/DWpklAePbJBFiBKvuTtiGMLbtJlHUqWt\/assets\/images\/optimized\/rev-4f0ec48\/eldiario.com\/wp-content\/uploads\/2026\/05\/31f13790017ce4becac5eab6dc94e883942ed7a9-300x200.jpg 300w, https:\/\/eldiario.com\/nitropack_static\/DWpklAePbJBFiBKvuTtiGMLbtJlHUqWt\/assets\/images\/optimized\/rev-4f0ec48\/eldiario.com\/wp-content\/uploads\/2026\/05\/31f13790017ce4becac5eab6dc94e883942ed7a9-768x512.jpg 768w, https:\/\/eldiario.com\/nitropack_static\/DWpklAePbJBFiBKvuTtiGMLbtJlHUqWt\/assets\/images\/optimized\/rev-4f0ec48\/eldiario.com\/wp-content\/uploads\/2026\/05\/31f13790017ce4becac5eab6dc94e883942ed7a9-1536x1024.jpg 1536w, https:\/\/eldiario.com\/nitropack_static\/DWpklAePbJBFiBKvuTtiGMLbtJlHUqWt\/assets\/images\/optimized\/rev-4f0ec48\/eldiario.com\/wp-content\/uploads\/2026\/05\/31f13790017ce4becac5eab6dc94e883942ed7a9-330x220.jpg 330w, https:\/\/eldiario.com\/nitropack_static\/DWpklAePbJBFiBKvuTtiGMLbtJlHUqWt\/assets\/images\/optimized\/rev-4f0ec48\/eldiario.com\/wp-content\/uploads\/2026\/05\/31f13790017ce4becac5eab6dc94e883942ed7a9-420x280.jpg 420w, https:\/\/eldiario.com\/nitropack_static\/DWpklAePbJBFiBKvuTtiGMLbtJlHUqWt\/assets\/images\/optimized\/rev-4f0ec48\/eldiario.com\/wp-content\/uploads\/2026\/05\/31f13790017ce4becac5eab6dc94e883942ed7a9-615x410.jpg 615w, https:\/\/eldiario.com\/nitropack_static\/DWpklAePbJBFiBKvuTtiGMLbtJlHUqWt\/assets\/images\/optimized\/rev-4f0ec48\/eldiario.com\/wp-content\/uploads\/2026\/05\/31f13790017ce4becac5eab6dc94e883942ed7a9-860x574.jpg 860w, https:\/\/eldiario.com\/nitropack_static\/DWpklAePbJBFiBKvuTtiGMLbtJlHUqWt\/assets\/images\/optimized\/rev-4f0ec48\/eldiario.com\/wp-content\/uploads\/2026\/05\/31f13790017ce4becac5eab6dc94e883942ed7a9-150x100.jpg 150w, https:\/\/eldiario.com\/nitropack_static\/DWpklAePbJBFiBKvuTtiGMLbtJlHUqWt\/assets\/images\/optimized\/rev-4f0ec48\/eldiario.com\/wp-content\/uploads\/2026\/05\/31f13790017ce4becac5eab6dc94e883942ed7a9.jpg 1600w\" src=\"https:\/\/eldiario.com\/nitropack_static\/DWpklAePbJBFiBKvuTtiGMLbtJlHUqWt\/assets\/images\/optimized\/rev-4f0ec48\/eldiario.com\/wp-content\/uploads\/2026\/05\/31f13790017ce4becac5eab6dc94e883942ed7a9-1200x800.jpg\" class=\"nitro-lazy\" decoding=\"async\" nitro-lazy-empty=\"\" id=\"ODk1OjEzMDE=-1\" data-nitro-empty-id=\"ODk1OjEzMDE=-1\"\/> <\/picture><figcaption class=\"wp-element-caption\">Foto: EFE\/ Miguel Gutierrez<\/figcaption><\/figure>\n<p>La <strong>defensora del Pueblo, Egl\u00e9e Gonz\u00e1lez, <\/strong>recibi\u00f3 la marcha de sindicatos y trabajadores que se movilizaron para exigir un aumento del salario m\u00ednimo.<\/p>\n<p>\u00abNos sentimos burlados, hablaron de un aumento salarial digno. Los pensionados no generamos incidencia salarial, pero fueron los m\u00e1s golpeados con este incremento\u00bb, mencionaron. <\/p>\n<figure class=\"wp-block-image size-large\"><picture loading=\"lazy\" decoding=\"async\" class=\"wp-image-859139\"><source type=\"image\/webp\" sizes=\"auto, (max-width: 1200px) 100vw, 1200px\" nitro-lazy-srcset=\"https:\/\/eldiario.com\/nitropack_static\/DWpklAePbJBFiBKvuTtiGMLbtJlHUqWt\/assets\/images\/optimized\/rev-4f0ec48\/eldiario.com\/wp-content\/uploads\/2026\/05\/ab85bb1d150d87d8f5d17f2a262061a764202c02-1200x800.jpg.webp 1200w, https:\/\/eldiario.com\/nitropack_static\/DWpklAePbJBFiBKvuTtiGMLbtJlHUqWt\/assets\/images\/optimized\/rev-4f0ec48\/eldiario.com\/wp-content\/uploads\/2026\/05\/ab85bb1d150d87d8f5d17f2a262061a764202c02-300x200.jpg.webp 300w, https:\/\/eldiario.com\/nitropack_static\/DWpklAePbJBFiBKvuTtiGMLbtJlHUqWt\/assets\/images\/optimized\/rev-4f0ec48\/eldiario.com\/wp-content\/uploads\/2026\/05\/ab85bb1d150d87d8f5d17f2a262061a764202c02-768x512.jpg.webp 768w, https:\/\/eldiario.com\/nitropack_static\/DWpklAePbJBFiBKvuTtiGMLbtJlHUqWt\/assets\/images\/optimized\/rev-4f0ec48\/eldiario.com\/wp-content\/uploads\/2026\/05\/ab85bb1d150d87d8f5d17f2a262061a764202c02-1536x1024.jpg.webp 1536w, https:\/\/eldiario.com\/nitropack_static\/DWpklAePbJBFiBKvuTtiGMLbtJlHUqWt\/assets\/images\/optimized\/rev-4f0ec48\/eldiario.com\/wp-content\/uploads\/2026\/05\/ab85bb1d150d87d8f5d17f2a262061a764202c02-330x220.jpg.webp 330w, https:\/\/eldiario.com\/nitropack_static\/DWpklAePbJBFiBKvuTtiGMLbtJlHUqWt\/assets\/images\/optimized\/rev-4f0ec48\/eldiario.com\/wp-content\/uploads\/2026\/05\/ab85bb1d150d87d8f5d17f2a262061a764202c02-420x280.jpg.webp 420w, https:\/\/eldiario.com\/nitropack_static\/DWpklAePbJBFiBKvuTtiGMLbtJlHUqWt\/assets\/images\/optimized\/rev-4f0ec48\/eldiario.com\/wp-content\/uploads\/2026\/05\/ab85bb1d150d87d8f5d17f2a262061a764202c02-615x410.jpg.webp 615w, https:\/\/eldiario.com\/nitropack_static\/DWpklAePbJBFiBKvuTtiGMLbtJlHUqWt\/assets\/images\/optimized\/rev-4f0ec48\/eldiario.com\/wp-content\/uploads\/2026\/05\/ab85bb1d150d87d8f5d17f2a262061a764202c02-860x574.jpg.webp 860w, https:\/\/eldiario.com\/nitropack_static\/DWpklAePbJBFiBKvuTtiGMLbtJlHUqWt\/assets\/images\/optimized\/rev-4f0ec48\/eldiario.com\/wp-content\/uploads\/2026\/05\/ab85bb1d150d87d8f5d17f2a262061a764202c02-150x100.jpg.webp 150w, https:\/\/eldiario.com\/nitropack_static\/DWpklAePbJBFiBKvuTtiGMLbtJlHUqWt\/assets\/images\/optimized\/rev-4f0ec48\/eldiario.com\/wp-content\/uploads\/2026\/05\/ab85bb1d150d87d8f5d17f2a262061a764202c02.jpg.webp 1600w\" nitro-lazy-empty=\"\" id=\"OTEwOjEyMDE=-1\" data-nitro-empty-id=\"OTEwOjEyMDE=-1\" srcset=\"data:image\/svg+xml;base64,PHN2ZyB2aWV3Qm94PSIwIDAgMTIwMCA4MDAiIHdpZHRoPSIxMjAwIiBoZWlnaHQ9IjgwMCIgeG1sbnM9Imh0dHA6Ly93d3cudzMub3JnLzIwMDAvc3ZnIj48L3N2Zz4=\"\/><img loading=\"lazy\" width=\"1200\" height=\"800\" alt=\"Marcha trabajadores\" sizes=\"auto, (max-width: 1200px) 100vw, 1200px\" srcset=\"https:\/\/eldiario.com\/nitropack_static\/DWpklAePbJBFiBKvuTtiGMLbtJlHUqWt\/assets\/images\/optimized\/rev-4f0ec48\/eldiario.com\/wp-content\/uploads\/2026\/05\/ab85bb1d150d87d8f5d17f2a262061a764202c02-1200x800.jpg 1200w, https:\/\/eldiario.com\/nitropack_static\/DWpklAePbJBFiBKvuTtiGMLbtJlHUqWt\/assets\/images\/optimized\/rev-4f0ec48\/eldiario.com\/wp-content\/uploads\/2026\/05\/ab85bb1d150d87d8f5d17f2a262061a764202c02-300x200.jpg 300w, https:\/\/eldiario.com\/nitropack_static\/DWpklAePbJBFiBKvuTtiGMLbtJlHUqWt\/assets\/images\/optimized\/rev-4f0ec48\/eldiario.com\/wp-content\/uploads\/2026\/05\/ab85bb1d150d87d8f5d17f2a262061a764202c02-768x512.jpg 768w, https:\/\/eldiario.com\/nitropack_static\/DWpklAePbJBFiBKvuTtiGMLbtJlHUqWt\/assets\/images\/optimized\/rev-4f0ec48\/eldiario.com\/wp-content\/uploads\/2026\/05\/ab85bb1d150d87d8f5d17f2a262061a764202c02-1536x1024.jpg 1536w, https:\/\/eldiario.com\/nitropack_static\/DWpklAePbJBFiBKvuTtiGMLbtJlHUqWt\/assets\/images\/optimized\/rev-4f0ec48\/eldiario.com\/wp-content\/uploads\/2026\/05\/ab85bb1d150d87d8f5d17f2a262061a764202c02-330x220.jpg 330w, https:\/\/eldiario.com\/nitropack_static\/DWpklAePbJBFiBKvuTtiGMLbtJlHUqWt\/assets\/images\/optimized\/rev-4f0ec48\/eldiario.com\/wp-content\/uploads\/2026\/05\/ab85bb1d150d87d8f5d17f2a262061a764202c02-420x280.jpg 420w, https:\/\/eldiario.com\/nitropack_static\/DWpklAePbJBFiBKvuTtiGMLbtJlHUqWt\/assets\/images\/optimized\/rev-4f0ec48\/eldiario.com\/wp-content\/uploads\/2026\/05\/ab85bb1d150d87d8f5d17f2a262061a764202c02-615x410.jpg 615w, https:\/\/eldiario.com\/nitropack_static\/DWpklAePbJBFiBKvuTtiGMLbtJlHUqWt\/assets\/images\/optimized\/rev-4f0ec48\/eldiario.com\/wp-content\/uploads\/2026\/05\/ab85bb1d150d87d8f5d17f2a262061a764202c02-860x574.jpg 860w, https:\/\/eldiario.com\/nitropack_static\/DWpklAePbJBFiBKvuTtiGMLbtJlHUqWt\/assets\/images\/optimized\/rev-4f0ec48\/eldiario.com\/wp-content\/uploads\/2026\/05\/ab85bb1d150d87d8f5d17f2a262061a764202c02-150x100.jpg 150w, https:\/\/eldiario.com\/nitropack_static\/DWpklAePbJBFiBKvuTtiGMLbtJlHUqWt\/assets\/images\/optimized\/rev-4f0ec48\/eldiario.com\/wp-content\/uploads\/2026\/05\/ab85bb1d150d87d8f5d17f2a262061a764202c02.jpg 1600w\" src=\"https:\/\/eldiario.com\/nitropack_static\/DWpklAePbJBFiBKvuTtiGMLbtJlHUqWt\/assets\/images\/optimized\/rev-4f0ec48\/eldiario.com\/wp-content\/uploads\/2026\/05\/ab85bb1d150d87d8f5d17f2a262061a764202c02-1200x800.jpg\" class=\"nitro-lazy\" decoding=\"async\" nitro-lazy-empty=\"\" id=\"OTExOjEzMjI=-1\" data-nitro-empty-id=\"OTExOjEzMjI=-1\"\/> <\/picture><figcaption class=\"wp-element-caption\">Foto: EFE\/ Miguel Gutierrez<\/figcaption><\/figure>\n<h2 class=\"wp-block-heading\" id=\"h-continuaran-en-las-calles\"><strong>Continuar\u00e1n en las calles <\/strong><\/h2>\n<p>Durante la manifestaci\u00f3n, Gregorio Afonso, presidente de la Asociaci\u00f3n de Profesores de la Universidad Central de Venezuela (APUCV), asegur\u00f3 que el conflicto laboral \u201csigue abierto\u201d y cuestion\u00f3 las <strong>medidas anunciadas por el gobierno.<\/strong><\/p>\n<figure class=\"wp-block-image size-large\"><picture loading=\"lazy\" decoding=\"async\" class=\"wp-image-859146\"><source type=\"image\/webp\" sizes=\"auto, (max-width: 1200px) 100vw, 1200px\" nitro-lazy-srcset=\"https:\/\/eldiario.com\/nitropack_static\/DWpklAePbJBFiBKvuTtiGMLbtJlHUqWt\/assets\/images\/optimized\/rev-4f0ec48\/eldiario.com\/wp-content\/uploads\/2026\/05\/2486c75471870a322bd9c7a14bb9e1a8df649eb8-1200x800.jpg.webp 1200w, https:\/\/eldiario.com\/nitropack_static\/DWpklAePbJBFiBKvuTtiGMLbtJlHUqWt\/assets\/images\/optimized\/rev-4f0ec48\/eldiario.com\/wp-content\/uploads\/2026\/05\/2486c75471870a322bd9c7a14bb9e1a8df649eb8-300x200.jpg.webp 300w, https:\/\/eldiario.com\/nitropack_static\/DWpklAePbJBFiBKvuTtiGMLbtJlHUqWt\/assets\/images\/optimized\/rev-4f0ec48\/eldiario.com\/wp-content\/uploads\/2026\/05\/2486c75471870a322bd9c7a14bb9e1a8df649eb8-768x512.jpg.webp 768w, https:\/\/eldiario.com\/nitropack_static\/DWpklAePbJBFiBKvuTtiGMLbtJlHUqWt\/assets\/images\/optimized\/rev-4f0ec48\/eldiario.com\/wp-content\/uploads\/2026\/05\/2486c75471870a322bd9c7a14bb9e1a8df649eb8-1536x1024.jpg.webp 1536w, https:\/\/eldiario.com\/nitropack_static\/DWpklAePbJBFiBKvuTtiGMLbtJlHUqWt\/assets\/images\/optimized\/rev-4f0ec48\/eldiario.com\/wp-content\/uploads\/2026\/05\/2486c75471870a322bd9c7a14bb9e1a8df649eb8-330x220.jpg.webp 330w, https:\/\/eldiario.com\/nitropack_static\/DWpklAePbJBFiBKvuTtiGMLbtJlHUqWt\/assets\/images\/optimized\/rev-4f0ec48\/eldiario.com\/wp-content\/uploads\/2026\/05\/2486c75471870a322bd9c7a14bb9e1a8df649eb8-420x280.jpg.webp 420w, https:\/\/eldiario.com\/nitropack_static\/DWpklAePbJBFiBKvuTtiGMLbtJlHUqWt\/assets\/images\/optimized\/rev-4f0ec48\/eldiario.com\/wp-content\/uploads\/2026\/05\/2486c75471870a322bd9c7a14bb9e1a8df649eb8-615x410.jpg.webp 615w, https:\/\/eldiario.com\/nitropack_static\/DWpklAePbJBFiBKvuTtiGMLbtJlHUqWt\/assets\/images\/optimized\/rev-4f0ec48\/eldiario.com\/wp-content\/uploads\/2026\/05\/2486c75471870a322bd9c7a14bb9e1a8df649eb8-860x574.jpg.webp 860w, https:\/\/eldiario.com\/nitropack_static\/DWpklAePbJBFiBKvuTtiGMLbtJlHUqWt\/assets\/images\/optimized\/rev-4f0ec48\/eldiario.com\/wp-content\/uploads\/2026\/05\/2486c75471870a322bd9c7a14bb9e1a8df649eb8-150x100.jpg.webp 150w, https:\/\/eldiario.com\/nitropack_static\/DWpklAePbJBFiBKvuTtiGMLbtJlHUqWt\/assets\/images\/optimized\/rev-4f0ec48\/eldiario.com\/wp-content\/uploads\/2026\/05\/2486c75471870a322bd9c7a14bb9e1a8df649eb8.jpg.webp 1600w\" nitro-lazy-empty=\"\" id=\"OTI2OjEyMDE=-1\" data-nitro-empty-id=\"OTI2OjEyMDE=-1\" srcset=\"data:image\/svg+xml;base64,PHN2ZyB2aWV3Qm94PSIwIDAgMTIwMCA4MDAiIHdpZHRoPSIxMjAwIiBoZWlnaHQ9IjgwMCIgeG1sbnM9Imh0dHA6Ly93d3cudzMub3JnLzIwMDAvc3ZnIj48L3N2Zz4=\"\/><img loading=\"lazy\" width=\"1200\" height=\"800\" alt=\"Trabajadores y jubilados marcharon en Caracas por salarios dignos: \u201cNos sentimos burlados\u201d\" sizes=\"auto, (max-width: 1200px) 100vw, 1200px\" srcset=\"https:\/\/eldiario.com\/nitropack_static\/DWpklAePbJBFiBKvuTtiGMLbtJlHUqWt\/assets\/images\/optimized\/rev-4f0ec48\/eldiario.com\/wp-content\/uploads\/2026\/05\/2486c75471870a322bd9c7a14bb9e1a8df649eb8-1200x800.jpg 1200w, https:\/\/eldiario.com\/nitropack_static\/DWpklAePbJBFiBKvuTtiGMLbtJlHUqWt\/assets\/images\/optimized\/rev-4f0ec48\/eldiario.com\/wp-content\/uploads\/2026\/05\/2486c75471870a322bd9c7a14bb9e1a8df649eb8-300x200.jpg 300w, https:\/\/eldiario.com\/nitropack_static\/DWpklAePbJBFiBKvuTtiGMLbtJlHUqWt\/assets\/images\/optimized\/rev-4f0ec48\/eldiario.com\/wp-content\/uploads\/2026\/05\/2486c75471870a322bd9c7a14bb9e1a8df649eb8-768x512.jpg 768w, https:\/\/eldiario.com\/nitropack_static\/DWpklAePbJBFiBKvuTtiGMLbtJlHUqWt\/assets\/images\/optimized\/rev-4f0ec48\/eldiario.com\/wp-content\/uploads\/2026\/05\/2486c75471870a322bd9c7a14bb9e1a8df649eb8-1536x1024.jpg 1536w, https:\/\/eldiario.com\/nitropack_static\/DWpklAePbJBFiBKvuTtiGMLbtJlHUqWt\/assets\/images\/optimized\/rev-4f0ec48\/eldiario.com\/wp-content\/uploads\/2026\/05\/2486c75471870a322bd9c7a14bb9e1a8df649eb8-330x220.jpg 330w, https:\/\/eldiario.com\/nitropack_static\/DWpklAePbJBFiBKvuTtiGMLbtJlHUqWt\/assets\/images\/optimized\/rev-4f0ec48\/eldiario.com\/wp-content\/uploads\/2026\/05\/2486c75471870a322bd9c7a14bb9e1a8df649eb8-420x280.jpg 420w, https:\/\/eldiario.com\/nitropack_static\/DWpklAePbJBFiBKvuTtiGMLbtJlHUqWt\/assets\/images\/optimized\/rev-4f0ec48\/eldiario.com\/wp-content\/uploads\/2026\/05\/2486c75471870a322bd9c7a14bb9e1a8df649eb8-615x410.jpg 615w, https:\/\/eldiario.com\/nitropack_static\/DWpklAePbJBFiBKvuTtiGMLbtJlHUqWt\/assets\/images\/optimized\/rev-4f0ec48\/eldiario.com\/wp-content\/uploads\/2026\/05\/2486c75471870a322bd9c7a14bb9e1a8df649eb8-860x574.jpg 860w, https:\/\/eldiario.com\/nitropack_static\/DWpklAePbJBFiBKvuTtiGMLbtJlHUqWt\/assets\/images\/optimized\/rev-4f0ec48\/eldiario.com\/wp-content\/uploads\/2026\/05\/2486c75471870a322bd9c7a14bb9e1a8df649eb8-150x100.jpg 150w, https:\/\/eldiario.com\/nitropack_static\/DWpklAePbJBFiBKvuTtiGMLbtJlHUqWt\/assets\/images\/optimized\/rev-4f0ec48\/eldiario.com\/wp-content\/uploads\/2026\/05\/2486c75471870a322bd9c7a14bb9e1a8df649eb8.jpg 1600w\" src=\"https:\/\/eldiario.com\/nitropack_static\/DWpklAePbJBFiBKvuTtiGMLbtJlHUqWt\/assets\/images\/optimized\/rev-4f0ec48\/eldiario.com\/wp-content\/uploads\/2026\/05\/2486c75471870a322bd9c7a14bb9e1a8df649eb8-1200x800.jpg\" class=\"nitro-lazy\" decoding=\"async\" nitro-lazy-empty=\"\" id=\"OTI3OjEzOTc=-1\" data-nitro-empty-id=\"OTI3OjEzOTc=-1\"\/> <\/picture><figcaption class=\"wp-element-caption\">Foto: EFE\/ Miguel Guti\u00e9rrez<\/figcaption><\/figure>\n<p><strong>\u201cEl conflicto sigue abierto\u2026<\/strong> en este momento vamos a hacer un balance. Lo decretado contiene cosas in\u00e9ditas (\u2026) el gobierno tuvo una oportunidad y aun as\u00ed hizo anuncios sin tomar en cuenta la opini\u00f3n de los trabajadores\u201d, expres\u00f3.<\/p>\n<p>Por su parte, Ana Rosario Contreras, presidenta del Colegio de Enfermer\u00eda del Distrito Capital, rechaz\u00f3 el aumento del ingreso m\u00ednimo integral a 240 d\u00f3lares anunciado por la vicepresidenta ejecutiva, Delcy Rodr\u00edguez. Afirm\u00f3 que esta medida<strong> \u201cno puede considerarse un aumento salarial\u201d<\/strong> y reiter\u00f3 que el gremio continuar\u00e1 en las calles exigiendo mejoras laborales.<\/p>\n<blockquote data-service=\"twitter\" data-category=\"marketing\" data-placeholder-image=\"https:\/\/eldiario.com\/wp-content\/plugins\/complianz-gdpr-premium\/assets\/images\/placeholders\/twitter-minimal.jpg\" class=\"cmplz-placeholder-element twitter-tweet\" data-media-max-width=\"560\">\n<p lang=\"es\" dir=\"ltr\"><a href=\"https:\/\/twitter.com\/hashtag\/EnDirecto?src=hash&amp;ref_src=twsrc%5Etfw\">#EnDirecto<\/a> | Ana Rosario Contreras, presidenta del Colegio de Enfermer\u00eda del Distrito Capital, rechaz\u00f3 el aumento del ingreso m\u00ednimo integral a $240 anunciado por la presidenta encargada de Venezuela, Delcy Rodr\u00edguez.<\/p>\n<p>Contreras se\u00f1al\u00f3 que el anuncio de Rodr\u00edguez \u201cno puede\u2026 <a href=\"https:\/\/t.co\/GTWapbQnZm\">pic.twitter.com\/GTWapbQnZm<\/a><\/p>\n<p>\u2014 El Diario (@eldiario) <a href=\"https:\/\/twitter.com\/eldiario\/status\/2050220203607237060?ref_src=twsrc%5Etfw\">1 de mayo de 2026<\/a><\/p><\/blockquote>\n<p>En la misma l\u00ednea, Griselda S\u00e1nchez, dirigente sindical del sector educativo, manifest\u00f3 su <strong>rechazo al anuncio gubernamental <\/strong>y exigi\u00f3 salarios dignos, adem\u00e1s de la convocatoria a elecciones libres en Venezuela durante este a\u00f1o.<\/p>\n<p>La jornada de protesta se suma a otras manifestaciones realizadas en distintas regiones del pa\u00eds, donde trabajadores han reiterado sus reclamos por mejores condiciones econ\u00f3micas.<\/p>\n<\/p><\/div>\n<p><script async src=\"https:\/\/platform.twitter.com\/widgets.js\" charset=\"utf-8\"><\/script><br \/>\n<br \/>\n","protected":false},"excerpt":{"rendered":"<p>Trabajadores activos y jubilados marcharon la ma\u00f1ana de este viernes 1\u00b0 de mayo en Caracas, desde la plaza Bri\u00f3n de Chaca\u00edto hasta la plaza Morelos, en Bellas Artes, para exigir mejoras salariales y reivindicaciones laborales en el marco del D\u00eda del Trabajador. Durante la movilizaci\u00f3n, los asistentes corearon consignas en demanda de sueldos justosas\u00ed como &hellip;<\/p>\n","protected":false},"author":1,"featured_media":64709,"comment_status":"open","ping_status":"open","sticky":false,"template":"","format":"standard","meta":{"fifu_image_url":"https:\/\/eldiario.com\/wp-content\/uploads\/2026\/05\/1cca964eeee8a2e684f9f8f9964775f54d60e94b.jpg","fifu_image_alt":"","footnotes":""},"categories":[13],"tags":[],"class_list":["post-64707","post","type-post","status-publish","format-standard","has-post-thumbnail","","category-mundo"],"_links":{"self":[{"href":"https:\/\/noticiasveraces.com\/index.php?rest_route=\/wp\/v2\/posts\/64707","targetHints":{"allow":["GET"]}}],"collection":[{"href":"https:\/\/noticiasveraces.com\/index.php?rest_route=\/wp\/v2\/posts"}],"about":[{"href":"https:\/\/noticiasveraces.com\/index.php?rest_route=\/wp\/v2\/types\/post"}],"author":[{"embeddable":true,"href":"https:\/\/noticiasveraces.com\/index.php?rest_route=\/wp\/v2\/users\/1"}],"replies":[{"embeddable":true,"href":"https:\/\/noticiasveraces.com\/index.php?rest_route=%2Fwp%2Fv2%2Fcomments&post=64707"}],"version-history":[{"count":0,"href":"https:\/\/noticiasveraces.com\/index.php?rest_route=\/wp\/v2\/posts\/64707\/revisions"}],"wp:featuredmedia":[{"embeddable":true,"href":"https:\/\/noticiasveraces.com\/index.php?rest_route=\/wp\/v2\/media\/64709"}],"wp:attachment":[{"href":"https:\/\/noticiasveraces.com\/index.php?rest_route=%2Fwp%2Fv2%2Fmedia&parent=64707"}],"wp:term":[{"taxonomy":"category","embeddable":true,"href":"https:\/\/noticiasveraces.com\/index.php?rest_route=%2Fwp%2Fv2%2Fcategories&post=64707"},{"taxonomy":"post_tag","embeddable":true,"href":"https:\/\/noticiasveraces.com\/index.php?rest_route=%2Fwp%2Fv2%2Ftags&post=64707"}],"curies":[{"name":"wp","href":"https:\/\/api.w.org\/{rel}","templated":true}]}}