{"id":64695,"date":"2026-05-01T15:18:47","date_gmt":"2026-05-01T19:18:47","guid":{"rendered":"https:\/\/noticiasveraces.com\/?p=64695"},"modified":"2026-05-01T15:18:47","modified_gmt":"2026-05-01T19:18:47","slug":"gobierno-evalua-una-reforma-a-la-ley-organica-del-trabajo-en-medio-de-presiones-salariales","status":"publish","type":"post","link":"https:\/\/noticiasveraces.com\/?p=64695","title":{"rendered":"Gobierno eval\u00faa una reforma a la Ley Org\u00e1nica del Trabajo en medio de presiones salariales"},"content":{"rendered":"<p> \n<\/p>\n<div>\n<p>El ministro para el Proceso Social del Trabajo, Carlos Alexis Castillo, confirm\u00f3 que el gobierno de la presidenta encargada, Delcy Rodr\u00edguez, analiza posibles cambios a la <strong>Ley Org\u00e1nica del Trabajo,<\/strong> una normativa impulsada durante el gobierno del expresidente Hugo Ch\u00e1vez. Seg\u00fan explic\u00f3, el proceso a\u00fan no ha avanzado hacia una <strong>propuesta concreta, <\/strong>ya que se mantiene en una fase de revisi\u00f3n t\u00e9cnica y negociaci\u00f3n pol\u00edtica.<\/p>\n<div class=\"ruby-table-contents rbtoc table-fw\">\n<ul class=\"toc-content h5\">\n<li>Cuestionamientos a las protestas<\/li>\n<li>La mirada de un experto<\/li>\n<\/ul>\n<\/div>\n<p>Durante una entrevista transmitida por Venezolana de Televisi\u00f3n (VTV) el 30 de abril, el funcionario indic\u00f3 que la evaluaci\u00f3n de la reforma se desarrolla en espacios de<strong> di\u00e1logo <\/strong>que integran a distintos sectores.<\/p>\n<p><strong>\u201cLo estamos discutiendo. <\/strong>Eso tiene que salir de parte de la mesa, del consenso de todos. Estamos discutiendo todas las variables, estamos sacando todas las cuentas responsablemente\u201d, dijo.<\/p>\n<p>Castillo detall\u00f3 que en este proceso participa el <strong>Ministerio de Planificaci\u00f3n, <\/strong>aportando datos y proyecciones que permitan sustentar las decisiones. La intenci\u00f3n, dijo, es evitar medidas que puedan comprometer la estabilidad econ\u00f3mica.<\/p>\n<p>Este debate surge en un contexto marcado po<strong>r demandas de mejoras salariales<\/strong> y recientes anuncios oficiales relacionados con ajustes en los ingresos.<\/p>\n<h2 id=\"cuestionamientos-a-las-protestas\" class=\"rb-heading-index-0-859119 wp-block-heading\"><strong>Cuestionamientos a las protestas<\/strong><\/h2>\n<p>Castillo rest\u00f3 legitimidad a las <strong>movilizaciones laborales<\/strong> registradas desde inicios de a\u00f1o, especialmente en los sectores salud y universitario. Asegur\u00f3 que el gobierno mantiene di\u00e1logo con diversas organizaciones como la Confederaci\u00f3n de Trabajadores de Venezuela (CTV), la Alianza Sindical Independiente (ASI), la CGT y la Central Bolivariana de Trabajadores, adem\u00e1s de gremios empresariales como Fedec\u00e1maras y Fedeindustria.<\/p>\n<figure class=\"wp-block-image size-large\"><picture fetchpriority=\"high\" decoding=\"async\" class=\"wp-image-859113\"><source type=\"image\/webp\" srcset=\"https:\/\/eldiario.com\/wp-content\/uploads\/2026\/05\/d851b5d56d223d144f06700cf9b91fecb8a3dba9-1200x800.jpg.webp 1200w, https:\/\/eldiario.com\/wp-content\/uploads\/2026\/05\/d851b5d56d223d144f06700cf9b91fecb8a3dba9-300x200.jpg.webp 300w, https:\/\/eldiario.com\/wp-content\/uploads\/2026\/05\/d851b5d56d223d144f06700cf9b91fecb8a3dba9-768x512.jpg.webp 768w, https:\/\/eldiario.com\/wp-content\/uploads\/2026\/05\/d851b5d56d223d144f06700cf9b91fecb8a3dba9-1536x1024.jpg.webp 1536w, https:\/\/eldiario.com\/wp-content\/uploads\/2026\/05\/d851b5d56d223d144f06700cf9b91fecb8a3dba9-330x220.jpg.webp 330w, https:\/\/eldiario.com\/wp-content\/uploads\/2026\/05\/d851b5d56d223d144f06700cf9b91fecb8a3dba9-420x280.jpg.webp 420w, https:\/\/eldiario.com\/wp-content\/uploads\/2026\/05\/d851b5d56d223d144f06700cf9b91fecb8a3dba9-615x410.jpg.webp 615w, https:\/\/eldiario.com\/wp-content\/uploads\/2026\/05\/d851b5d56d223d144f06700cf9b91fecb8a3dba9-860x574.jpg.webp 860w, https:\/\/eldiario.com\/wp-content\/uploads\/2026\/05\/d851b5d56d223d144f06700cf9b91fecb8a3dba9-150x100.jpg.webp 150w, https:\/\/eldiario.com\/wp-content\/uploads\/2026\/05\/d851b5d56d223d144f06700cf9b91fecb8a3dba9.jpg.webp 1600w\" sizes=\"(max-width: 1200px) 100vw, 1200px\"\/><img fetchpriority=\"high\" decoding=\"async\" width=\"1200\" height=\"800\" src=\"https:\/\/eldiario.com\/wp-content\/uploads\/2026\/05\/d851b5d56d223d144f06700cf9b91fecb8a3dba9-1200x800.jpg\" alt=\"Trabajadores y jubilados marchan en Caracas para exigir salarios dignos este 1\u00b0 de mayo\" srcset=\"https:\/\/eldiario.com\/wp-content\/uploads\/2026\/05\/d851b5d56d223d144f06700cf9b91fecb8a3dba9-1200x800.jpg 1200w, https:\/\/eldiario.com\/wp-content\/uploads\/2026\/05\/d851b5d56d223d144f06700cf9b91fecb8a3dba9-300x200.jpg 300w, https:\/\/eldiario.com\/wp-content\/uploads\/2026\/05\/d851b5d56d223d144f06700cf9b91fecb8a3dba9-768x512.jpg 768w, https:\/\/eldiario.com\/wp-content\/uploads\/2026\/05\/d851b5d56d223d144f06700cf9b91fecb8a3dba9-1536x1024.jpg 1536w, https:\/\/eldiario.com\/wp-content\/uploads\/2026\/05\/d851b5d56d223d144f06700cf9b91fecb8a3dba9-330x220.jpg 330w, https:\/\/eldiario.com\/wp-content\/uploads\/2026\/05\/d851b5d56d223d144f06700cf9b91fecb8a3dba9-420x280.jpg 420w, https:\/\/eldiario.com\/wp-content\/uploads\/2026\/05\/d851b5d56d223d144f06700cf9b91fecb8a3dba9-615x410.jpg 615w, https:\/\/eldiario.com\/wp-content\/uploads\/2026\/05\/d851b5d56d223d144f06700cf9b91fecb8a3dba9-860x574.jpg 860w, https:\/\/eldiario.com\/wp-content\/uploads\/2026\/05\/d851b5d56d223d144f06700cf9b91fecb8a3dba9-150x100.jpg 150w, https:\/\/eldiario.com\/wp-content\/uploads\/2026\/05\/d851b5d56d223d144f06700cf9b91fecb8a3dba9.jpg 1600w\" sizes=\"(max-width: 1200px) 100vw, 1200px\"\/>\n<\/picture><figcaption class=\"wp-element-caption\">Foto referencial: EFE\/ Ronald Pe\u00f1a R<\/figcaption><\/figure>\n<p>El ministro sostuvo que los grupos que han protagonizado protestas no figuran en los registros oficiales del Ministerio del Trabajo, por lo que, seg\u00fan su versi\u00f3n, no participan en los espacios de negociaci\u00f3n actualmente activos.<\/p>\n<h2 id=\"la-mirada-de-un-experto\" class=\"rb-heading-index-1-859119 wp-block-heading\"><strong>La mirada de un experto<\/strong><\/h2>\n<p>El economista<strong> Luis Vicente Le\u00f3n <\/strong>ofreci\u00f3 su interpretaci\u00f3n sobre el contexto de estas discusiones relacionadas a la Ley Org\u00e1nica del Trabajo. Se\u00f1al\u00f3 que el proceso a\u00fan est\u00e1 en una etapa inicial, pero, consider\u00f3, ser\u00e1 la que abra el camino a una salarizaci\u00f3n real en el pa\u00eds<\/p>\n<p>\u201cEsa reforma es la que debe abrir el camino a la <strong>salarizaci\u00f3n real<\/strong> sin quebrar a las empresas ni al Estado. Afortunadamente hoy se firm\u00f3 un acuerdo entre el gobierno, el sector sindical y el sector empresarial que camina hacia la b\u00fasqueda del rescate del valor del salario y que sin duda caminar\u00e1 hacia la discusi\u00f3n de esa reforma. Pero mientras esto madura hacia una f\u00f3rmula viable, el bono es el \u00fanico instrumento ejecutable y no se puede esperar m\u00e1s\u00bb, escribi\u00f3 el experto en una publicaci\u00f3n en su cuenta de X.<\/p>\n<p>El analista agreg\u00f3 que el<strong> margen fiscal <\/strong>actual limita el alcance de los incrementos y que el esquema aplicado por el Estado, a trav\u00e9s de bonos, responde a esa realidad.<\/p>\n<figure class=\"wp-block-image size-large\"><img loading=\"lazy\" decoding=\"async\" width=\"1200\" height=\"800\" src=\"https:\/\/eldiario.com\/wp-content\/uploads\/2026\/03\/867c6b1e5ec3e4811ac6e5114e9eff3310fca990-1200x800.jpg\" alt=\"En im\u00e1genes: trabajadores volvieron a marchar en Caracas para exigir ajustes salariales\" class=\"wp-image-852969\" srcset=\"https:\/\/eldiario.com\/wp-content\/uploads\/2026\/03\/867c6b1e5ec3e4811ac6e5114e9eff3310fca990-1200x800.jpg 1200w, https:\/\/eldiario.com\/wp-content\/uploads\/2026\/03\/867c6b1e5ec3e4811ac6e5114e9eff3310fca990-300x200.jpg 300w, https:\/\/eldiario.com\/wp-content\/uploads\/2026\/03\/867c6b1e5ec3e4811ac6e5114e9eff3310fca990-768x512.jpg 768w, https:\/\/eldiario.com\/wp-content\/uploads\/2026\/03\/867c6b1e5ec3e4811ac6e5114e9eff3310fca990-1536x1024.jpg 1536w, https:\/\/eldiario.com\/wp-content\/uploads\/2026\/03\/867c6b1e5ec3e4811ac6e5114e9eff3310fca990-330x220.jpg 330w, https:\/\/eldiario.com\/wp-content\/uploads\/2026\/03\/867c6b1e5ec3e4811ac6e5114e9eff3310fca990-420x280.jpg 420w, https:\/\/eldiario.com\/wp-content\/uploads\/2026\/03\/867c6b1e5ec3e4811ac6e5114e9eff3310fca990-615x410.jpg 615w, https:\/\/eldiario.com\/wp-content\/uploads\/2026\/03\/867c6b1e5ec3e4811ac6e5114e9eff3310fca990-860x574.jpg 860w, https:\/\/eldiario.com\/wp-content\/uploads\/2026\/03\/867c6b1e5ec3e4811ac6e5114e9eff3310fca990-150x100.jpg 150w, https:\/\/eldiario.com\/wp-content\/uploads\/2026\/03\/867c6b1e5ec3e4811ac6e5114e9eff3310fca990.jpg 1600w\" sizes=\"auto, (max-width: 1200px) 100vw, 1200px\"\/><figcaption class=\"wp-element-caption\">Foto referencial: EFE\/ Miguel Guti\u00e9rrez<\/figcaption><\/figure>\n<p>\u201cEste monto parece ser el techo financiable hoy sin comprometer la estabilidad macroecon\u00f3mica. Todo indica que la reforma laboral no esperar\u00e1 hasta el pr\u00f3ximo a\u00f1o y vendr\u00e1 atada a un aumento salarial real. Es importante acotar que, aunque el sector privado ya paga por encima de este m\u00ednimo y no recibe un impacto directo, el decreto generar\u00e1 una presi\u00f3n natural por aumentar ingresos en toda la cadena econ\u00f3mica\u201d, agreg\u00f3.<\/p>\n<p>Asimismo, Le\u00f3n subray\u00f3 que el ajuste sigue siendo insuficiente frente al costo de vida, aunque lo considera previsible en el corto plazo, y plante\u00f3 dos puntos clave para avanzar:<\/p>\n<p>\u201cEst\u00e1 claro que <strong>el incremento es insuficiente<\/strong> para cubrir la canasta b\u00e1sica, pero era el escenario previsible en el corto plazo\u201d, dijo el economista.<\/p>\n<p>Tambi\u00e9n puntualiz\u00f3 lo que considera como pasos necesario para avanzar en la estabilizaci\u00f3n de los salarios del pa\u00eds:<\/p>\n<p><strong>\u201c1; estimular la inversi\u00f3n petrolera <\/strong>(p\u00fablica y privada) para aumentar los ingresos de la naci\u00f3n de forma acelerada, resolviendo los elementos a\u00fan pendientes de la ley de hidrocarburos y garantizando la estabilidad de las reglas de juego. 2; <strong>s<\/strong><strong>ustituir el modelo de prestaciones sociales <\/strong>acumuladas, hoy impagables y simb\u00f3licas, por una f\u00f3rmula justa que permita salarios s\u00f3lidos, estables en el tiempo y prestaciones que funcionen como una protecci\u00f3n real y oportunidad de inversi\u00f3n para el trabajador\u201d, finaliz\u00f3.<\/p>\n<p><!-- CONTENT END 1 -->\n<\/div>\n\n","protected":false},"excerpt":{"rendered":"<p>El ministro para el Proceso Social del Trabajo, Carlos Alexis Castillo, confirm\u00f3 que el gobierno de la presidenta encargada, Delcy Rodr\u00edguez, analiza posibles cambios a la Ley Org\u00e1nica del Trabajo, una normativa impulsada durante el gobierno del expresidente Hugo Ch\u00e1vez. Seg\u00fan explic\u00f3, el proceso a\u00fan no ha avanzado hacia una propuesta concreta, ya que se &hellip;<\/p>\n","protected":false},"author":1,"featured_media":64697,"comment_status":"open","ping_status":"open","sticky":false,"template":"","format":"standard","meta":{"fifu_image_url":"https:\/\/eldiario.com\/wp-content\/uploads\/2026\/05\/Foto-25.jpg","fifu_image_alt":"","footnotes":""},"categories":[4],"tags":[],"class_list":["post-64695","post","type-post","status-publish","format-standard","has-post-thumbnail","","category-historias-destacadas"],"_links":{"self":[{"href":"https:\/\/noticiasveraces.com\/index.php?rest_route=\/wp\/v2\/posts\/64695","targetHints":{"allow":["GET"]}}],"collection":[{"href":"https:\/\/noticiasveraces.com\/index.php?rest_route=\/wp\/v2\/posts"}],"about":[{"href":"https:\/\/noticiasveraces.com\/index.php?rest_route=\/wp\/v2\/types\/post"}],"author":[{"embeddable":true,"href":"https:\/\/noticiasveraces.com\/index.php?rest_route=\/wp\/v2\/users\/1"}],"replies":[{"embeddable":true,"href":"https:\/\/noticiasveraces.com\/index.php?rest_route=%2Fwp%2Fv2%2Fcomments&post=64695"}],"version-history":[{"count":0,"href":"https:\/\/noticiasveraces.com\/index.php?rest_route=\/wp\/v2\/posts\/64695\/revisions"}],"wp:featuredmedia":[{"embeddable":true,"href":"https:\/\/noticiasveraces.com\/index.php?rest_route=\/wp\/v2\/media\/64697"}],"wp:attachment":[{"href":"https:\/\/noticiasveraces.com\/index.php?rest_route=%2Fwp%2Fv2%2Fmedia&parent=64695"}],"wp:term":[{"taxonomy":"category","embeddable":true,"href":"https:\/\/noticiasveraces.com\/index.php?rest_route=%2Fwp%2Fv2%2Fcategories&post=64695"},{"taxonomy":"post_tag","embeddable":true,"href":"https:\/\/noticiasveraces.com\/index.php?rest_route=%2Fwp%2Fv2%2Ftags&post=64695"}],"curies":[{"name":"wp","href":"https:\/\/api.w.org\/{rel}","templated":true}]}}