{"id":64693,"date":"2026-05-01T15:05:13","date_gmt":"2026-05-01T19:05:13","guid":{"rendered":"https:\/\/noticiasveraces.com\/?p=64693"},"modified":"2026-05-01T15:05:13","modified_gmt":"2026-05-01T19:05:13","slug":"magisterio-denuncia-que-autoridad-unica-arremete-contra-casa-del-educador-en-bolivar-correo-del-caroni","status":"publish","type":"post","link":"https:\/\/noticiasveraces.com\/?p=64693","title":{"rendered":"Magisterio denuncia que autoridad \u00fanica arremete contra Casa del Educador en Bol\u00edvar \u2013 Correo del Caron\u00ed"},"content":{"rendered":"<p> \n<\/p>\n<div data-id=\"494a3404\" data-element_type=\"widget\" data-e-type=\"widget\" id=\"texto\" data-widget_type=\"theme-post-content.default\">\n<div class=\"elementor-widget-container\">\n<p>Las organizaciones sindicales del magisterio en el estado Bol\u00edvar, nuevamente, denuncian lo que consideran el \u201capu\u00f1alamiento\u201d de sus derechos laborales en manos de la autoridad \u00fanica de Educaci\u00f3n.<\/p>\n<p>En un reclamo formal, el magisterio guayan\u00e9s alerta sobre otro mecanismo de acoso laboral, en esta oportunidad a trabajadores con reposo m\u00e9dico emitido por el ente correspondiente, significando un nuevo intento de desconocer la Ley Org\u00e1nica de Prevenci\u00f3n, Condiciones y Medio Ambiente de Trabajo (Lopcymat).<\/p>\n<p>Los representantes del magisterio en la regi\u00f3n, Lina Maradei de Beltr\u00e1n, Aixa Viera, Mar\u00eda Guerra, Milagros P\u00e9rez, Jos\u00e9 F\u00e9lix Darnott y Marif\u00e9 Arandia, manifestaron que contin\u00faan los intentos por parte del patrono de aniquilar los derechos del sector docente y sus sindicatos.<\/p>\n<p>En esta oportunidad, se\u00f1alaron, la desincorporaci\u00f3n del personal de mantenimiento y vigilancia asignado a la Casa del Educador en Ciudad Bol\u00edvar y San F\u00e9lix, constituyendo un retroceso e ilegalidad, de acuerdo a las condiciones contractuales a\u00fan vigentes, establecidas en la cl\u00e1usula 51 del contrato colectivo. <\/p>\n<p>Advierten que la falta de personal asignado pone en riesgo el patrimonio de las sedes sindicales, por lo que responsabilizan al patrono de lo que pueda ocurrir en esas instalaciones.<\/p>\n<p>En la Casa del Educador convergen el Colegio de Licenciados, Fenatev y la Federaci\u00f3n Venezolana de Maestros, adem\u00e1s estos espacios sirven de centro para la formaci\u00f3n de estudiantes de postgrado en convenio con la UPEL e IMPM.  <\/p>\n<p class=\"has-medium-font-size\"><strong>Desconocer<\/strong><\/p>\n<p>Los voceros del magisterio denunciaron a Emilio Aguilar, coordinador del Centro de Atenci\u00f3n de la Calidad Educativa (antes Zona Educativa) y autoridad \u00fanica de Educaci\u00f3n, y a C\u00e9sar Rom\u00e1n, quien est\u00e1 el frente de la direcci\u00f3n de talento humano, de desconocer los derechos laborales de trabajadores bajo reposo m\u00e9dico, debidamente certificado por el ente correspondiente, con la \u00fanica intenci\u00f3n de suspender sus salarios, representando una flagrante violaci\u00f3n laboral y humana.<\/p>\n<p>En este sentido se\u00f1alaron el caso de una trabajadora de la Casa del Educador, cuya situaci\u00f3n m\u00e9dica fue presentada por escrito a la autoridad \u00fanica y al director de talento humano, ambos neg\u00e1ndose a recibir la comunicaci\u00f3n emitida por el Centro de Salud Lino Maradei.   <\/p>\n<p>Advirtieron que esta trabajadora est\u00e1 en riesgo de quedar sin su salario tras la acostumbrada pr\u00e1ctica de estos personajes de buscar la suspensi\u00f3n de salarios.<\/p>\n<p>El 28 de abril, los funcionarios se negaron a recibir la notificaci\u00f3n de reposo m\u00e9dico de una trabajadora de la Casa del Educador, exigiendo que esta persona aun en su estado delicado de salud haga presencia ante la autoridad \u00fanica de Educaci\u00f3n.<\/p>\n<p>Asimismo, los denunciantes reiteraron las irregularidades que se han venido presentando con la migraci\u00f3n del personal de manera inconsulta de n\u00f3mina de la Gobernaci\u00f3n al Ministerio de Educaci\u00f3n.<\/p>\n<p>Los representantes del magisterio expresaron su rechazo a esta situaci\u00f3n, realizada sin consulta previa, y que ha generado la p\u00e9rdida econ\u00f3mica del 45% en los ingresos de los educadores, profundizando la crisis en el sector.<\/p>\n<p>Exigen respeto, no solo a sus derechos laborales, sino adem\u00e1s a la normativa, y exigen se rectifique las acciones tomadas por la autoridad \u00fanica de Educaci\u00f3n, permitiendo el reintegro del personal de mantenimiento, respetando su antig\u00fcedad y beneficios.<\/p>\n<p>Para finalizar se\u00f1alaron que estar\u00e1n alertando a la comunidad adyacente a la Casa del Educador sobre este desmantelamiento operativo ejecutado por Emilio Aguilar, autoridad \u00fanica de Educaci\u00f3n en el estado Bol\u00edvar.<\/p>\n<\/p><\/div>\n<\/p><\/div>\n\n","protected":false},"excerpt":{"rendered":"<p>Las organizaciones sindicales del magisterio en el estado Bol\u00edvar, nuevamente, denuncian lo que consideran el \u201capu\u00f1alamiento\u201d de sus derechos laborales en manos de la autoridad \u00fanica de Educaci\u00f3n. En un reclamo formal, el magisterio guayan\u00e9s alerta sobre otro mecanismo de acoso laboral, en esta oportunidad a trabajadores con reposo m\u00e9dico emitido por el ente correspondiente, &hellip;<\/p>\n","protected":false},"author":1,"featured_media":64694,"comment_status":"open","ping_status":"open","sticky":false,"template":"","format":"standard","meta":{"fifu_image_url":"https:\/\/correodelcaroni.com\/wp-content\/uploads\/2026\/05\/AUTORIDAD_magisterio_Bolivar.jpg","fifu_image_alt":"","footnotes":""},"categories":[13],"tags":[],"class_list":["post-64693","post","type-post","status-publish","format-standard","has-post-thumbnail","","category-mundo"],"_links":{"self":[{"href":"https:\/\/noticiasveraces.com\/index.php?rest_route=\/wp\/v2\/posts\/64693","targetHints":{"allow":["GET"]}}],"collection":[{"href":"https:\/\/noticiasveraces.com\/index.php?rest_route=\/wp\/v2\/posts"}],"about":[{"href":"https:\/\/noticiasveraces.com\/index.php?rest_route=\/wp\/v2\/types\/post"}],"author":[{"embeddable":true,"href":"https:\/\/noticiasveraces.com\/index.php?rest_route=\/wp\/v2\/users\/1"}],"replies":[{"embeddable":true,"href":"https:\/\/noticiasveraces.com\/index.php?rest_route=%2Fwp%2Fv2%2Fcomments&post=64693"}],"version-history":[{"count":0,"href":"https:\/\/noticiasveraces.com\/index.php?rest_route=\/wp\/v2\/posts\/64693\/revisions"}],"wp:featuredmedia":[{"embeddable":true,"href":"https:\/\/noticiasveraces.com\/index.php?rest_route=\/wp\/v2\/media\/64694"}],"wp:attachment":[{"href":"https:\/\/noticiasveraces.com\/index.php?rest_route=%2Fwp%2Fv2%2Fmedia&parent=64693"}],"wp:term":[{"taxonomy":"category","embeddable":true,"href":"https:\/\/noticiasveraces.com\/index.php?rest_route=%2Fwp%2Fv2%2Fcategories&post=64693"},{"taxonomy":"post_tag","embeddable":true,"href":"https:\/\/noticiasveraces.com\/index.php?rest_route=%2Fwp%2Fv2%2Ftags&post=64693"}],"curies":[{"name":"wp","href":"https:\/\/api.w.org\/{rel}","templated":true}]}}