{"id":64690,"date":"2026-05-01T15:03:08","date_gmt":"2026-05-01T19:03:08","guid":{"rendered":"https:\/\/noticiasveraces.com\/?p=64690"},"modified":"2026-05-01T15:03:08","modified_gmt":"2026-05-01T19:03:08","slug":"la-euroliga-expedienta-al-presidente-del-panathinaikos-tras-su-actitud-deplorable-en-valencia","status":"publish","type":"post","link":"https:\/\/noticiasveraces.com\/?p=64690","title":{"rendered":"La Euroliga expedienta al presidente del Panathinaikos tras su \u00abactitud deplorable\u00bb en Valencia"},"content":{"rendered":"<p> \n<\/p>\n<div id=\"intext\">\n<p>La Euroliga ha abierto expediente al due\u00f1o y presidente del Panathinaikos, Dimitris Giannakopoulos, tras su comportamiento en el segundo partido de los cuartos de final ante el Valencia Basket. La sanci\u00f3n podr\u00eda ser severa y, seg\u00fan fuentes consultadas por EFE, podr\u00eda impedirle asistir a los pr\u00f3ximos encuentros de su equipo.<\/p>\n<p>El incidente se produjo en los minutos finales del partido disputado en el Roig Arena, cuando el dirigente griego, situado junto al banquillo, se levant\u00f3 y se dirigi\u00f3 con gestos airados hacia la mesa de anotadores y los \u00e1rbitros, generando una situaci\u00f3n de tensi\u00f3n.<\/p>\n<p>Los colegiados reflejaron lo ocurrido en el acta y, tras el encuentro, la Polic\u00eda tambi\u00e9n le abri\u00f3 un acta, junto a otros miembros de la expedici\u00f3n, por no seguir las indicaciones de seguridad.<\/p>\n<h2 class=\"title-h2\">Posible sanci\u00f3n ejemplar<\/h2>\n<p>Al estar recogido en el acta, la Euroliga activ\u00f3 el protocolo disciplinario. La resoluci\u00f3n podr\u00eda conocerse antes del pr\u00f3ximo partido de la serie, previsto para el 6 de mayo en Atenas, y no se descarta una sanci\u00f3n ejemplar debido a su reincidencia.<\/p>\n<p>Seg\u00fan estas fuentes, el castigo podr\u00eda incluir una multa econ\u00f3mica y la prohibici\u00f3n de acceso a los partidos restantes de la temporada, incluida la Final a Cuatro \u2014que organiza el propio Panathinaikos\u2014, as\u00ed como a los primeros encuentros del pr\u00f3ximo curso.<\/p>\n<p>Giannakopoulos cuenta con un amplio historial de sanciones, con multas que han alcanzado los 800.000 euros y suspensiones anteriores, como la prohibici\u00f3n de asistir a cinco partidos tras la Final Four de 2025.<\/p>\n<h2 class=\"title-h2\">Denuncia una \u00abactitud deplorable\u00bb<\/h2>\n<p>El Valencia Basket reaccion\u00f3 con dureza a lo sucedido y anunci\u00f3 que presentar\u00e1 una queja formal: \u00abValencia Basket condena la actitud del presidente de Panathinaikos, Dimitris Giannakopoulos, que rebas\u00f3 cualquier l\u00edmite durante el partido acerc\u00e1ndose a la mesa con una actitud deplorable, tratando de influenciar e increpar a los \u00e1rbitros, tal y como refleja el acta del partido, neg\u00e1ndose adem\u00e1s a acatar las indicaciones de los cuerpos de seguridad y generando una tensi\u00f3n injustificable, motivos por los que adem\u00e1s la Polic\u00eda le ha abierto un acta, as\u00ed como a algunos miembros m\u00e1s de su expedici\u00f3n\u00bb, se\u00f1al\u00f3 el club.<\/p>\n<p>El partido termin\u00f3 con victoria del Panathinaikos en la pr\u00f3rroga (105-107), con una canasta sobre la bocina de Nigel Hayes-Davis, dejando al Valencia con un 0-2 en la serie.<\/p>\n<h2 class=\"title-h2\">La respuesta de Giannakopoulos<\/h2>\n<p>Por su parte, el dirigente griego respondi\u00f3 a las acusaciones y carg\u00f3 contra el t\u00e9cnico &#8216;taronja&#8217;: \u00abSe\u00f1or Mart\u00ednez, te quiero felicitar. Valencia es incre\u00edble, se est\u00e1 convirtiendo en un gran club de baloncesto y t\u00fa eres un entrenador excepcional. Pero, despu\u00e9s de lo que dijiste sobre m\u00ed, eres un mentiroso. Nunca me acerqu\u00e9 al lugar donde estaban los \u00e1rbitros, estaba detr\u00e1s del banquillo del Panathinaikos y expresaba lo que pensaba sobre una falta que se hab\u00eda pitado\u00bb, contest\u00f3 en redes sociales.<\/p>\n<p><i>S\u00edguenos en nuestro <\/i><i><strong>canal de WhatsApp<\/strong><\/i><i>  y no te pierdas la \u00faltima hora y toda la actualidad en nuestro <\/i><b><i>perfil de Google<\/i>.<\/b><\/p>\n<div class=\"recirculation-video\" data-mod=\"a3mod_recirculation_video\">\n<div class=\"recirculation-video-wrapper\">\n<div>\n<div class=\"video-wrapper\"><picture class=\"video-main-picture\"><source media=\"(min-width: 481px)\" srcset=\"https:\/\/fotografias.antena3.com\/clipping\/cmsimages02\/2026\/04\/29\/D8B9611B-6A69-4AD7-BACC-8599482219D1\/rafa-jodar-lamenta-punto-perdido-sinner_94.jpg?crop=2192,1233,x0,y0&amp;width=800&amp;height=450&amp;optimize=medium&amp;format=webply\" width=\"800\" height=\"450\"><source media=\"(min-width: 391px) and (max-width: 480px)\" srcset=\"https:\/\/fotografias.antena3.com\/clipping\/cmsimages02\/2026\/04\/29\/D8B9611B-6A69-4AD7-BACC-8599482219D1\/rafa-jodar-lamenta-punto-perdido-sinner_70.jpg?crop=2192,1233,x0,y0&amp;width=480&amp;height=270&amp;optimize=high&amp;format=webply\" width=\"480\" height=\"270\"><source media=\"(min-width: 321px) and (max-width: 390px)\" srcset=\"https:\/\/fotografias.antena3.com\/clipping\/cmsimages02\/2026\/04\/29\/D8B9611B-6A69-4AD7-BACC-8599482219D1\/rafa-jodar-lamenta-punto-perdido-sinner_92.jpg?crop=2192,1231,x0,y0&amp;width=390&amp;height=219&amp;optimize=high&amp;format=webply\" width=\"390\" height=\"219\"><source media=\"(max-width: 320px)\" srcset=\"https:\/\/fotografias.antena3.com\/clipping\/cmsimages02\/2026\/04\/29\/D8B9611B-6A69-4AD7-BACC-8599482219D1\/rafa-jodar-lamenta-punto-perdido-sinner_52.jpg?crop=2192,1233,x0,y0&amp;width=320&amp;height=180&amp;optimize=high&amp;format=webply\" width=\"320\" height=\"180\"><img decoding=\"async\" title=\"Rafa J\u00f3dar se lamenta tras un punto perdido ante Sinner\" alt=\"Rafa J\u00f3dar se lamenta tras un punto perdido ante Sinner\" width=\"480\" height=\"270\" src=\"https:\/\/fotografias.antena3.com\/clipping\/cmsimages02\/2026\/04\/29\/D8B9611B-6A69-4AD7-BACC-8599482219D1\/rafa-jodar-lamenta-punto-perdido-sinner_70.jpg?crop=2192,1233,x0,y0&amp;width=480&amp;height=270&amp;optimize=high&amp;format=webply\" loading=\"lazy\" class=\"lazy\"\/><\/source><\/source><\/source><\/source><\/picture><\/div>\n<\/div>\n<\/div>\n<\/div>\n<\/div>\n\n","protected":false},"excerpt":{"rendered":"<p>La Euroliga ha abierto expediente al due\u00f1o y presidente del Panathinaikos, Dimitris Giannakopoulos, tras su comportamiento en el segundo partido de los cuartos de final ante el Valencia Basket. La sanci\u00f3n podr\u00eda ser severa y, seg\u00fan fuentes consultadas por EFE, podr\u00eda impedirle asistir a los pr\u00f3ximos encuentros de su equipo. El incidente se produjo en &hellip;<\/p>\n","protected":false},"author":1,"featured_media":64692,"comment_status":"open","ping_status":"open","sticky":false,"template":"","format":"standard","meta":{"fifu_image_url":"https:\/\/fotografias.antena3.com\/clipping\/cmsimages02\/2026\/05\/01\/CDFAE819-35CE-4D7C-8F5B-FD36A6E225F7\/dimitris-giannakopoulos-presidente-panathinaikos_69.jpg?crop=1920,1080,x0,y128&width=1280&height=720&optimize=low&format=jpg","fifu_image_alt":"","footnotes":""},"categories":[6],"tags":[],"class_list":["post-64690","post","type-post","status-publish","format-standard","has-post-thumbnail","","category-deportes"],"_links":{"self":[{"href":"https:\/\/noticiasveraces.com\/index.php?rest_route=\/wp\/v2\/posts\/64690","targetHints":{"allow":["GET"]}}],"collection":[{"href":"https:\/\/noticiasveraces.com\/index.php?rest_route=\/wp\/v2\/posts"}],"about":[{"href":"https:\/\/noticiasveraces.com\/index.php?rest_route=\/wp\/v2\/types\/post"}],"author":[{"embeddable":true,"href":"https:\/\/noticiasveraces.com\/index.php?rest_route=\/wp\/v2\/users\/1"}],"replies":[{"embeddable":true,"href":"https:\/\/noticiasveraces.com\/index.php?rest_route=%2Fwp%2Fv2%2Fcomments&post=64690"}],"version-history":[{"count":0,"href":"https:\/\/noticiasveraces.com\/index.php?rest_route=\/wp\/v2\/posts\/64690\/revisions"}],"wp:featuredmedia":[{"embeddable":true,"href":"https:\/\/noticiasveraces.com\/index.php?rest_route=\/wp\/v2\/media\/64692"}],"wp:attachment":[{"href":"https:\/\/noticiasveraces.com\/index.php?rest_route=%2Fwp%2Fv2%2Fmedia&parent=64690"}],"wp:term":[{"taxonomy":"category","embeddable":true,"href":"https:\/\/noticiasveraces.com\/index.php?rest_route=%2Fwp%2Fv2%2Fcategories&post=64690"},{"taxonomy":"post_tag","embeddable":true,"href":"https:\/\/noticiasveraces.com\/index.php?rest_route=%2Fwp%2Fv2%2Ftags&post=64690"}],"curies":[{"name":"wp","href":"https:\/\/api.w.org\/{rel}","templated":true}]}}