{"id":64686,"date":"2026-05-01T14:04:06","date_gmt":"2026-05-01T18:04:06","guid":{"rendered":"https:\/\/noticiasveraces.com\/?p=64686"},"modified":"2026-05-01T14:04:06","modified_gmt":"2026-05-01T18:04:06","slug":"delcy-rodriguez-evita-fijar-fecha-electoral-no-lo-se-en-algun-momento-albertonews","status":"publish","type":"post","link":"https:\/\/noticiasveraces.com\/?p=64686","title":{"rendered":"Delcy Rodr\u00edguez evita fijar fecha electoral: \u201cNo lo s\u00e9\u2026 en alg\u00fan momento\u201d &#8211; AlbertoNews"},"content":{"rendered":"<p> \n<\/p>\n<div>\n<p>La presidenta interina de Venezuela, Delcy Rodr\u00edguez, volvi\u00f3 a generar incertidumbre sobre el cronograma electoral del pa\u00eds tras responder de forma evasiva a una pregunta directa sobre la celebraci\u00f3n de comicios.<\/p>\n<p>Durante una interacci\u00f3n con el periodista Tyler Pager, Rodr\u00edguez fue consultada sobre cu\u00e1ndo se realizar\u00edan elecciones en Venezuela. Su respuesta fue breve y sin precisi\u00f3n: \u201cNo lo s\u00e9\u2026 en alg\u00fan momento\u201d, antes de retirarse.<\/p>\n<p>La declaraci\u00f3n se suma a una serie de respuestas previas de la funcionaria en las que ha evitado establecer fechas concretas para un proceso electoral, aunque en ocasiones ha reiterado su compromiso con la realizaci\u00f3n de elecciones \u201clibres y justas\u201d, condicionadas a acuerdos pol\u00edticos internos y al desarrollo del contexto nacional .<\/p>\n<p>Sin embargo, la falta de un calendario definido ha alimentado cuestionamientos de distintos sectores pol\u00edticos y observadores internacionales, que insisten en la necesidad de una hoja de ruta clara para garantizar certidumbre institucional en el pa\u00eds.<\/p>\n<p><strong>Si quieres recibir en tu celular esta y otras informaciones descarga Telegram, ingresa al link <\/strong><strong>https:\/\/t.me\/albertorodnews<\/strong><strong> y dale click a +Unirme.  <\/strong><\/p>\n<p><strong>Alberto Noticias<\/strong><\/p>\n<\/div>\n\n","protected":false},"excerpt":{"rendered":"<p>La presidenta interina de Venezuela, Delcy Rodr\u00edguez, volvi\u00f3 a generar incertidumbre sobre el cronograma electoral del pa\u00eds tras responder de forma evasiva a una pregunta directa sobre la celebraci\u00f3n de comicios. Durante una interacci\u00f3n con el periodista Tyler Pager, Rodr\u00edguez fue consultada sobre cu\u00e1ndo se realizar\u00edan elecciones en Venezuela. Su respuesta fue breve y sin &hellip;<\/p>\n","protected":false},"author":1,"featured_media":64687,"comment_status":"open","ping_status":"open","sticky":false,"template":"","format":"standard","meta":{"fifu_image_url":"https:\/\/cdn.albertonews.com\/wp-content\/uploads\/2026\/04\/JC_L9656-1024x683.jpg","fifu_image_alt":"","footnotes":""},"categories":[13],"tags":[],"class_list":["post-64686","post","type-post","status-publish","format-standard","has-post-thumbnail","","category-mundo"],"_links":{"self":[{"href":"https:\/\/noticiasveraces.com\/index.php?rest_route=\/wp\/v2\/posts\/64686","targetHints":{"allow":["GET"]}}],"collection":[{"href":"https:\/\/noticiasveraces.com\/index.php?rest_route=\/wp\/v2\/posts"}],"about":[{"href":"https:\/\/noticiasveraces.com\/index.php?rest_route=\/wp\/v2\/types\/post"}],"author":[{"embeddable":true,"href":"https:\/\/noticiasveraces.com\/index.php?rest_route=\/wp\/v2\/users\/1"}],"replies":[{"embeddable":true,"href":"https:\/\/noticiasveraces.com\/index.php?rest_route=%2Fwp%2Fv2%2Fcomments&post=64686"}],"version-history":[{"count":0,"href":"https:\/\/noticiasveraces.com\/index.php?rest_route=\/wp\/v2\/posts\/64686\/revisions"}],"wp:featuredmedia":[{"embeddable":true,"href":"https:\/\/noticiasveraces.com\/index.php?rest_route=\/wp\/v2\/media\/64687"}],"wp:attachment":[{"href":"https:\/\/noticiasveraces.com\/index.php?rest_route=%2Fwp%2Fv2%2Fmedia&parent=64686"}],"wp:term":[{"taxonomy":"category","embeddable":true,"href":"https:\/\/noticiasveraces.com\/index.php?rest_route=%2Fwp%2Fv2%2Fcategories&post=64686"},{"taxonomy":"post_tag","embeddable":true,"href":"https:\/\/noticiasveraces.com\/index.php?rest_route=%2Fwp%2Fv2%2Ftags&post=64686"}],"curies":[{"name":"wp","href":"https:\/\/api.w.org\/{rel}","templated":true}]}}