{"id":64642,"date":"2026-05-01T09:01:44","date_gmt":"2026-05-01T13:01:44","guid":{"rendered":"https:\/\/noticiasveraces.com\/?p=64642"},"modified":"2026-05-01T09:01:44","modified_gmt":"2026-05-01T13:01:44","slug":"fernando-alonso-cambiar-panales-tiene-que-estar-por-debajo-de-los-30-segundos","status":"publish","type":"post","link":"https:\/\/noticiasveraces.com\/?p=64642","title":{"rendered":"Fernando Alonso: \u00ab\u00bfCambiar pa\u00f1ales? Tiene que estar por debajo de los 30 segundos\u00bb"},"content":{"rendered":"<p> \n<\/p>\n<div id=\"intext\">\n<p>Fernando Alonso sigue compitiendo al m\u00e1ximo nivel en el <i>Gran Circo<\/i>pero esta temporada afronta un reto completamente distinto: <b>su reciente paternidad<\/b>. Y parece que el asturiano, bicampe\u00f3n del mundo de F1, no pierde la competitividad ni fuera del circuito.<\/p>\n<p>Durante la rueda de prensa previa al Gran Premio de Miami fue preguntado por su velocidad cambiando pa\u00f1ales y no dud\u00f3 en responder con humor. \u00abTiene que estar por debajo de los 30 segundos\u00bb, brome\u00f3 sobre el tiempo r\u00e9cord que tarda con su hijo.<\/p>\n<p>\u00abPor las noches hay alg\u00fan que otro momento que con todo el estr\u00e9s&#8230; no s\u00e9 si todo queda puesto bien, pero soy r\u00e1pido\u00bb, cerr\u00f3 entre carcajadas la respuesta sobre sus habilidades con el pa\u00f1al de Leonard Alonso Jim\u00e9nez.<\/p>\n<h2 class=\"title-h2\">Otro fin de semana complicado<\/h2>\n<p>M\u00e1s all\u00e1 de la an\u00e9cdota, Alonso vuelve este fin de semana a la acci\u00f3n con Aston Martin en un contexto complicado. El equipo no atraviesa su mejor momento y el objetivo, viendo el rendimiento del monoplaza, pasa casi por terminar la carrera.<\/p>\n<p>El propio piloto reconoci\u00f3 que no habr\u00e1 mejoras de potencia para Miami: \u00abLa verdad es que hemos descansado. Aunque las cuatro semanas parece que son muchas, han parecido m\u00e1s dos o tres. He echaba de menos una semanita m\u00e1s de relax. Pero s\u00ed que hemos estado activamente trabajando con Honda en Jap\u00f3n para, por lo menos, mejorar las vibraciones. No tenemos ninguna actualizaci\u00f3n de potencia, pero s\u00ed que tenemos de fiabilidad y de vibraciones\u00bb, explic\u00f3.<\/p>\n<p>El asturiano resumi\u00f3 as\u00ed su preparaci\u00f3n en las \u00faltimas semanas: \u00abAs\u00ed que un pasito cada vez, ojal\u00e1 lo podamos ver aqu\u00ed. Y luego, s\u00ed, conducir un poco en Paul Ricard, el coche de Le Mans y poco m\u00e1s. Y algo de simulador, as\u00ed que con ganas de subirme al coche ya\u00bb.<\/p>\n<h2 class=\"title-h2\">\u00abSer\u00e1 dif\u00edcil, no vamos a mentir\u00bb<\/h2>\n<p>Aun as\u00ed, no es optimista con las opciones del equipo en Miami: \u00abSer\u00e1 dif\u00edcil, no vamos a mentir. Como digo, no tenemos ninguna mejora de prestaciones respecto a Suzuka y sabemos que podemos estar en la cola de la parrilla. Pero tenemos que seguir unidos, tenemos que seguir viendo lo que podemos hacer y aqu\u00ed intentaremos mejorar las vibraciones del motor y que no tengamos esos problemas ya\u00bb, apostill\u00f3.<\/p>\n<p>Entre pa\u00f1ales y circuitos, Alonso sigue compitiendo\u2026 aunque ahora tambi\u00e9n en su propia casa.<\/p>\n<p><i>S\u00edguenos en nuestro <\/i><i><strong>canal de WhatsApp<\/strong><\/i><i>  y no te pierdas la \u00faltima hora y toda la actualidad en nuestro <\/i><b><i>perfil de Google<\/i>.<\/b><\/p>\n<div class=\"recirculation-video\" data-mod=\"a3mod_recirculation_video\">\n<div class=\"recirculation-video-wrapper\">\n<div>\n<div class=\"video-wrapper\"><picture class=\"video-main-picture\"><source media=\"(min-width: 481px)\" srcset=\"https:\/\/fotografias.antena3.com\/clipping\/cmsimages02\/2026\/04\/29\/D8B9611B-6A69-4AD7-BACC-8599482219D1\/rafa-jodar-lamenta-punto-perdido-sinner_94.jpg?crop=2192,1233,x0,y0&amp;width=800&amp;height=450&amp;optimize=medium&amp;format=webply\" width=\"800\" height=\"450\"><source media=\"(min-width: 391px) and (max-width: 480px)\" srcset=\"https:\/\/fotografias.antena3.com\/clipping\/cmsimages02\/2026\/04\/29\/D8B9611B-6A69-4AD7-BACC-8599482219D1\/rafa-jodar-lamenta-punto-perdido-sinner_70.jpg?crop=2192,1233,x0,y0&amp;width=480&amp;height=270&amp;optimize=high&amp;format=webply\" width=\"480\" height=\"270\"><source media=\"(min-width: 321px) and (max-width: 390px)\" srcset=\"https:\/\/fotografias.antena3.com\/clipping\/cmsimages02\/2026\/04\/29\/D8B9611B-6A69-4AD7-BACC-8599482219D1\/rafa-jodar-lamenta-punto-perdido-sinner_92.jpg?crop=2192,1231,x0,y0&amp;width=390&amp;height=219&amp;optimize=high&amp;format=webply\" width=\"390\" height=\"219\"><source media=\"(max-width: 320px)\" srcset=\"https:\/\/fotografias.antena3.com\/clipping\/cmsimages02\/2026\/04\/29\/D8B9611B-6A69-4AD7-BACC-8599482219D1\/rafa-jodar-lamenta-punto-perdido-sinner_52.jpg?crop=2192,1233,x0,y0&amp;width=320&amp;height=180&amp;optimize=high&amp;format=webply\" width=\"320\" height=\"180\"><img decoding=\"async\" title=\"Rafa J\u00f3dar se lamenta tras un punto perdido ante Sinner\" alt=\"Rafa J\u00f3dar se lamenta tras un punto perdido ante Sinner\" width=\"480\" height=\"270\" src=\"https:\/\/fotografias.antena3.com\/clipping\/cmsimages02\/2026\/04\/29\/D8B9611B-6A69-4AD7-BACC-8599482219D1\/rafa-jodar-lamenta-punto-perdido-sinner_70.jpg?crop=2192,1233,x0,y0&amp;width=480&amp;height=270&amp;optimize=high&amp;format=webply\" loading=\"lazy\" class=\"lazy\"\/><\/source><\/source><\/source><\/source><\/picture><\/div>\n<\/div>\n<\/div>\n<\/div>\n<\/div>\n\n","protected":false},"excerpt":{"rendered":"<p>Fernando Alonso sigue compitiendo al m\u00e1ximo nivel en el Gran Circopero esta temporada afronta un reto completamente distinto: su reciente paternidad. Y parece que el asturiano, bicampe\u00f3n del mundo de F1, no pierde la competitividad ni fuera del circuito. Durante la rueda de prensa previa al Gran Premio de Miami fue preguntado por su velocidad &hellip;<\/p>\n","protected":false},"author":1,"featured_media":64644,"comment_status":"open","ping_status":"open","sticky":false,"template":"","format":"standard","meta":{"fifu_image_url":"https:\/\/fotografias.antena3.com\/clipping\/cmsimages02\/2026\/05\/01\/A07BA303-D0C2-42E5-A6B0-C6C68609222D\/fernando-alonso-miami_69.jpg?crop=4800,2700,x0,y127&width=1280&height=720&optimize=low&format=jpg","fifu_image_alt":"","footnotes":""},"categories":[6],"tags":[],"class_list":["post-64642","post","type-post","status-publish","format-standard","has-post-thumbnail","","category-deportes"],"_links":{"self":[{"href":"https:\/\/noticiasveraces.com\/index.php?rest_route=\/wp\/v2\/posts\/64642","targetHints":{"allow":["GET"]}}],"collection":[{"href":"https:\/\/noticiasveraces.com\/index.php?rest_route=\/wp\/v2\/posts"}],"about":[{"href":"https:\/\/noticiasveraces.com\/index.php?rest_route=\/wp\/v2\/types\/post"}],"author":[{"embeddable":true,"href":"https:\/\/noticiasveraces.com\/index.php?rest_route=\/wp\/v2\/users\/1"}],"replies":[{"embeddable":true,"href":"https:\/\/noticiasveraces.com\/index.php?rest_route=%2Fwp%2Fv2%2Fcomments&post=64642"}],"version-history":[{"count":0,"href":"https:\/\/noticiasveraces.com\/index.php?rest_route=\/wp\/v2\/posts\/64642\/revisions"}],"wp:featuredmedia":[{"embeddable":true,"href":"https:\/\/noticiasveraces.com\/index.php?rest_route=\/wp\/v2\/media\/64644"}],"wp:attachment":[{"href":"https:\/\/noticiasveraces.com\/index.php?rest_route=%2Fwp%2Fv2%2Fmedia&parent=64642"}],"wp:term":[{"taxonomy":"category","embeddable":true,"href":"https:\/\/noticiasveraces.com\/index.php?rest_route=%2Fwp%2Fv2%2Fcategories&post=64642"},{"taxonomy":"post_tag","embeddable":true,"href":"https:\/\/noticiasveraces.com\/index.php?rest_route=%2Fwp%2Fv2%2Ftags&post=64642"}],"curies":[{"name":"wp","href":"https:\/\/api.w.org\/{rel}","templated":true}]}}