{"id":64600,"date":"2026-05-01T03:53:45","date_gmt":"2026-05-01T07:53:45","guid":{"rendered":"https:\/\/noticiasveraces.com\/?p=64600"},"modified":"2026-05-01T03:53:45","modified_gmt":"2026-05-01T07:53:45","slug":"castillo-mesa-de-dialogo-evalua-posibles-cambios-a-la-ley-del-trabajo","status":"publish","type":"post","link":"https:\/\/noticiasveraces.com\/?p=64600","title":{"rendered":"Castillo: Mesa de di\u00e1logo eval\u00faa posibles cambios a la Ley del Trabajo"},"content":{"rendered":"<p> \n<\/p>\n<div>\n<p>  El ministro para el Trabajo, Carlos Alexis Castillo, afirm\u00f3 este jueves que la mesa de di\u00e1logo nacional instalada entre Gobierno, empresarios y centrales sindicales mantiene abiertas las discusiones sobre eventuales cambios a la Ley Org\u00e1nica del Trabajo, como parte de la b\u00fasqueda de soluciones estructurales al tema salarial y de protecci\u00f3n social en el pa\u00eds.<\/p>\n<p>\u201cLo estamos discutiendo. Eso tiene que salir del consenso de todos. A lo mejor esa es la soluci\u00f3n o quiz\u00e1s otras medidas. Estamos evaluando todas las variables y sacando todas las cuentas responsablemente\u201d, se\u00f1al\u00f3 el funcionario durante una entrevista realizada en VTV tras los anuncios econ\u00f3micos realizados por la presidenta encargada Delcy Rodr\u00edguez.<\/p>\n<p>Castillo explic\u00f3 que las decisiones adoptadas responden a un enfoque progresivo para evitar impactos inflacionarios y garantizar sostenibilidad. \u201cNo vamos a cometer el error de dar aumentos sin una base para sustentarlos. Todo se est\u00e1 haciendo con pasos firmes, estudiados cient\u00edficamente y acordados con todos los sectores involucrados\u201d, sostuvo.<\/p>\n<h3 id=\"ingreso-m-iacute-nimo-integral-de-$240\" class=\"wp-block-heading\">Ingreso m\u00ednimo integral de $240<\/h3>\n<p>Entre las medidas anunciadas, el ministro destac\u00f3 el acuerdo alcanzado en la mesa de di\u00e1logo para establecer un ingreso m\u00ednimo integral de 240 d\u00f3lares tambi\u00e9n en el sector privado, tomando como referencia el esquema aplicado en el sector p\u00fablico.<\/p>\n<p>\u00abComo no se hab\u00eda producido aumento del salario m\u00ednimo, entonces se dec\u00eda que el ingreso del trabajador era menor a medio d\u00f3lar, algo as\u00ed. Cuesti\u00f3n que era falsa, sobre todo para el sector p\u00fablico, en virtud de que se otorgaban\u00a0beneficios a trav\u00e9s del ingreso integral\u00bb.<\/p>\n<p>Indic\u00f3 que esta decisi\u00f3n busca beneficiar a trabajadores que a\u00fan percib\u00edan montos inferiores, especialmente en el sector privado, y sentar bases para futuros ajustes. \u201cEsto nos permitir\u00e1 avanzar m\u00e1s adelante en soluciones de car\u00e1cter salarial, pero debe hacerse de forma gradual, por fases y paulatinamente\u201d, precis\u00f3.<\/p>\n<p>\u00abVamos hacia el camino de la recuperaci\u00f3n econ\u00f3mica.Vamos nuevamente a hacer un pa\u00eds feliz. Pero eso requiere que tomemos decisiones responsables, como lo dijo tambi\u00e9n la presidenta. Decisiones responsables para que sean aumentos que sean tambi\u00e9n responsables. Es decir, nosotros no podemos seguir dando aumentos falsos que no podemos cumplir y que, si lo cumplimos, se convierten en aumentos inflacionarios. Entonces, todos los aumentos que se est\u00e1n dando, se est\u00e1n dando con pasos firmes, estudiados cient\u00edficamente y acordados con todas las partes involucradas en este tema. Este es un problema solamente del ejecutivo nacional. Este es un problema de todo el pa\u00eds\u00bb, sentenci\u00f3.<\/p>\n<h2 id=\"el-retorno-del-di-aacute-logo-tripartito\" class=\"wp-block-heading\">El retorno del di\u00e1logo tripartito<\/h2>\n<p>El ministro asegur\u00f3 que con la instalaci\u00f3n de la mesa para los consensos laborales y sociales\u00a0se est\u00e1 recuperando el di\u00e1logo. \u00abEstamos recuperando la necesidad que ten\u00edamos de conversar incluso con los sectores antag\u00f3nicos, ideol\u00f3gicamente antag\u00f3nicos, pol\u00edticamente antag\u00f3nicos, estamos conversando con ellos y\u00a0han entendido que la \u00fanica forma de solucionar este problema, que sabemos que es de todos, es que todos los sectores nos pongamos de acuerdo. No es solamente el Gobierno nacional\u00bb, expres\u00f3.<\/p>\n<p>Remarc\u00f3 que los sectores que tratan de sabotear este anuncio que ha hecho\u00a0 la presidenta no son gremios. Esos que est\u00e1n, esgrimiendo una bandera pol\u00edtica, esos no son gremios. Por lo menos esos no est\u00e1n registrados. No son trabajadores de ning\u00fan sector. Nosotros estamos sentados con los gremios, tanto con los sindicatos bolivarianos como con los de oposici\u00f3n. En el sector empresarial estamos sentados con Fedec\u00e1maras y FedeIndustria.<\/p>\n<p>El titular de Trabajo adelant\u00f3 adem\u00e1s la aplicaci\u00f3n de nuevas escalas de ingreso integral para \u00e1reas prioritarias como educaci\u00f3n, salud, seguridad, Fuerza Armada y educaci\u00f3n superior.<\/p>\n<p>Seg\u00fan explic\u00f3, el objetivo es corregir distorsiones acumuladas en los tabuladores de la administraci\u00f3n p\u00fablica, donde profesionales especializados hab\u00edan quedado equiparados con otros niveles de ingreso.<\/p>\n<p>El ministro tambi\u00e9n hizo \u00e9nfasis  sobre el proceso de reactivaci\u00f3n y fortalecimiento de las inspector\u00edas del trabajo, a fin de reforzar la defensa administrativa de los derechos laborales en todo el pa\u00eds.<\/p>\n<p>Se\u00f1al\u00f3 que estas dependencias tendr\u00e1n mayor capacidad para supervisar empresas, atender denuncias y garantizar el cumplimiento de beneficios establecidos en la legislaci\u00f3n vigente.<\/p>\n<h3 id=\"m-aacute-s-anuncios-en-camino\" class=\"wp-block-heading\">M\u00e1s anuncios en camino<\/h3>\n<p>El ministro asegur\u00f3 que la recuperaci\u00f3n econ\u00f3mica permitir\u00e1 continuar con nuevas medidas. \u201cVamos a recuperar el poder adquisitivo de los trabajadores, el aparato productivo y lo haremos entre todos. Seguro vendr\u00e1n m\u00e1s anuncios y surgir\u00e1n del di\u00e1logo y del consenso\u201d, afirm\u00f3.<\/p>\n<p>Finalmente, reiter\u00f3 que la mesa nacional seguir\u00e1 activa hasta alcanzar soluciones definitivas para trabajadores, pensionados y jubilados.<\/p>\n<\/div>\n\n","protected":false},"excerpt":{"rendered":"<p>El ministro para el Trabajo, Carlos Alexis Castillo, afirm\u00f3 este jueves que la mesa de di\u00e1logo nacional instalada entre Gobierno, empresarios y centrales sindicales mantiene abiertas las discusiones sobre eventuales cambios a la Ley Org\u00e1nica del Trabajo, como parte de la b\u00fasqueda de soluciones estructurales al tema salarial y de protecci\u00f3n social en el pa\u00eds. &hellip;<\/p>\n","protected":false},"author":1,"featured_media":64601,"comment_status":"open","ping_status":"open","sticky":false,"template":"","format":"standard","meta":{"fifu_image_url":"https:\/\/ultimasnoticias.com.ve\/wp-content\/uploads\/2026\/04\/Captura-de-pantalla-2026-04-30-225638.png","fifu_image_alt":"","footnotes":""},"categories":[13],"tags":[],"class_list":["post-64600","post","type-post","status-publish","format-standard","has-post-thumbnail","","category-mundo"],"_links":{"self":[{"href":"https:\/\/noticiasveraces.com\/index.php?rest_route=\/wp\/v2\/posts\/64600","targetHints":{"allow":["GET"]}}],"collection":[{"href":"https:\/\/noticiasveraces.com\/index.php?rest_route=\/wp\/v2\/posts"}],"about":[{"href":"https:\/\/noticiasveraces.com\/index.php?rest_route=\/wp\/v2\/types\/post"}],"author":[{"embeddable":true,"href":"https:\/\/noticiasveraces.com\/index.php?rest_route=\/wp\/v2\/users\/1"}],"replies":[{"embeddable":true,"href":"https:\/\/noticiasveraces.com\/index.php?rest_route=%2Fwp%2Fv2%2Fcomments&post=64600"}],"version-history":[{"count":0,"href":"https:\/\/noticiasveraces.com\/index.php?rest_route=\/wp\/v2\/posts\/64600\/revisions"}],"wp:featuredmedia":[{"embeddable":true,"href":"https:\/\/noticiasveraces.com\/index.php?rest_route=\/wp\/v2\/media\/64601"}],"wp:attachment":[{"href":"https:\/\/noticiasveraces.com\/index.php?rest_route=%2Fwp%2Fv2%2Fmedia&parent=64600"}],"wp:term":[{"taxonomy":"category","embeddable":true,"href":"https:\/\/noticiasveraces.com\/index.php?rest_route=%2Fwp%2Fv2%2Fcategories&post=64600"},{"taxonomy":"post_tag","embeddable":true,"href":"https:\/\/noticiasveraces.com\/index.php?rest_route=%2Fwp%2Fv2%2Ftags&post=64600"}],"curies":[{"name":"wp","href":"https:\/\/api.w.org\/{rel}","templated":true}]}}