{"id":64590,"date":"2026-05-01T03:00:58","date_gmt":"2026-05-01T07:00:58","guid":{"rendered":"https:\/\/noticiasveraces.com\/?p=64590"},"modified":"2026-05-01T03:00:58","modified_gmt":"2026-05-01T07:00:58","slug":"paula-badosa-es-el-momento-mas-duro-de-mi-carrera-en-el-que-quiza-tengo-mas-miedos","status":"publish","type":"post","link":"https:\/\/noticiasveraces.com\/?p=64590","title":{"rendered":"Paula Badosa: \u00abEs el momento m\u00e1s duro de mi carrera. En el que quiz\u00e1 tengo m\u00e1s miedos\u00bb"},"content":{"rendered":"<p> \n<\/p>\n<div id=\"intext\">\n<p><b>paula badosa <\/b>se ha sincerado en una conversaci\u00f3n en el programa &#8216;<b>El camino de Mario<\/b>&#8216; que presenta el exjugador del Atl\u00e9tico Madrid y Rayo Vallecano Mario Su\u00e1rez, donde ha reconocido que necesita parar y darse un tiempo para superar sus problemas f\u00edsicos y mentales. Adem\u00e1s, la jugadora espa\u00f1ola puso en duda su presencia en Roland Garros: \u00ab<b>no s\u00e9 si voy a ir, todo depender\u00e1 de si he podido recuperar fuerzas<\/b>\u00ab.<\/p>\n<p>\u00abCreo que ahora<b> es el momento m\u00e1s duro de mi carrera<\/b>. En el que quiz\u00e1 tengo m\u00e1s miedos y donde m\u00e1s estoy sufriendo\u00bb, admiti\u00f3 Badosa sobre su actual momento.<\/p>\n<p>\u00abNecesito un tiempo de parar yo y coger un poco de fuerzas. Me encanta volver y luchar, pero ahora mismo me estoy agotando un poco y hemos decidido parar. No s\u00e9 si van a ser dos, tres cuatro semanas. No s\u00e9 si voy a ir a Roland Garros, depender\u00e1 de si he recuperado esas fuerzas. Si las tengo, acaban saliendo las cosas\u00bb, explica Paula Badosa.<\/p>\n<section class=\"embed-responsive embed-responsive-16by9\"><iframe loading=\"lazy\" title=\"EL CAMINO DE MARIO #10 | PAULA BADOSA\" width=\"618\" height=\"348\" src=\"https:\/\/www.youtube.com\/embed\/3nleCZUadIQ?feature=oembed\" frameborder=\"0\" allow=\"accelerometer; autoplay; clipboard-write; encrypted-media; gyroscope; picture-in-picture; web-share\" referrerpolicy=\"strict-origin-when-cross-origin\" allowfullscreen><\/iframe><\/section>\n<p>La tenista espa\u00f1ola, actual n\u00famero 103 de la WTA, explic\u00f3 c\u00f3mo le afectan las derrotas en la pista. \u00abCuando pierdo no duermo, solo dos o tres horas y me tengo que ir de la habitaci\u00f3n porque se me caen las paredes encima. \u00abNo me gusta lo que rodea el tenis, van mucho a mi vida personal y solo sacan las derrotas y no las victorias\u00bb, confiesa Paula Badosa.<\/p>\n<h2 class=\"title-h2\">\u00abEl problema es mental. F\u00edsicamente en enero y febrero sufr\u00ed bastante. Pero llevo dos meses bien&#8230;\u00bb<\/h2>\n<p>Badosa, ganadora de cuatro t\u00edtulos de la WTA, apunta a que el problema ahora mismo es mental y no tanto f\u00edsico.<\/p>\n<p>\u00abEl problema es mental. F\u00edsicamente en enero y febrero sufr\u00ed bastante. Pero llevo dos meses bien, me infiltr\u00e9 antes de la gira americana y bien. Las infiltraciones son en la cadera y en la espalda, que es lo que tengo fastidiado\u00bb, reconoce la tenista de 28 a\u00f1os.<\/p>\n<p><i>S\u00edguenos en nuestro <\/i><i><strong>canal de WhatsApp<\/strong><\/i><i>  y no te pierdas la \u00faltima hora y toda la actualidad en nuestro <\/i><b><i>perfil de Google<\/i>.<\/b><\/p>\n<div class=\"recirculation-video\" data-mod=\"a3mod_recirculation_video\">\n<div class=\"recirculation-video-wrapper\">\n<div>\n<div class=\"video-wrapper\"><picture class=\"video-main-picture\"><source media=\"(min-width: 481px)\" srcset=\"https:\/\/fotografias.antena3.com\/clipping\/cmsimages01\/2026\/04\/28\/3B0DEDCB-00A5-4D60-9CC4-4E59CCA68544\/rafa-jodar-celebra-punto-kopriva_94.jpg?crop=1866,1050,x0,y0&amp;width=800&amp;height=450&amp;optimize=medium&amp;format=webply\" width=\"800\" height=\"450\"><source media=\"(min-width: 391px) and (max-width: 480px)\" srcset=\"https:\/\/fotografias.antena3.com\/clipping\/cmsimages01\/2026\/04\/28\/3B0DEDCB-00A5-4D60-9CC4-4E59CCA68544\/rafa-jodar-celebra-punto-kopriva_70.jpg?crop=1866,1050,x0,y0&amp;width=480&amp;height=270&amp;optimize=high&amp;format=webply\" width=\"480\" height=\"270\"><source media=\"(min-width: 321px) and (max-width: 390px)\" srcset=\"https:\/\/fotografias.antena3.com\/clipping\/cmsimages01\/2026\/04\/28\/3B0DEDCB-00A5-4D60-9CC4-4E59CCA68544\/rafa-jodar-celebra-punto-kopriva_92.jpg?crop=1866,1048,x0,y0&amp;width=390&amp;height=219&amp;optimize=high&amp;format=webply\" width=\"390\" height=\"219\"><source media=\"(max-width: 320px)\" srcset=\"https:\/\/fotografias.antena3.com\/clipping\/cmsimages01\/2026\/04\/28\/3B0DEDCB-00A5-4D60-9CC4-4E59CCA68544\/rafa-jodar-celebra-punto-kopriva_52.jpg?crop=1866,1050,x0,y0&amp;width=320&amp;height=180&amp;optimize=high&amp;format=webply\" width=\"320\" height=\"180\"><img decoding=\"async\" title=\"Rafa J\u00f3dar celebra un punto ante Kopriva\" alt=\"Rafa J\u00f3dar celebra un punto ante Kopriva\" width=\"480\" height=\"270\" src=\"https:\/\/fotografias.antena3.com\/clipping\/cmsimages01\/2026\/04\/28\/3B0DEDCB-00A5-4D60-9CC4-4E59CCA68544\/rafa-jodar-celebra-punto-kopriva_70.jpg?crop=1866,1050,x0,y0&amp;width=480&amp;height=270&amp;optimize=high&amp;format=webply\" loading=\"lazy\" class=\"lazy\"\/><\/source><\/source><\/source><\/source><\/picture><\/div>\n<\/div>\n<\/div>\n<\/div>\n<\/div>\n\n","protected":false},"excerpt":{"rendered":"<p>paula badosa se ha sincerado en una conversaci\u00f3n en el programa &#8216;El camino de Mario&#8216; que presenta el exjugador del Atl\u00e9tico Madrid y Rayo Vallecano Mario Su\u00e1rez, donde ha reconocido que necesita parar y darse un tiempo para superar sus problemas f\u00edsicos y mentales. Adem\u00e1s, la jugadora espa\u00f1ola puso en duda su presencia en Roland &hellip;<\/p>\n","protected":false},"author":1,"featured_media":64592,"comment_status":"open","ping_status":"open","sticky":false,"template":"","format":"standard","meta":{"fifu_image_url":"https:\/\/fotografias.antena3.com\/clipping\/cmsimages01\/2026\/04\/30\/54484DC5-F99C-4EF2-8B22-813AFE423C66\/paula-badosa-partido-austriaca-julia-grabher-madrid_69.jpg?crop=4432,2493,x0,y0&width=1280&height=720&optimize=low&format=jpg","fifu_image_alt":"","footnotes":""},"categories":[6],"tags":[],"class_list":["post-64590","post","type-post","status-publish","format-standard","has-post-thumbnail","","category-deportes"],"_links":{"self":[{"href":"https:\/\/noticiasveraces.com\/index.php?rest_route=\/wp\/v2\/posts\/64590","targetHints":{"allow":["GET"]}}],"collection":[{"href":"https:\/\/noticiasveraces.com\/index.php?rest_route=\/wp\/v2\/posts"}],"about":[{"href":"https:\/\/noticiasveraces.com\/index.php?rest_route=\/wp\/v2\/types\/post"}],"author":[{"embeddable":true,"href":"https:\/\/noticiasveraces.com\/index.php?rest_route=\/wp\/v2\/users\/1"}],"replies":[{"embeddable":true,"href":"https:\/\/noticiasveraces.com\/index.php?rest_route=%2Fwp%2Fv2%2Fcomments&post=64590"}],"version-history":[{"count":0,"href":"https:\/\/noticiasveraces.com\/index.php?rest_route=\/wp\/v2\/posts\/64590\/revisions"}],"wp:featuredmedia":[{"embeddable":true,"href":"https:\/\/noticiasveraces.com\/index.php?rest_route=\/wp\/v2\/media\/64592"}],"wp:attachment":[{"href":"https:\/\/noticiasveraces.com\/index.php?rest_route=%2Fwp%2Fv2%2Fmedia&parent=64590"}],"wp:term":[{"taxonomy":"category","embeddable":true,"href":"https:\/\/noticiasveraces.com\/index.php?rest_route=%2Fwp%2Fv2%2Fcategories&post=64590"},{"taxonomy":"post_tag","embeddable":true,"href":"https:\/\/noticiasveraces.com\/index.php?rest_route=%2Fwp%2Fv2%2Ftags&post=64590"}],"curies":[{"name":"wp","href":"https:\/\/api.w.org\/{rel}","templated":true}]}}