{"id":64543,"date":"2026-04-30T20:59:39","date_gmt":"2026-05-01T00:59:39","guid":{"rendered":"https:\/\/noticiasveraces.com\/?p=64543"},"modified":"2026-04-30T20:59:39","modified_gmt":"2026-05-01T00:59:39","slug":"greg-rusedski-pide-calma-con-el-regreso-de-alcaraz-no-puede-permitirse-tener-un-problema-en-la-muneca-como-del-potro","status":"publish","type":"post","link":"https:\/\/noticiasveraces.com\/?p=64543","title":{"rendered":"Greg Rusedski pide calma con el regreso de Alcaraz: \u00abNo puede permitirse tener un problema en la mu\u00f1eca como Del Potro\u00bb"},"content":{"rendered":"<p> \n<\/p>\n<div id=\"intext\">\n<p>Una lesi\u00f3n en la mu\u00f1eca ha frenado en seco a <b>Carlos Alcaraz<\/b> en la gira de tierra batida, una dolencia que le ha llevado a retirarse del Conde de God\u00f3 y <b>renunciar<\/b> a Madrid, Roma y Roland Garros, el segundo grand slam de la temporada y en el que el murciano defend\u00eda la corona lograda hace un a\u00f1o en <b>aquella \u00e9pica final<\/b> ante Jannik Sinner. La gran pregunta es cu\u00e1ndo estar\u00e1 recuperado el tenista murciano y en qu\u00e9 momento podr\u00e1 regresar a las pistas. El equipo del <b>ganador de siete grand slam<\/b> no da pistas sobre el grado de esa lesi\u00f3n ni el posible tiempo de baja, lo \u00fanico claro es que no volver\u00e1 a estar recuperado totalmente.<\/p>\n<p>El murciano ya dejo claro que <b>no iba a arriesgar su carrera<\/b> por disputar Roland Garros o cualquier otro torneo, por doloroso que pueda ser. Una decisi\u00f3n inteligente y que apoyan voces autorizadas del tenis como <b>Toni Nadal<\/b>, <b>Alex Correa<\/b> oh <b>Feliciano L\u00f3pez<\/b>. Fuera de Espa\u00f1a tambi\u00e9n se apoya la decisi\u00f3n del fen\u00f3meno de El Palmar, m\u00e1s a\u00fan teniendo en cuenta que una lesi\u00f3n de mu\u00f1eca acab\u00f3 con la carrera de un jugador de la talla de Juan Mart\u00edn del Potro.<\/p>\n<p><b>Greg Rusedski<\/b>extenista brit\u00e1nico y ganador de 15 t\u00edtulos ATP, ha ofrecido su opini\u00f3n sobre la lesi\u00f3n del tenista espa\u00f1ol, actual n\u00famero 2 del ranking, en su canal de YouTube &#8216;Off Court with Greg&#8217;.<\/p>\n<p>\u00abYa ha ganado siete majors siendo tan joven. Ya tiene los cuatro Grand Slams. Es simplemente incre\u00edble lo que ha hecho Aqu\u00ed es donde el equipo lo ha manejado correctamente, simplemente sin poner ninguna expectativa, ninguna presi\u00f3n. \u00c9l quiere intentar estar listo para Wimbledon. Perdi\u00f3 esa <b>dif\u00edcil final el a\u00f1o pasado<\/b> contra Sinner\u00bb, explica extenista brit\u00e1nico, nacido en Quebec el 6 de septiembre de 1973, en declaraciones que recoge el medio Tennis 365.<\/p>\n<p>Greg Rusedski sostiene que los tiempos son muy justos y que la gira de hierba y Wimbledon est\u00e1n muy pr\u00f3ximos a Roland Garros, un hecho que hace que parezca improbable que el murciano pueda estar listo para jugar sobre pasto esta temporada.<\/p>\n<p>\u00ab<b>\u00bfTendr\u00e1 suficiente tiempo tres semanas despu\u00e9s para prepararse para Wimbledon? <\/b>Esperemos que vuelva para la temporada de c\u00e9sped, pero esto pone muchas cosas en duda. Cruzo los dedos para que aproximadamente para la segunda semana de Par\u00eds, ya est\u00e9 en su ritmo&#8230;\u00bb, asegura el extenista brit\u00e1nico.<\/p>\n<section class=\"embed-responsive embed-responsive-16by9\"><iframe loading=\"lazy\" title=\"ALCARAZ Injury Nightmare | EALA Patience Needed | Off Court Cuts\" width=\"618\" height=\"348\" src=\"https:\/\/www.youtube.com\/embed\/z-E7b5a3GRQ?feature=oembed\" frameborder=\"0\" allow=\"accelerometer; autoplay; clipboard-write; encrypted-media; gyroscope; picture-in-picture; web-share\" referrerpolicy=\"strict-origin-when-cross-origin\" allowfullscreen><\/iframe><\/section>\n<h2 class=\"title-h2\">\u00abCarlos solo volver\u00e1 cuando est\u00e9 al 100% en forma y listo para empezar\u00bb<\/h2>\n<p>El finalista del US Open de 1997 adviertes sobre el calor como un factor extra de cara a la temporada de hierba.<\/p>\n<p>\u00abTodo depende de c\u00f3mo sean las condiciones en verano. Si hace calor, la pelota se mueve r\u00e1pido por el aire. Si va a hacer un poco m\u00e1s fresco, va un poco m\u00e1s despacio. As\u00ed que Carlos solo volver\u00e1 cuando est\u00e9 al 100% en forma y listo para empezar. Y esperemos que as\u00ed sea\u00bb, apunta Rusedski.<\/p>\n<p>Por \u00faltimo, el extenista brit\u00e1nico recuerda lo ocurri\u00f3 con el argentino Juan Mart\u00edn del Potro con una lesi\u00f3n de mu\u00f1eca como la que padece Carlos Alcaraz.<\/p>\n<p>\u00ab\u00c9l necesita mirar la situaci\u00f3n en su conjunto. Tiene una carrera larga por delante y no puede permitirse tener un problema en la mu\u00f1eca ahora que podr\u00eda afectarlo como le sucedi\u00f3 a un jugador como Juan Mart\u00edn del Potro, quien nunca volvi\u00f3 a ser el mismo despu\u00e9s de haber tenido un problema en la mu\u00f1eca\u00bb, concluye Greg Rusedski.<\/p>\n<p><i>S\u00edguenos en nuestro <\/i><i><strong>canal de WhatsApp<\/strong><\/i><i>  y no te pierdas la \u00faltima hora y toda la actualidad en nuestro <\/i><b><i>perfil de Google<\/i>.<\/b><\/p>\n<div class=\"recirculation-video\" data-mod=\"a3mod_recirculation_video\">\n<div class=\"recirculation-video-wrapper\">\n<div>\n<div class=\"video-wrapper\"><picture class=\"video-main-picture\"><source media=\"(min-width: 481px)\" srcset=\"https:\/\/fotografias.antena3.com\/clipping\/cmsimages01\/2026\/04\/30\/B0214491-3DCB-450C-BA2E-CEAC3A29178D\/carlos-alcaraz-sonrie-partido-hermano-jaime-madrid_94.jpg?crop=2152,1211,x0,y117&amp;width=800&amp;height=450&amp;optimize=medium&amp;format=webply\" width=\"800\" height=\"450\"><source media=\"(min-width: 391px) and (max-width: 480px)\" srcset=\"https:\/\/fotografias.antena3.com\/clipping\/cmsimages01\/2026\/04\/30\/B0214491-3DCB-450C-BA2E-CEAC3A29178D\/carlos-alcaraz-sonrie-partido-hermano-jaime-madrid_70.jpg?crop=2152,1211,x0,y117&amp;width=480&amp;height=270&amp;optimize=high&amp;format=webply\" width=\"480\" height=\"270\"><source media=\"(min-width: 321px) and (max-width: 390px)\" srcset=\"https:\/\/fotografias.antena3.com\/clipping\/cmsimages01\/2026\/04\/30\/B0214491-3DCB-450C-BA2E-CEAC3A29178D\/carlos-alcaraz-sonrie-partido-hermano-jaime-madrid_92.jpg?crop=2152,1208,x0,y118&amp;width=390&amp;height=219&amp;optimize=high&amp;format=webply\" width=\"390\" height=\"219\"><source media=\"(max-width: 320px)\" srcset=\"https:\/\/fotografias.antena3.com\/clipping\/cmsimages01\/2026\/04\/30\/B0214491-3DCB-450C-BA2E-CEAC3A29178D\/carlos-alcaraz-sonrie-partido-hermano-jaime-madrid_52.jpg?crop=2152,1211,x0,y117&amp;width=320&amp;height=180&amp;optimize=high&amp;format=webply\" width=\"320\" height=\"180\"><img decoding=\"async\" title=\"Carlos Alcaraz sonr\u00ede en el partido de su hermano Jaime en Madrid\" alt=\"Carlos Alcaraz sonr\u00ede en el partido de su hermano Jaime en Madrid\" width=\"480\" height=\"270\" src=\"https:\/\/fotografias.antena3.com\/clipping\/cmsimages01\/2026\/04\/30\/B0214491-3DCB-450C-BA2E-CEAC3A29178D\/carlos-alcaraz-sonrie-partido-hermano-jaime-madrid_70.jpg?crop=2152,1211,x0,y117&amp;width=480&amp;height=270&amp;optimize=high&amp;format=webply\" loading=\"lazy\" class=\"lazy\"\/><\/source><\/source><\/source><\/source><\/picture><\/div>\n<\/div>\n<\/div>\n<\/div>\n<\/div>\n\n","protected":false},"excerpt":{"rendered":"<p>Una lesi\u00f3n en la mu\u00f1eca ha frenado en seco a Carlos Alcaraz en la gira de tierra batida, una dolencia que le ha llevado a retirarse del Conde de God\u00f3 y renunciar a Madrid, Roma y Roland Garros, el segundo grand slam de la temporada y en el que el murciano defend\u00eda la corona lograda &hellip;<\/p>\n","protected":false},"author":1,"featured_media":64545,"comment_status":"open","ping_status":"open","sticky":false,"template":"","format":"standard","meta":{"fifu_image_url":"https:\/\/fotografias.antena3.com\/clipping\/cmsimages01\/2026\/04\/30\/1510E3F2-44BD-418A-B3F8-B699FA4F7B48\/carlos-alcaraz-instalaciones-caja-magica-madrid_69.jpg?crop=2371,1334,x0,y0&width=1280&height=720&optimize=low&format=jpg","fifu_image_alt":"","footnotes":""},"categories":[6],"tags":[],"class_list":["post-64543","post","type-post","status-publish","format-standard","has-post-thumbnail","","category-deportes"],"_links":{"self":[{"href":"https:\/\/noticiasveraces.com\/index.php?rest_route=\/wp\/v2\/posts\/64543","targetHints":{"allow":["GET"]}}],"collection":[{"href":"https:\/\/noticiasveraces.com\/index.php?rest_route=\/wp\/v2\/posts"}],"about":[{"href":"https:\/\/noticiasveraces.com\/index.php?rest_route=\/wp\/v2\/types\/post"}],"author":[{"embeddable":true,"href":"https:\/\/noticiasveraces.com\/index.php?rest_route=\/wp\/v2\/users\/1"}],"replies":[{"embeddable":true,"href":"https:\/\/noticiasveraces.com\/index.php?rest_route=%2Fwp%2Fv2%2Fcomments&post=64543"}],"version-history":[{"count":0,"href":"https:\/\/noticiasveraces.com\/index.php?rest_route=\/wp\/v2\/posts\/64543\/revisions"}],"wp:featuredmedia":[{"embeddable":true,"href":"https:\/\/noticiasveraces.com\/index.php?rest_route=\/wp\/v2\/media\/64545"}],"wp:attachment":[{"href":"https:\/\/noticiasveraces.com\/index.php?rest_route=%2Fwp%2Fv2%2Fmedia&parent=64543"}],"wp:term":[{"taxonomy":"category","embeddable":true,"href":"https:\/\/noticiasveraces.com\/index.php?rest_route=%2Fwp%2Fv2%2Fcategories&post=64543"},{"taxonomy":"post_tag","embeddable":true,"href":"https:\/\/noticiasveraces.com\/index.php?rest_route=%2Fwp%2Fv2%2Ftags&post=64543"}],"curies":[{"name":"wp","href":"https:\/\/api.w.org\/{rel}","templated":true}]}}