{"id":64509,"date":"2026-04-30T15:14:42","date_gmt":"2026-04-30T19:14:42","guid":{"rendered":"https:\/\/noticiasveraces.com\/?p=64509"},"modified":"2026-04-30T15:14:42","modified_gmt":"2026-04-30T19:14:42","slug":"el-chavismo-incrementara-el-iva-a-25-lo-que-revelo-el-seniat-en-sus-redes","status":"publish","type":"post","link":"https:\/\/noticiasveraces.com\/?p=64509","title":{"rendered":"\u00bfEl chavismo incrementar\u00e1 el IVA a 25 %? Lo que revel\u00f3 el Seniat en sus redes"},"content":{"rendered":"<p> \n<\/p>\n<div id=\"post-5931531\">\n\t<!-- .entry-header --><\/p>\n<div class=\"entry-content\">\n<p>\n\t\t\t<span rel=\"author\" class=\"fn\">con una pala<\/span>\n\t\t<\/p>\n<p>\t\t<time class=\"entry-date published updated\" datetime=\"2026-04-30T15:09:22-04:00\">abril 30 2026, 3:09 pm<\/time><\/p>\n<figure id=\"attachment_5765463\" aria-describedby=\"caption-attachment-5765463\" style=\"width: 960px\" class=\"wp-caption alignnone\"><img fetchpriority=\"high\" decoding=\"async\" onerror=\"this.onerror=null;this.src=\" https:=\"\" class=\"size-full wp-image-5765463\" src=\"https:\/\/sandia.datanubex.uk\/wp-content\/uploads\/2025\/07\/Seniat02-960-512.webp\" alt=\"\" width=\"960\" height=\"512\"\/><figcaption id=\"caption-attachment-5765463\" class=\"wp-caption-text\">Archivo<\/figcaption><\/figure>\n<\/p>\n<p>El Servicio Nacional Integrado de Administraci\u00f3n Aduanera y Tributaria (SENIAT) desminti\u00f3 este jueves 30 de abril la circulaci\u00f3n de un documento falso en las plataformas digitales que anunci\u00f3 un presunto incremento del Impuesto al Valor Agregado al 25 por ciento en todo el territorio nacional.<\/p>\n<p><strong>lapatilla.com<\/strong><\/p>\n<p><!-- Begin Mailchimp Signup Form --><\/p>\n<div id=\"mc_embed_signup\">\n<p><label for=\"mce-EMAIL\">            \u00a1\u00danete al club ahora! Suscr\u00edbete al bolet\u00edn m\u00e1s importante de Venezuela          <\/label><iframe data-test-id=\"beehiiv-embed\" height=\"52\" frameborder=\"0\" scrolling=\"no\" style=\"margin: 0; border-radius: 0px !important; &#10;&#9;&#9;background-color: transparent;\" data-src=\"https:\/\/embeds.beehiiv.com\/cdab9503-16ae-4689-ad4f-1408c727a83a?slim=true\" class=\"lazyload\"><\/iframe><\/p>\n<\/div>\n<p><!--End mc_embed_signup 2--><\/p>\n<p>La autoridad tributaria se pronunci\u00f3 luego de la difusi\u00f3n masiva de un texto forjado que imit\u00f3 una providencia administrativa. El escrito fraudulento se\u00f1al\u00f3 que el ajuste impositivo entrar\u00e1 en vigencia el 1 de mayo para costear un fondo exclusivo para la defensa de Nicol\u00e1s Maduro y Cilia Flores, e incluy\u00f3 el gravamen a los art\u00edculos de primera necesidad como los alimentos y las medicinas.<\/p>\n<p>Ante esta situaci\u00f3n, el organismo recaudador emiti\u00f3 un comunicado oficial bajo las directrices del superintendente Jos\u00e9 David Cabello para rechazar la campa\u00f1a. La instituci\u00f3n advirti\u00f3 que \u00abla informaci\u00f3n que est\u00e1 circulando a trav\u00e9s de las plataformas digitales es falsa, por lo que rechazamos este tipo de noticias que solo buscan generar confusi\u00f3n, zozobra e incertidumbre en la ciudadan\u00eda y en los contribuyentes\u00bb.<\/p>\n<p>As\u00ed mismo, la entidad estatal inst\u00f3 a la poblaci\u00f3n a verificar los datos y evitar la propagaci\u00f3n del rumor a trav\u00e9s de las redes sociales. La superintendencia indic\u00f3 que \u00abexhortamos a los contribuyentes a no hacerse eco de campa\u00f1as de desinformaci\u00f3n\u00bb sobre supuestas contribuciones de car\u00e1cter extraordinario.<\/p>\n<p>Finalmente, la directiva record\u00f3 los mecanismos legales y formales para la aplicaci\u00f3n de cualquier medida econ\u00f3mica en el pa\u00eds. El texto oficial precis\u00f3 que \u00abtoda modificaci\u00f3n en materia tributaria es publicada en Gaceta Oficial y comunicada exclusivamente a trav\u00e9s de nuestros canales oficiales\u00bb.<\/p>\n<blockquote class=\"instagram-media\" data-instgrm-captioned=\"\" data-instgrm-permalink=\"https:\/\/www.instagram.com\/p\/DXwuQmoilQH\/?utm_source=ig_embed&amp;utm_campaign=loading\" data-instgrm-version=\"14\" style=\" background:#FFF; border:0; border-radius:3px; box-shadow:0 0 1px 0 rgba(0,0,0,0.5),0 1px 10px 0 rgba(0,0,0,0.15); margin: 1px; max-width:640px; min-width:326px; padding:0; width:99.375%; width:-webkit-calc(100% - 2px); width:calc(100% - 2px);\">\n<\/blockquote>\n<p><!-- CONTENT END 2 -->\n\t<\/div>\n<p><!-- .entry-content --><\/p>\n<\/div>\n<p><script async src=\"\/\/www.instagram.com\/embed.js\"><\/script><br \/>\n<br \/>\n","protected":false},"excerpt":{"rendered":"<p>con una pala abril 30 2026, 3:09 pm Archivo El Servicio Nacional Integrado de Administraci\u00f3n Aduanera y Tributaria (SENIAT) desminti\u00f3 este jueves 30 de abril la circulaci\u00f3n de un documento falso en las plataformas digitales que anunci\u00f3 un presunto incremento del Impuesto al Valor Agregado al 25 por ciento en todo el territorio nacional. lapatilla.com &hellip;<\/p>\n","protected":false},"author":1,"featured_media":64511,"comment_status":"open","ping_status":"open","sticky":false,"template":"","format":"standard","meta":{"fifu_image_url":"https:\/\/sandia.datanubex.uk\/wp-content\/uploads\/2025\/07\/Seniat02-960-512.webp","fifu_image_alt":"","footnotes":""},"categories":[4],"tags":[],"class_list":["post-64509","post","type-post","status-publish","format-standard","has-post-thumbnail","","category-historias-destacadas"],"_links":{"self":[{"href":"https:\/\/noticiasveraces.com\/index.php?rest_route=\/wp\/v2\/posts\/64509","targetHints":{"allow":["GET"]}}],"collection":[{"href":"https:\/\/noticiasveraces.com\/index.php?rest_route=\/wp\/v2\/posts"}],"about":[{"href":"https:\/\/noticiasveraces.com\/index.php?rest_route=\/wp\/v2\/types\/post"}],"author":[{"embeddable":true,"href":"https:\/\/noticiasveraces.com\/index.php?rest_route=\/wp\/v2\/users\/1"}],"replies":[{"embeddable":true,"href":"https:\/\/noticiasveraces.com\/index.php?rest_route=%2Fwp%2Fv2%2Fcomments&post=64509"}],"version-history":[{"count":0,"href":"https:\/\/noticiasveraces.com\/index.php?rest_route=\/wp\/v2\/posts\/64509\/revisions"}],"wp:featuredmedia":[{"embeddable":true,"href":"https:\/\/noticiasveraces.com\/index.php?rest_route=\/wp\/v2\/media\/64511"}],"wp:attachment":[{"href":"https:\/\/noticiasveraces.com\/index.php?rest_route=%2Fwp%2Fv2%2Fmedia&parent=64509"}],"wp:term":[{"taxonomy":"category","embeddable":true,"href":"https:\/\/noticiasveraces.com\/index.php?rest_route=%2Fwp%2Fv2%2Fcategories&post=64509"},{"taxonomy":"post_tag","embeddable":true,"href":"https:\/\/noticiasveraces.com\/index.php?rest_route=%2Fwp%2Fv2%2Ftags&post=64509"}],"curies":[{"name":"wp","href":"https:\/\/api.w.org\/{rel}","templated":true}]}}