{"id":64506,"date":"2026-04-30T14:58:40","date_gmt":"2026-04-30T18:58:40","guid":{"rendered":"https:\/\/noticiasveraces.com\/?p=64506"},"modified":"2026-04-30T14:58:40","modified_gmt":"2026-04-30T18:58:40","slug":"carlos-alcaraz-reaparece-en-la-caja-magica-para-animar-a-su-hermano-jaime","status":"publish","type":"post","link":"https:\/\/noticiasveraces.com\/?p=64506","title":{"rendered":"Carlos Alcaraz reaparece en la Caja M\u00e1gica para animar a su hermano Jaime"},"content":{"rendered":"<p> \n<\/p>\n<div id=\"intext\">\n<p>Carlos Alcaraz ha revolucionado hoy las instalaciones del Mutua Madrid Open al asistir al partido de su hermano Jaime en la categor\u00eda sub 16 del torneo madrile\u00f1o. El peque\u00f1o de la familia gan\u00f3 al espa\u00f1ol Pol Mas en su estreno en la pista 7, en la que estuvo presente el actual campe\u00f3n del Open de Australia, junto a los padres.<\/p>\n<p>El ganador de siete grand slam, que no podr\u00e1 defender su corona en Roland Garros por la lesi\u00f3n que padece en su mu\u00f1eca derecha, apareci\u00f3 con la f\u00e9rula que protege esa zona de su cuerpo. El tenista murciano anim\u00f3 a sui hermano Jaime y gener\u00f3 una gran expectaci\u00f3n en las instalaciones del Mutua Madrid Open, cita que Carlos Alcaraz ha ganado en dos ocasiones (2022 y 2023).<\/p>\n<p>Jaime Alcaraz disputa el torneo gracias a una invitaci\u00f3n. Tambi\u00e9n su rival Pol Mas Tabuena. Carlos Alcaraz lleg\u00f3 a Madrid este jueves y este viernes no se quiso perder el partido del menor de sus hermanos en la capital de Espa\u00f1a.<\/p>\n<p>El mundo del tenis sigue con m\u00e1xima expectaci\u00f3n cualquier actualizaci\u00f3n o informaci\u00f3n sobre el estado de la mu\u00f1eca derecha de Carlos Alcaraz, quien hace unos d\u00edas confirmaba su baja de los torneos de Roma y Roland Garros. La gran duda es cu\u00e1ndo estar\u00e1 lista para volver a las pistas y si podr\u00e1 disputar la gira de hierba, con Queen&#8217;s y Wimbledon como citas m\u00e1s se\u00f1aladas.<\/p>\n<p>Alex Corretja aclar\u00f3 que no hay que tener prisa con el regreso del genial tenista de El Palmar y puso en duda que pueda estar listo para volver a las pistas en la gira de c\u00e9sped.<\/p>\n<p>\u00abYo no tengo claro que pueda llegar a Wimbledon, lo que pasa es que no tengo ni idea de c\u00f3mo est\u00e1 yendo la recuperaci\u00f3n. Solo estoy deseando que vuelva lo antes posible, como todos. Pero ahora mismo, yo me lo plantear\u00eda como decir: &#8216;Oye, vamos a ver lo que sucede&#8217; Y ellos est\u00e1n cumpliendo los plazos que ven que son los prudentes. Adelantarse y decir que no va a Roland Garros quiere decir que necesitan curar la lesi\u00f3n con tranquilidad\u00bb, explic\u00f3 l extenista espa\u00f1ol y dos veces finalista de Roland Garros (1998 y 2001) en la Cadena Ser.<\/p>\n<p>Por su parte, Toni Nadal reflexion\u00f3 en Radioestadio de Onda Cero la dolencia que ha apartado a Alcaraz del circuito, avisando que es una lesi\u00f3n complicada al afectarle a su mano derecha, con la que juega el campe\u00f3n de siete majors.<\/p>\n<p>\u00abTiene lo mismo que tuvo Rafael, necesitas un periodo para recuperarte. Ha pasado en un muy mal momento. Las lesiones son siempre lo peor de los deportistas, las lesiones de mu\u00f1eca son complicadas en el tenis, a Carlos le ha pillado en muy mal momento\u00bb, indic\u00f3 el que fuera entrenador de Rafa Nadal.<\/p>\n<p><i>S\u00edguenos en nuestro <\/i><i><strong>canal de WhatsApp<\/strong><\/i><i>  y no te pierdas la \u00faltima hora y toda la actualidad en nuestro <\/i><b><i>perfil de Google<\/i>.<\/b><\/p>\n<div class=\"recirculation-video\" data-mod=\"a3mod_recirculation_video\">\n<div class=\"recirculation-video-wrapper\">\n<div>\n<div class=\"video-wrapper\"><picture class=\"video-main-picture\"><source media=\"(min-width: 481px)\" srcset=\"https:\/\/fotografias.antena3.com\/clipping\/cmsimages01\/2026\/04\/28\/3B0DEDCB-00A5-4D60-9CC4-4E59CCA68544\/rafa-jodar-celebra-punto-kopriva_94.jpg?crop=1866,1050,x0,y0&amp;width=800&amp;height=450&amp;optimize=medium&amp;format=webply\" width=\"800\" height=\"450\"><source media=\"(min-width: 391px) and (max-width: 480px)\" srcset=\"https:\/\/fotografias.antena3.com\/clipping\/cmsimages01\/2026\/04\/28\/3B0DEDCB-00A5-4D60-9CC4-4E59CCA68544\/rafa-jodar-celebra-punto-kopriva_70.jpg?crop=1866,1050,x0,y0&amp;width=480&amp;height=270&amp;optimize=high&amp;format=webply\" width=\"480\" height=\"270\"><source media=\"(min-width: 321px) and (max-width: 390px)\" srcset=\"https:\/\/fotografias.antena3.com\/clipping\/cmsimages01\/2026\/04\/28\/3B0DEDCB-00A5-4D60-9CC4-4E59CCA68544\/rafa-jodar-celebra-punto-kopriva_92.jpg?crop=1866,1048,x0,y0&amp;width=390&amp;height=219&amp;optimize=high&amp;format=webply\" width=\"390\" height=\"219\"><source media=\"(max-width: 320px)\" srcset=\"https:\/\/fotografias.antena3.com\/clipping\/cmsimages01\/2026\/04\/28\/3B0DEDCB-00A5-4D60-9CC4-4E59CCA68544\/rafa-jodar-celebra-punto-kopriva_52.jpg?crop=1866,1050,x0,y0&amp;width=320&amp;height=180&amp;optimize=high&amp;format=webply\" width=\"320\" height=\"180\"><img decoding=\"async\" title=\"Rafa J\u00f3dar celebra un punto ante Kopriva\" alt=\"Rafa J\u00f3dar celebra un punto ante Kopriva\" width=\"480\" height=\"270\" src=\"https:\/\/fotografias.antena3.com\/clipping\/cmsimages01\/2026\/04\/28\/3B0DEDCB-00A5-4D60-9CC4-4E59CCA68544\/rafa-jodar-celebra-punto-kopriva_70.jpg?crop=1866,1050,x0,y0&amp;width=480&amp;height=270&amp;optimize=high&amp;format=webply\" loading=\"lazy\" class=\"lazy\"\/><\/source><\/source><\/source><\/source><\/picture><\/div>\n<\/div>\n<\/div>\n<\/div>\n<\/div>\n\n","protected":false},"excerpt":{"rendered":"<p>Carlos Alcaraz ha revolucionado hoy las instalaciones del Mutua Madrid Open al asistir al partido de su hermano Jaime en la categor\u00eda sub 16 del torneo madrile\u00f1o. El peque\u00f1o de la familia gan\u00f3 al espa\u00f1ol Pol Mas en su estreno en la pista 7, en la que estuvo presente el actual campe\u00f3n del Open de &hellip;<\/p>\n","protected":false},"author":1,"featured_media":64508,"comment_status":"open","ping_status":"open","sticky":false,"template":"","format":"standard","meta":{"fifu_image_url":"https:\/\/fotografias.antena3.com\/clipping\/cmsimages01\/2026\/04\/30\/B0214491-3DCB-450C-BA2E-CEAC3A29178D\/carlos-alcaraz-sonrie-partido-hermano-jaime-madrid_69.jpg?crop=2152,1211,x0,y117&width=1280&height=720&optimize=low&format=jpg","fifu_image_alt":"","footnotes":""},"categories":[6],"tags":[],"class_list":["post-64506","post","type-post","status-publish","format-standard","has-post-thumbnail","","category-deportes"],"_links":{"self":[{"href":"https:\/\/noticiasveraces.com\/index.php?rest_route=\/wp\/v2\/posts\/64506","targetHints":{"allow":["GET"]}}],"collection":[{"href":"https:\/\/noticiasveraces.com\/index.php?rest_route=\/wp\/v2\/posts"}],"about":[{"href":"https:\/\/noticiasveraces.com\/index.php?rest_route=\/wp\/v2\/types\/post"}],"author":[{"embeddable":true,"href":"https:\/\/noticiasveraces.com\/index.php?rest_route=\/wp\/v2\/users\/1"}],"replies":[{"embeddable":true,"href":"https:\/\/noticiasveraces.com\/index.php?rest_route=%2Fwp%2Fv2%2Fcomments&post=64506"}],"version-history":[{"count":0,"href":"https:\/\/noticiasveraces.com\/index.php?rest_route=\/wp\/v2\/posts\/64506\/revisions"}],"wp:featuredmedia":[{"embeddable":true,"href":"https:\/\/noticiasveraces.com\/index.php?rest_route=\/wp\/v2\/media\/64508"}],"wp:attachment":[{"href":"https:\/\/noticiasveraces.com\/index.php?rest_route=%2Fwp%2Fv2%2Fmedia&parent=64506"}],"wp:term":[{"taxonomy":"category","embeddable":true,"href":"https:\/\/noticiasveraces.com\/index.php?rest_route=%2Fwp%2Fv2%2Fcategories&post=64506"},{"taxonomy":"post_tag","embeddable":true,"href":"https:\/\/noticiasveraces.com\/index.php?rest_route=%2Fwp%2Fv2%2Ftags&post=64506"}],"curies":[{"name":"wp","href":"https:\/\/api.w.org\/{rel}","templated":true}]}}