{"id":64478,"date":"2026-04-30T12:38:39","date_gmt":"2026-04-30T16:38:39","guid":{"rendered":"https:\/\/noticiasveraces.com\/?p=64478"},"modified":"2026-04-30T12:38:39","modified_gmt":"2026-04-30T16:38:39","slug":"porfi-baloa-no-participara-en-el-festival-por-la-paz","status":"publish","type":"post","link":"https:\/\/noticiasveraces.com\/?p=64478","title":{"rendered":"Porfi Baloa no participar\u00e1 en el \u201cFestival por la paz\u201d"},"content":{"rendered":"<p> \n<\/p>\n<div>\n<p>Tras las especulaciones en redes sociales, <strong>Porfio Baloa<\/strong>director de la agrupaci\u00f3n Adolescentes, <strong>desminti\u00f3 que participar\u00e1 en el <\/strong><strong>\u201cFestival por la paz\u201d<\/strong>previsto para este viernes en la Base A\u00e9rea La Carlota.<\/p>\n<p>A trav\u00e9s de un comunicado publicado en sus redes sociales, <strong>el cantante aclar\u00f3 que no tiene previsto participar en ning\u00fan evento programado para este viernes 1\u00b0 de mayo.<\/strong><\/p>\n<p>\u201cQueremos tomar un momento para aclarar algunos rumores que han estado circulando recientemente. <strong>El maestro Porfi Baloa no estar\u00e1 participando en ning\u00fan evento programado para el pr\u00f3ximo 1 de mayo en Caracas<\/strong>\u201d, se\u00f1ala el comunicado.<\/p>\n<figure class=\"wp-block-image size-full\"><img loading=\"lazy\" decoding=\"async\" width=\"357\" height=\"623\" src=\"data:image\/png;base64,iVBORw0KGgoAAAANSUhEUgAAAWUAAAJvAQMAAACZOFIDAAAAA1BMVEUAAACnej3aAAAAAXRSTlMAQObYZgAAADJJREFUGBntwYEAAAAAw6D7U0\/gCNUAAAAAAAAAAAAAAAAAAAAAAAAAAAAAAAAAAACAI2\/yAAFRfCZxAAAAAElFTkSuQmCC\" alt=\"Porfio Baloa\" class=\"wp-image-2929300 lazyload\" data-src=\"https:\/\/elnacional-uploads.nyc3.digitaloceanspaces.com\/wp-content\/uploads\/2026\/04\/30100714\/Porfi-Baloa.jpg\" data-eio-rwidth=\"357\" data-eio-rheight=\"623\"\/><img loading=\"lazy\" decoding=\"async\" width=\"357\" height=\"623\" src=\"https:\/\/elnacional-uploads.nyc3.digitaloceanspaces.com\/wp-content\/uploads\/2026\/04\/30100714\/Porfi-Baloa.jpg\" alt=\"Porfio Baloa\" class=\"wp-image-2929300\" data-eio=\"l\"\/><\/figure>\n<p><strong>Baloa se suma a Servando y Florentino, quienes tambi\u00e9n desmintieron su participaci\u00f3n en el evento<\/strong> anunciado esta semana por Jorge Rodr\u00edguez, presidente de la Asamblea Nacional.<\/p>\n<p>Tanto el d\u00fao de hermanos como Baloa, figuraban en el grupo de artistas que presuntamente participar\u00e1n en el festival.<\/p>\n<h2 class=\"wp-block-heading\" id=\"h-detalles-del-evento\"><strong>Detalles del evento<\/strong><\/h2>\n<p>El anuncio del concierto tuvo lugar en el <strong>marco del cierre de la \u00abPeregrinaci\u00f3n nacional por una Venezuela libre de sanciones\u00bb<\/strong>de acuerdo con el Ministerio de Comunicaci\u00f3n e Informaci\u00f3n.<\/p>\n<p>Jorge Rodr\u00edguez, presidente de la Asamblea Nacional, adelant\u00f3 que <strong>el evento contar\u00e1 con ocho tarimas distribuidas en La Carlota y ser\u00e1 de acceso gratuito.<\/strong><\/p>\n<p>A pesar de la ausencia confirmada de los hermanos Primera, en <strong>el cartel de artistas que participar\u00edan en el evento se encuentran: Oscar D\u2019Le\u00f3n, Nicky Jam, Justin Quiles, entre otros<\/strong>seg\u00fan el diario <em>\u00daltimas Noticias<\/em>.<\/p>\n<p>Hasta el momento, solo Porfi Baloa y Servando y Florentino han desmentido su participaci\u00f3n en el festival.<\/p>\n<\/div>\n\n","protected":false},"excerpt":{"rendered":"<p>Tras las especulaciones en redes sociales, Porfio Baloadirector de la agrupaci\u00f3n Adolescentes, desminti\u00f3 que participar\u00e1 en el \u201cFestival por la paz\u201dprevisto para este viernes en la Base A\u00e9rea La Carlota. A trav\u00e9s de un comunicado publicado en sus redes sociales, el cantante aclar\u00f3 que no tiene previsto participar en ning\u00fan evento programado para este viernes &hellip;<\/p>\n","protected":false},"author":1,"featured_media":64480,"comment_status":"open","ping_status":"open","sticky":false,"template":"","format":"standard","meta":{"fifu_image_url":"https:\/\/elnacional-uploads.nyc3.digitaloceanspaces.com\/wp-content\/uploads\/2026\/04\/30100923\/Porfi-Baloa.jpeg","fifu_image_alt":"","footnotes":""},"categories":[13],"tags":[],"class_list":["post-64478","post","type-post","status-publish","format-standard","has-post-thumbnail","","category-mundo"],"_links":{"self":[{"href":"https:\/\/noticiasveraces.com\/index.php?rest_route=\/wp\/v2\/posts\/64478","targetHints":{"allow":["GET"]}}],"collection":[{"href":"https:\/\/noticiasveraces.com\/index.php?rest_route=\/wp\/v2\/posts"}],"about":[{"href":"https:\/\/noticiasveraces.com\/index.php?rest_route=\/wp\/v2\/types\/post"}],"author":[{"embeddable":true,"href":"https:\/\/noticiasveraces.com\/index.php?rest_route=\/wp\/v2\/users\/1"}],"replies":[{"embeddable":true,"href":"https:\/\/noticiasveraces.com\/index.php?rest_route=%2Fwp%2Fv2%2Fcomments&post=64478"}],"version-history":[{"count":0,"href":"https:\/\/noticiasveraces.com\/index.php?rest_route=\/wp\/v2\/posts\/64478\/revisions"}],"wp:featuredmedia":[{"embeddable":true,"href":"https:\/\/noticiasveraces.com\/index.php?rest_route=\/wp\/v2\/media\/64480"}],"wp:attachment":[{"href":"https:\/\/noticiasveraces.com\/index.php?rest_route=%2Fwp%2Fv2%2Fmedia&parent=64478"}],"wp:term":[{"taxonomy":"category","embeddable":true,"href":"https:\/\/noticiasveraces.com\/index.php?rest_route=%2Fwp%2Fv2%2Fcategories&post=64478"},{"taxonomy":"post_tag","embeddable":true,"href":"https:\/\/noticiasveraces.com\/index.php?rest_route=%2Fwp%2Fv2%2Ftags&post=64478"}],"curies":[{"name":"wp","href":"https:\/\/api.w.org\/{rel}","templated":true}]}}