{"id":64471,"date":"2026-04-30T10:36:42","date_gmt":"2026-04-30T14:36:42","guid":{"rendered":"https:\/\/noticiasveraces.com\/?p=64471"},"modified":"2026-04-30T10:36:42","modified_gmt":"2026-04-30T14:36:42","slug":"despega-de-miami-el-primer-vuelo-comercial-directo-entre-ee-uu-y-venezuela-en-7-anos-albertonews","status":"publish","type":"post","link":"https:\/\/noticiasveraces.com\/?p=64471","title":{"rendered":"Despega de Miami el primer vuelo comercial directo entre EE.UU. y Venezuela en 7 a\u00f1os &#8211; AlbertoNews"},"content":{"rendered":"<p> \n<\/p>\n<div>\n<p>El primer vuelo comercial directo entre Estados Unidos y Venezuela en cerca de siete a\u00f1os despeg\u00f3 este jueves desde el Aeropuerto Internacional de Miami a bordo de un avi\u00f3n de American Airlines y en medio de una fiesta con banderas venezolanas y el desayuno t\u00edpico de ese pa\u00eds, que incluy\u00f3 arepas y teque\u00f1os.<\/p>\n<p><strong>EFE<\/strong><\/p>\n<p>Los pasajeros de este vuelo a Caracas, de aproximadamente tres horas de duraci\u00f3n, celebraron antes del despegue en presencia de la alcaldesa de Miami-Dade, Daniella Levine Cava, felices de poder visitar su patria tras a\u00f1os de hacerlo por terceros pa\u00edses.<\/p>\n<p>Los vuelos comerciales directos entre ambos pa\u00edses fueron suspendidos en 2019 en medio de las tensiones entre los gobiernos del entonces presidente venezolano, Nicol\u00e1s Maduro, y su hom\u00f3logo estadounidense, Donald Trump, quien estaba en su primer mandato (2017-2021).<\/p>\n<\/p>\n<p><strong>Si quieres recibir en tu celular esta y otras informaciones descarga Telegram, ingresa al link <\/strong><b>https:\/\/t.me\/albertorodnews<\/b><strong> y dale clic a +Unirme.  <\/strong><\/p>\n<p><b>Alberto Noticias<\/b><\/p>\n<\/div>\n\n","protected":false},"excerpt":{"rendered":"<p>El primer vuelo comercial directo entre Estados Unidos y Venezuela en cerca de siete a\u00f1os despeg\u00f3 este jueves desde el Aeropuerto Internacional de Miami a bordo de un avi\u00f3n de American Airlines y en medio de una fiesta con banderas venezolanas y el desayuno t\u00edpico de ese pa\u00eds, que incluy\u00f3 arepas y teque\u00f1os. EFE Los &hellip;<\/p>\n","protected":false},"author":1,"featured_media":64472,"comment_status":"open","ping_status":"open","sticky":false,"template":"","format":"standard","meta":{"fifu_image_url":"https:\/\/cdn.albertonews.com\/wp-content\/uploads\/2021\/08\/American-Airlines-aterrizaje-emergencia.png","fifu_image_alt":"","footnotes":""},"categories":[13],"tags":[],"class_list":["post-64471","post","type-post","status-publish","format-standard","has-post-thumbnail","","category-mundo"],"_links":{"self":[{"href":"https:\/\/noticiasveraces.com\/index.php?rest_route=\/wp\/v2\/posts\/64471","targetHints":{"allow":["GET"]}}],"collection":[{"href":"https:\/\/noticiasveraces.com\/index.php?rest_route=\/wp\/v2\/posts"}],"about":[{"href":"https:\/\/noticiasveraces.com\/index.php?rest_route=\/wp\/v2\/types\/post"}],"author":[{"embeddable":true,"href":"https:\/\/noticiasveraces.com\/index.php?rest_route=\/wp\/v2\/users\/1"}],"replies":[{"embeddable":true,"href":"https:\/\/noticiasveraces.com\/index.php?rest_route=%2Fwp%2Fv2%2Fcomments&post=64471"}],"version-history":[{"count":0,"href":"https:\/\/noticiasveraces.com\/index.php?rest_route=\/wp\/v2\/posts\/64471\/revisions"}],"wp:featuredmedia":[{"embeddable":true,"href":"https:\/\/noticiasveraces.com\/index.php?rest_route=\/wp\/v2\/media\/64472"}],"wp:attachment":[{"href":"https:\/\/noticiasveraces.com\/index.php?rest_route=%2Fwp%2Fv2%2Fmedia&parent=64471"}],"wp:term":[{"taxonomy":"category","embeddable":true,"href":"https:\/\/noticiasveraces.com\/index.php?rest_route=%2Fwp%2Fv2%2Fcategories&post=64471"},{"taxonomy":"post_tag","embeddable":true,"href":"https:\/\/noticiasveraces.com\/index.php?rest_route=%2Fwp%2Fv2%2Ftags&post=64471"}],"curies":[{"name":"wp","href":"https:\/\/api.w.org\/{rel}","templated":true}]}}