{"id":64456,"date":"2026-04-30T09:13:39","date_gmt":"2026-04-30T13:13:39","guid":{"rendered":"https:\/\/noticiasveraces.com\/?p=64456"},"modified":"2026-04-30T09:13:39","modified_gmt":"2026-04-30T13:13:39","slug":"ee-uu-acusa-a-gobernador-de-sinaloa-ruben-rocha-moya-de-tener-vinculos-con-el-narco","status":"publish","type":"post","link":"https:\/\/noticiasveraces.com\/?p=64456","title":{"rendered":"EE UU acusa a gobernador de Sinaloa, Rub\u00e9n Rocha Moya, de tener v\u00ednculos con el narco"},"content":{"rendered":"<p> \n<\/p>\n<div>\n<p>Terry Cole, administrador de la Agencia Antidrogas de Estados Unidos (DEA, por sus siglas en ingl\u00e9s), y Jay Clayton, fiscal federal para el Distrito Sur de Nueva York, presentaron una acusaci\u00f3n formal contra Rub\u00e9n Rocha Moya, actual gobernador del estado mexicano de Sinaloa, y otros nueve funcionarios \u2014en activo y retirados\u2014 por presuntos v\u00ednculos con el C\u00e1rtel de Sinaloa. Los acusan de formar parte de una red criminal que habr\u00eda facilitado delitos como el tr\u00e1fico de drogas, operaciones relacionadas con armas y secuestros.<\/p>\n<p>Adem\u00e1s de Rocha Moya, el documento judicial incluye a Enrique Inzunza C\u00e1zarez, senador y ex secretario general de Gobierno de Sinaloa; Enrique D\u00edaz Vega, ex secretario de Administraci\u00f3n y Finanzas; D\u00e1maso Castro Saavedra, fiscal general adjunto de la Fiscal\u00eda General estatal; Gerardo M\u00e9rida S\u00e1nchez, ex secretario de Seguridad P\u00fablica; Jos\u00e9 Antonio Dionisio Hip\u00f3lito, ex subdirector de la polic\u00eda estatal; Juan de Dios G\u00e1mez Mend\u00edvil, presidente municipal de Culiac\u00e1n, y los ex jefes de la pol\u00edcia de investigaci\u00f3n de la Fiscal\u00eda, Marco Antonio Almanza y Alberto Jorge Contreras N\u00fa\u00f1ez.<\/p>\n<hr\/>\n<div class=\"ContentCardEmbedWrapper-hkvhYu kMYDit content-card-embed content-card-embed--stacked\" data-testid=\"ContentCardEmbedWrapper\">\n<div class=\"ContentCardEmbedImage-bqahne fjmzkP content-card-embed__image\" data-testid=\"ContentCardEmbedImage\"><span class=\"SpanWrapper-kFnjvc eKnjjD responsive-asset\"><picture class=\"ResponsiveImagePicture-jKunQM gjCCFj responsive-image\"><img decoding=\"async\" alt=\"Cartel de Sinaloa Trump 2184537906\" loading=\"lazy\" class=\"ResponsiveImageContainer-dkeESL cQPiWi responsive-image__image\" srcset=\"https:\/\/media.es.wired.com\/photos\/67b616b7d2b2dc7a0cc6e73f\/master\/w_120,c_limit\/cartel%20de%20sinaloa%202184537906.jpg 120w, https:\/\/media.es.wired.com\/photos\/67b616b7d2b2dc7a0cc6e73f\/master\/w_240,c_limit\/cartel%20de%20sinaloa%202184537906.jpg 240w, https:\/\/media.es.wired.com\/photos\/67b616b7d2b2dc7a0cc6e73f\/master\/w_320,c_limit\/cartel%20de%20sinaloa%202184537906.jpg 320w, https:\/\/media.es.wired.com\/photos\/67b616b7d2b2dc7a0cc6e73f\/master\/w_640,c_limit\/cartel%20de%20sinaloa%202184537906.jpg 640w\" sizes=\"100vw\" src=\"https:\/\/media.es.wired.com\/photos\/67b616b7d2b2dc7a0cc6e73f\/master\/w_775%2Cc_limit\/cartel%2520de%2520sinaloa%25202184537906.jpg\"\/><\/picture><\/span><\/div>\n<div class=\"ContentCardEmbedInfo-buyHWH gWLOee\">\n<div class=\"BaseText-fEwdHD ContentCardEmbedHed-kDKGDs fUtEc dlHXUJ content-card-embed__hed\" data-testid=\"ContentCardEmbedHed\">EE UU designa al C\u00e1rtel de Sinaloa como organizaci\u00f3n terrorista y defiende la vigilancia con drones sobre M\u00e9xico<\/div>\n<p>Claudia Sheinbaum, presidenta de M\u00e9xico, afirm\u00f3 en su conferencia matutina de este mi\u00e9rcoles que \u00abno hay nada ilegal\u00bb en los vuelos con drones reportados por la prensa.<\/p>\n<\/div>\n<\/div>\n<hr\/>\n<p>En estos casos, los implicados son acusados de participar en conspiraciones para importar narc\u00f3ticos en los Estados Unidos, as\u00ed como de posesi\u00f3n de ametralladoras y dispositivos destructivos, adem\u00e1s de conspirar para poseerlos. Las autoridades estadounidenses solicitan como sanci\u00f3n <strong>una pena de cadena perpetua, con un m\u00ednimo obligatorio de 40 a\u00f1os de prisi\u00f3n.<\/strong><\/p>\n<p>El expediente tambi\u00e9n menciona a Juan Valenzuela Mill\u00e1n, exoficial de alto rango en la Polic\u00eda Municipal de Culiac\u00e1n, quien enfrenta cargos por conspiraci\u00f3n para el tr\u00e1fico de drogas y armas, as\u00ed como de secuestro con resultado de muerte, en espec\u00edfico de una \u201cfuente de la DEA\u201d y de una persona cercana a esta, delitos que, de comprobarse, ser\u00edan castigados igualmente con cadena perpetua obligatoria.<\/p>\n<p>De acuerdo con Cole, \u201clos acusados presuntamente utilizaron sus cargos de confianza para proteger las operaciones del c\u00e1rtel, facilitando as\u00ed la entrada de drogas letales a nuestro pa\u00eds. Nadie est\u00e1 por encima de la ley. <strong>Continuaremos ejerciendo presi\u00f3n constante contra el C\u00e1rtel de Sinaloa<\/strong> y las redes que lo respaldan, para proteger al pueblo estadounidense y salvar vidas\u201d.<\/p>\n<p>Por su parte, Clayton afirm\u00f3 que organizaciones criminales como el C\u00e1rtel de Sinaloa no podr\u00edan operar con libertad ni alcanzar sus objetivos sin el respaldo de funcionarios y pol\u00edticos corruptos. \u201cEl apoyo de servidores p\u00fablicos extranjeros al tr\u00e1fico mortal de drogas debe terminar. Que estas acusaciones env\u00eden un mensaje claro a quienes colaboran con el narcotr\u00e1fico; sin importar su cargo o posici\u00f3n, estamos comprometidos a llevarlos ante la justicia\u201d, concluy\u00f3.<\/p>\n<h2>Entre supuetsos pagos millonarios y \u201cfavores\u201d para llegar al poder<\/h2>\n<p>La acusaci\u00f3n sostiene que el C\u00e1rtel de Sinaloa es una de las organizaciones m\u00e1s violentas del mundo y que mantiene colaboraci\u00f3n con c\u00e9lulas criminales en diversas regiones, incluidos productores y distribuidores de coca\u00edna en Colombia y Venezuela, y con fabricantes de precursores qu\u00edmicos ubicados en China.<\/p>\n<p>El documento subraya que el grupo delictivo no solo se apoya en alianzas con funcionarios y elementos policiales mexicanos para asegurar el \u00e9xito de sus operaciones, sino que tambi\u00e9n <strong>tendr\u00eda nexos con pol\u00edticos corruptos en Centro y Sudam\u00e9rica.<\/strong><\/p>\n<p>De manera espec\u00edfica, el texto indica que los acusados en esta acci\u00f3n judicial habr\u00edan abusado de sus posiciones de confianza y autoridad para, entre otras cosas, proteger a l\u00edderes del c\u00e1rtel, proporcionar informaci\u00f3n confidencial que facilitara la log\u00edstica del grupo criminal, resguardar cargamentos de droga (mediante la intervenci\u00f3n de fuerzas del orden) y omitir la persecuci\u00f3n de actos de violencia relacionados. A cambio, seg\u00fan el documento, \u201crecibieron colectivamente millones de d\u00f3lares provenientes del narcotr\u00e1fico\u201d, as\u00ed como otros beneficios que les permitieron mantenerse o acceder a cargos de poder.<\/p>\n<\/div>\n\n","protected":false},"excerpt":{"rendered":"<p>Terry Cole, administrador de la Agencia Antidrogas de Estados Unidos (DEA, por sus siglas en ingl\u00e9s), y Jay Clayton, fiscal federal para el Distrito Sur de Nueva York, presentaron una acusaci\u00f3n formal contra Rub\u00e9n Rocha Moya, actual gobernador del estado mexicano de Sinaloa, y otros nueve funcionarios \u2014en activo y retirados\u2014 por presuntos v\u00ednculos con &hellip;<\/p>\n","protected":false},"author":1,"featured_media":64458,"comment_status":"open","ping_status":"open","sticky":false,"template":"","format":"standard","meta":{"fifu_image_url":"https:\/\/media.es.wired.com\/photos\/69f275dce3cf8b96caba9aa2\/16:9\/w_1280,c_limit\/gobernador%20de%20Sinaloa%20Cartel%20de%20Sinaloa%20EE%20UU%202175312557.jpg","fifu_image_alt":"","footnotes":""},"categories":[4],"tags":[],"class_list":["post-64456","post","type-post","status-publish","format-standard","has-post-thumbnail","","category-historias-destacadas"],"_links":{"self":[{"href":"https:\/\/noticiasveraces.com\/index.php?rest_route=\/wp\/v2\/posts\/64456","targetHints":{"allow":["GET"]}}],"collection":[{"href":"https:\/\/noticiasveraces.com\/index.php?rest_route=\/wp\/v2\/posts"}],"about":[{"href":"https:\/\/noticiasveraces.com\/index.php?rest_route=\/wp\/v2\/types\/post"}],"author":[{"embeddable":true,"href":"https:\/\/noticiasveraces.com\/index.php?rest_route=\/wp\/v2\/users\/1"}],"replies":[{"embeddable":true,"href":"https:\/\/noticiasveraces.com\/index.php?rest_route=%2Fwp%2Fv2%2Fcomments&post=64456"}],"version-history":[{"count":0,"href":"https:\/\/noticiasveraces.com\/index.php?rest_route=\/wp\/v2\/posts\/64456\/revisions"}],"wp:featuredmedia":[{"embeddable":true,"href":"https:\/\/noticiasveraces.com\/index.php?rest_route=\/wp\/v2\/media\/64458"}],"wp:attachment":[{"href":"https:\/\/noticiasveraces.com\/index.php?rest_route=%2Fwp%2Fv2%2Fmedia&parent=64456"}],"wp:term":[{"taxonomy":"category","embeddable":true,"href":"https:\/\/noticiasveraces.com\/index.php?rest_route=%2Fwp%2Fv2%2Fcategories&post=64456"},{"taxonomy":"post_tag","embeddable":true,"href":"https:\/\/noticiasveraces.com\/index.php?rest_route=%2Fwp%2Fv2%2Ftags&post=64456"}],"curies":[{"name":"wp","href":"https:\/\/api.w.org\/{rel}","templated":true}]}}