{"id":64442,"date":"2026-04-30T06:32:48","date_gmt":"2026-04-30T10:32:48","guid":{"rendered":"https:\/\/noticiasveraces.com\/?p=64442"},"modified":"2026-04-30T06:32:48","modified_gmt":"2026-04-30T10:32:48","slug":"kremlin-putin-fijara-las-fechas-de-la-tregua-con-ucrania-para-el-dia-de-la-victoria","status":"publish","type":"post","link":"https:\/\/noticiasveraces.com\/?p=64442","title":{"rendered":"Kremlin: Putin fijar\u00e1 las fechas de la tregua con Ucrania para el D\u00eda de la Victoria"},"content":{"rendered":"<p> \n<br \/><img decoding=\"async\" src=\"https:\/\/actualidad.rt.com\/\" \/><\/p>\n<div>\n<p>El portavoz del Kremlin, Dmitri Peskov, asever\u00f3 que el presidente de Rusia, Vald\u00edmir Putin, decidir\u00e1 cu\u00e1ndo comenzar\u00e1 y terminar\u00e1 el alto el fuego con el r\u00e9gimen de Kiev a prop\u00f3sito del D\u00eda de la Victoria.<\/p>\n<p>\u00abPor ahora, hablamos del D\u00eda de la Victoria, pero <strong>el presidente decidir\u00e1 cu\u00e1ndo entrar\u00e1 en vigor y cu\u00e1ndo terminar\u00e1<\/strong>. A\u00fan no se han tomado decisiones concretas\u00bb, indic\u00f3 el vocero.<\/p>\n<p>El l\u00edder ruso asegur\u00f3 este mi\u00e9rcoles durante una conversaci\u00f3n telef\u00f3nica con su par estadounidense, Donald Trump, que est\u00e1 dispuesto a declarar una <strong>tregua con Ucrania por el D\u00eda de la Victoria<\/strong> este 9 de mayo, seg\u00fan\u00a0comunic\u00f3\u00a0el asesor presidencial ruso, Yuri Ushakov.<\/p>\n<\/div>\n\n","protected":false},"excerpt":{"rendered":"<p>El portavoz del Kremlin, Dmitri Peskov, asever\u00f3 que el presidente de Rusia, Vald\u00edmir Putin, decidir\u00e1 cu\u00e1ndo comenzar\u00e1 y terminar\u00e1 el alto el fuego con el r\u00e9gimen de Kiev a prop\u00f3sito del D\u00eda de la Victoria. \u00abPor ahora, hablamos del D\u00eda de la Victoria, pero el presidente decidir\u00e1 cu\u00e1ndo entrar\u00e1 en vigor y cu\u00e1ndo terminar\u00e1. A\u00fan &hellip;<\/p>\n","protected":false},"author":1,"featured_media":64443,"comment_status":"open","ping_status":"open","sticky":false,"template":"","format":"standard","meta":{"fifu_image_url":"https:\/\/actualidad.rt.com\/static\/img\/og\/logo-rt-black.jpg","fifu_image_alt":"","footnotes":""},"categories":[13],"tags":[],"class_list":["post-64442","post","type-post","status-publish","format-standard","has-post-thumbnail","","category-mundo"],"_links":{"self":[{"href":"https:\/\/noticiasveraces.com\/index.php?rest_route=\/wp\/v2\/posts\/64442","targetHints":{"allow":["GET"]}}],"collection":[{"href":"https:\/\/noticiasveraces.com\/index.php?rest_route=\/wp\/v2\/posts"}],"about":[{"href":"https:\/\/noticiasveraces.com\/index.php?rest_route=\/wp\/v2\/types\/post"}],"author":[{"embeddable":true,"href":"https:\/\/noticiasveraces.com\/index.php?rest_route=\/wp\/v2\/users\/1"}],"replies":[{"embeddable":true,"href":"https:\/\/noticiasveraces.com\/index.php?rest_route=%2Fwp%2Fv2%2Fcomments&post=64442"}],"version-history":[{"count":0,"href":"https:\/\/noticiasveraces.com\/index.php?rest_route=\/wp\/v2\/posts\/64442\/revisions"}],"wp:featuredmedia":[{"embeddable":true,"href":"https:\/\/noticiasveraces.com\/index.php?rest_route=\/wp\/v2\/media\/64443"}],"wp:attachment":[{"href":"https:\/\/noticiasveraces.com\/index.php?rest_route=%2Fwp%2Fv2%2Fmedia&parent=64442"}],"wp:term":[{"taxonomy":"category","embeddable":true,"href":"https:\/\/noticiasveraces.com\/index.php?rest_route=%2Fwp%2Fv2%2Fcategories&post=64442"},{"taxonomy":"post_tag","embeddable":true,"href":"https:\/\/noticiasveraces.com\/index.php?rest_route=%2Fwp%2Fv2%2Ftags&post=64442"}],"curies":[{"name":"wp","href":"https:\/\/api.w.org\/{rel}","templated":true}]}}