{"id":64400,"date":"2026-04-30T02:56:39","date_gmt":"2026-04-30T06:56:39","guid":{"rendered":"https:\/\/noticiasveraces.com\/?p=64400"},"modified":"2026-04-30T02:56:39","modified_gmt":"2026-04-30T06:56:39","slug":"jannik-sinner-impone-la-logica-y-frena-a-rafa-jodar-en-madrid-6-2-y-7-6","status":"publish","type":"post","link":"https:\/\/noticiasveraces.com\/?p=64400","title":{"rendered":"Jannik Sinner impone la l\u00f3gica y frena a Rafa J\u00f3dar en Madrid (6-2 y 7-6)"},"content":{"rendered":"<p> \n<\/p>\n<div id=\"intext\">\n<p><b>Rafa J\u00f3dar <\/b>choc\u00f3 con la realidad y se despidi\u00f3 de Madrid tras caer ante <b>Jannik Sinner (6-2 y 7-6(0))<\/b> en los cuartos de final, despu\u00e9s de plantar cara al n\u00famero 1 del mundo en un segundo set que se resolvi\u00f3 en el tie-break. Pese a la derrota, el tenista de Legan\u00e9s ya es una realidad en el circuito y el pr\u00f3ximo lunes aparecer\u00e1 como el 34\u00ba del mundo tras una semana de ensue\u00f1o en la capital de Espa\u00f1a, ganando a <b>Jesper de Jong<\/b>, <b>Alex de Mi\u00f1aur<\/b>, <b>Joao Fonseca<\/b> y <b>Ortiga vit<\/b>.<\/p>\n<p>El jugador madrile\u00f1o tuvo sus opciones y oblig\u00f3 a Sinner a no relajarse en las casi dos horas que dur\u00f3 el duelo m\u00e1s esperado del torneo en la Manolo Santana. La firma del italiano a la c\u00e1mara (What a player!) tras acabar el partido confirma que J\u00f3dar va a dar muchas alegr\u00edas al tenis espa\u00f1ol.<\/p>\n<p>Por su parte, Jannik Sinner sum\u00f3 una nueva victoria y est\u00e1 a tan solo dos de convertirse en el primer jugador capaz de levantar el t\u00edtulo en cinco ATP1000 de forma consecutiva. El de San C\u00e1ndido se ha llevado el trofeo en <b>Par\u00eds<\/b>, <b>pozos indios<\/b>, <b>miami<\/b> y <b>Montecarlo<\/b>; y ya est\u00e1 en las semifinales de Madrid, donde se medir\u00e1 al ganador del choque entre el franc\u00e9s Arthur Fils y el checo Jiri Lehecka.<\/p>\n<h2 class=\"title-h2\">Un Sinner de r\u00e9cord y sin freno<\/h2>\n<p>Jannik Sinner acumula<b> 26 triunfos consecutivos en torneos Masters 1.000<\/b> (<b>52-2 un set<\/b>), por el camino ha ganado los t\u00edtulos en el Par\u00eds Masters, Indian Wells, Miami y Montecarlo. El pupilo de Darren Cahill puede salir de la capital de Espa\u00f1a, si levanta el t\u00edtulo el domingo, con su cuarto t\u00edtulo del a\u00f1o y con una ventaja de 1.390 puntos sobre Carlos Alcaraz.<\/p>\n<p>Rafa J\u00f3dar salt\u00f3 a la pista sin miedo, a por todas y con poco respeto al ganador de cuatro grand slam y actual n\u00famero 1 del mundo. Pero el de Legan\u00e9s se hundi\u00f3 tras no aprovechar las bolas de break de las que goz\u00f3 en el primer set y entreg\u00f3 la primea manga (6-2).<\/p>\n<p>M\u00e1s pelea hubo en un segundo set en el que J\u00f3dar llev\u00f3 hasta el tie-break al jugador transalpino. Pero una vez m\u00e1s, Sinner sac\u00f3 su mejor versi\u00f3n -ganando los \u00faltimos 11 puntos del duelo- en ese momento para endosarle un doloroso 7-0 en ese tie-break y acabar con el sue\u00f1o del jugador de Legan\u00e9s en el Mutua Madrid Open.<\/p>\n<h2 class=\"title-h2\">Sinner, sobre J\u00f3dar: \u00abMe llev\u00f3 al l\u00edmite; es un jugador incre\u00edble\u00bb<\/h2>\n<p>El italiano Jannik Sinner elogi\u00f3 a Rafa J\u00f3dar, tras su partido en los octavos del Mutua Madrid Open y admiti\u00f3 que el tenista de Legan\u00e9s le llev\u00f3 \u00abal l\u00edmite\u00bb.<\/p>\n<p>\u00abRafa me llev\u00f3 al l\u00edmite; es un jugador incre\u00edble. Ha sido un partido de alt\u00edsimo nivel\u00bb, admiti\u00f3 el n\u00famero 1 del mundo a pie de pista.<\/p>\n<p>\u00abTuve algo de suerte en el segundo set, pero tambi\u00e9n se debe a que tengo un poco m\u00e1s de experiencia\u00bb, indic\u00f3 el jugador de San C\u00e1ndido.<\/p>\n<p>\u00abPrimera vez en semifinales aqu\u00ed, estoy realmente feliz\u00bb, apunt\u00f3 el italiano.<\/p>\n<p><i>Puedes ver el informativo completo &#8216;Noticias 2&#8217; en <b>Atresplayer<\/b>.<\/i><\/p>\n<p><i>S\u00edguenos en nuestro <\/i><i><strong>canal de WhatsApp<\/strong><\/i><i>  y no te pierdas la \u00faltima hora y toda la actualidad en nuestro <\/i><b><i>perfil de Google<\/i>.<\/b><\/p>\n<div class=\"recirculation-video\" data-mod=\"a3mod_recirculation_video\">\n<div class=\"recirculation-video-wrapper\">\n<div>\n<div class=\"video-wrapper\"><picture class=\"video-main-picture\"><source media=\"(min-width: 481px)\" srcset=\"https:\/\/fotografias.antena3.com\/clipping\/cmsimages01\/2026\/04\/28\/64109C0B-D210-44A8-AF7E-C75F77B28E3A\/asi-walking-futbol-deporte-adaptado-mayores_94.jpg?crop=1920,1080,x0,y0&amp;width=800&amp;height=450&amp;optimize=medium&amp;format=webply\" width=\"800\" height=\"450\"><source media=\"(min-width: 391px) and (max-width: 480px)\" srcset=\"https:\/\/fotografias.antena3.com\/clipping\/cmsimages01\/2026\/04\/28\/64109C0B-D210-44A8-AF7E-C75F77B28E3A\/asi-walking-futbol-deporte-adaptado-mayores_70.jpg?crop=1920,1080,x0,y0&amp;width=480&amp;height=270&amp;optimize=high&amp;format=webply\" width=\"480\" height=\"270\"><source media=\"(min-width: 321px) and (max-width: 390px)\" srcset=\"https:\/\/fotografias.antena3.com\/clipping\/cmsimages01\/2026\/04\/28\/64109C0B-D210-44A8-AF7E-C75F77B28E3A\/asi-walking-futbol-deporte-adaptado-mayores_92.jpg?crop=1920,1078,x0,y1&amp;width=390&amp;height=219&amp;optimize=high&amp;format=webply\" width=\"390\" height=\"219\"><source media=\"(max-width: 320px)\" srcset=\"https:\/\/fotografias.antena3.com\/clipping\/cmsimages01\/2026\/04\/28\/64109C0B-D210-44A8-AF7E-C75F77B28E3A\/asi-walking-futbol-deporte-adaptado-mayores_52.jpg?crop=1920,1080,x0,y0&amp;width=320&amp;height=180&amp;optimize=high&amp;format=webply\" width=\"320\" height=\"180\"><img decoding=\"async\" title=\"As\u00ed es el Walking F\u00fatbol, un deporte adaptado a los mayores\" alt=\"As\u00ed es el Walking F\u00fatbol, un deporte adaptado a los mayores\" width=\"480\" height=\"270\" src=\"https:\/\/fotografias.antena3.com\/clipping\/cmsimages01\/2026\/04\/28\/64109C0B-D210-44A8-AF7E-C75F77B28E3A\/asi-walking-futbol-deporte-adaptado-mayores_70.jpg?crop=1920,1080,x0,y0&amp;width=480&amp;height=270&amp;optimize=high&amp;format=webply\" loading=\"lazy\" class=\"lazy\"\/><\/source><\/source><\/source><\/source><\/picture><\/div>\n<\/div>\n<\/div>\n<\/div>\n<\/div>\n\n","protected":false},"excerpt":{"rendered":"<p>Rafa J\u00f3dar choc\u00f3 con la realidad y se despidi\u00f3 de Madrid tras caer ante Jannik Sinner (6-2 y 7-6(0)) en los cuartos de final, despu\u00e9s de plantar cara al n\u00famero 1 del mundo en un segundo set que se resolvi\u00f3 en el tie-break. Pese a la derrota, el tenista de Legan\u00e9s ya es una realidad &hellip;<\/p>\n","protected":false},"author":1,"featured_media":64402,"comment_status":"open","ping_status":"open","sticky":false,"template":"","format":"standard","meta":{"fifu_image_url":"https:\/\/fotografias.antena3.com\/clipping\/cmsimages02\/2026\/04\/29\/D8B9611B-6A69-4AD7-BACC-8599482219D1\/rafa-jodar-lamenta-punto-perdido-sinner_69.jpg?crop=2192,1233,x0,y0&width=1280&height=720&optimize=low&format=jpg","fifu_image_alt":"","footnotes":""},"categories":[6],"tags":[],"class_list":["post-64400","post","type-post","status-publish","format-standard","has-post-thumbnail","","category-deportes"],"_links":{"self":[{"href":"https:\/\/noticiasveraces.com\/index.php?rest_route=\/wp\/v2\/posts\/64400","targetHints":{"allow":["GET"]}}],"collection":[{"href":"https:\/\/noticiasveraces.com\/index.php?rest_route=\/wp\/v2\/posts"}],"about":[{"href":"https:\/\/noticiasveraces.com\/index.php?rest_route=\/wp\/v2\/types\/post"}],"author":[{"embeddable":true,"href":"https:\/\/noticiasveraces.com\/index.php?rest_route=\/wp\/v2\/users\/1"}],"replies":[{"embeddable":true,"href":"https:\/\/noticiasveraces.com\/index.php?rest_route=%2Fwp%2Fv2%2Fcomments&post=64400"}],"version-history":[{"count":0,"href":"https:\/\/noticiasveraces.com\/index.php?rest_route=\/wp\/v2\/posts\/64400\/revisions"}],"wp:featuredmedia":[{"embeddable":true,"href":"https:\/\/noticiasveraces.com\/index.php?rest_route=\/wp\/v2\/media\/64402"}],"wp:attachment":[{"href":"https:\/\/noticiasveraces.com\/index.php?rest_route=%2Fwp%2Fv2%2Fmedia&parent=64400"}],"wp:term":[{"taxonomy":"category","embeddable":true,"href":"https:\/\/noticiasveraces.com\/index.php?rest_route=%2Fwp%2Fv2%2Fcategories&post=64400"},{"taxonomy":"post_tag","embeddable":true,"href":"https:\/\/noticiasveraces.com\/index.php?rest_route=%2Fwp%2Fv2%2Ftags&post=64400"}],"curies":[{"name":"wp","href":"https:\/\/api.w.org\/{rel}","templated":true}]}}