{"id":64357,"date":"2026-04-29T21:10:43","date_gmt":"2026-04-30T01:10:43","guid":{"rendered":"https:\/\/noticiasveraces.com\/?p=64357"},"modified":"2026-04-29T21:10:43","modified_gmt":"2026-04-30T01:10:43","slug":"operativo-de-fe-de-vida-para-jubilados-y-pensionados","status":"publish","type":"post","link":"https:\/\/noticiasveraces.com\/?p=64357","title":{"rendered":"Operativo de fe de vida para jubilados y pensionados"},"content":{"rendered":"<p> \n<\/p>\n<div>\n<p>El Ministerio de Salud anunci\u00f3 el mi\u00e9rcoles 29 de enero un operativo de fe de vida que se realizar\u00e1 entre el<strong> 4 de mayo y 30 de junio<\/strong> orientado a jubilados, pensionados y personas con discapacidad.<\/p>\n<p>El organismo indic\u00f3 que la atenci\u00f3n de los usuarios se realizar\u00e1 el d\u00eda asignado seg\u00fan el<strong> terminal de su c\u00e9dula,<\/strong> de acuerdo con la informaci\u00f3n difundida en su cuenta de Instagram.<\/p>\n<p>La atenci\u00f3n se realizar\u00e1 en el horario comprendido entre las<strong> 8:30 am y las 3:00 pm<\/strong> en el centro Sim\u00f3n Bol\u00edvar, municipio Libertador, edificio Sur, piso 4, al oeste (frente de los ascensores) en la sede central.<\/p>\n<p>En el resto del pa\u00eds, el operativo de fe de vida se realizar\u00e1 en el mismo horario, pero en cada direcci\u00f3n estadal del <strong>Ministerio de Salud. <\/strong><\/p>\n<p>\u00abA <strong>personas con discapacidad,<\/strong> un familiar podr\u00e1 realizar el tr\u00e1mite. Jubilados en el exterior deben enviar la constancia v\u00eda correo electr\u00f3nico \u00a1No olvides cumplir para mantener tus beneficios! \u201d, indic\u00f3 el Ministerio de Salud.<\/p>\n<h2 id=\"dias-de-acuerdo-con-el-terminal-de-la-cedula\" class=\"rb-heading-index-0-858768 wp-block-heading\"><strong>D\u00edas de acuerdo con el<\/strong><strong> <\/strong><strong>terminal de la c\u00e9dula<\/strong><\/h2>\n<p>El Ministerio de Salud estableci\u00f3 estos d\u00edas de acuerdo con el terminal de la c\u00e9dula de identidad de los usuarios que desean asistir a la jornada.<\/p>\n<p><strong>-Lunes: <\/strong>0 y 9.<\/p>\n<p><strong>-Martes: <\/strong>1 y 8.<\/p>\n<p><strong>-Mi\u00e9rcoles:<\/strong> 2 y 7<\/p>\n<p><strong>-Jueves:<\/strong> 3 y 6.<\/p>\n<p><strong>-Viernes: <\/strong>4 y 5.<\/p>\n<figure class=\"wp-block-image size-full is-resized\"><picture fetchpriority=\"high\" decoding=\"async\" class=\"wp-image-858770\" style=\"aspect-ratio:.74623712012521;width:597px;height:auto\"><source type=\"image\/webp\" sizes=\"(max-width: 447px) 100vw, 447px\" nitro-lazy-srcset=\"https:\/\/eldiario.com\/nitropack_static\/DWpklAePbJBFiBKvuTtiGMLbtJlHUqWt\/assets\/images\/optimized\/rev-4f0ec48\/eldiario.com\/wp-content\/uploads\/2026\/04\/image-17.png.webp 447w, https:\/\/eldiario.com\/nitropack_static\/DWpklAePbJBFiBKvuTtiGMLbtJlHUqWt\/assets\/images\/optimized\/rev-4f0ec48\/eldiario.com\/wp-content\/uploads\/2026\/04\/image-17-224x300.png.webp 224w, https:\/\/eldiario.com\/nitropack_static\/DWpklAePbJBFiBKvuTtiGMLbtJlHUqWt\/assets\/images\/optimized\/rev-4f0ec48\/eldiario.com\/wp-content\/uploads\/2026\/04\/image-17-150x201.png.webp 150w\" nitro-lazy-empty=\"\" id=\"OTE4OjMwNw==-1\" data-nitro-empty-id=\"OTE4OjMwNw==-1\" srcset=\"data:image\/svg+xml;base64,PHN2ZyB2aWV3Qm94PSIwIDAgNDQ3IDU5OSIgd2lkdGg9IjQ0NyIgaGVpZ2h0PSI1OTkiIHhtbG5zPSJodHRwOi8vd3d3LnczLm9yZy8yMDAwL3N2ZyI+PC9zdmc+\"\/><img fetchpriority=\"high\" width=\"447\" height=\"599\" alt=\"Anunciaron un operativo de fe de vida para jubilados, pensionados y personas con discapacidad: estos son los requisitos\" sizes=\"(max-width: 447px) 100vw, 447px\" srcset=\"https:\/\/eldiario.com\/nitropack_static\/DWpklAePbJBFiBKvuTtiGMLbtJlHUqWt\/assets\/images\/optimized\/rev-4f0ec48\/eldiario.com\/wp-content\/uploads\/2026\/04\/image-17.png 447w, https:\/\/eldiario.com\/nitropack_static\/DWpklAePbJBFiBKvuTtiGMLbtJlHUqWt\/assets\/images\/optimized\/rev-4f0ec48\/eldiario.com\/wp-content\/uploads\/2026\/04\/image-17-224x300.png 224w, https:\/\/eldiario.com\/nitropack_static\/DWpklAePbJBFiBKvuTtiGMLbtJlHUqWt\/assets\/images\/optimized\/rev-4f0ec48\/eldiario.com\/wp-content\/uploads\/2026\/04\/image-17-150x201.png 150w\" src=\"https:\/\/eldiario.com\/nitropack_static\/DWpklAePbJBFiBKvuTtiGMLbtJlHUqWt\/assets\/images\/optimized\/rev-4f0ec48\/eldiario.com\/wp-content\/uploads\/2026\/04\/image-17.png\" class=\"nitro-lazy\" decoding=\"async\" nitro-lazy-empty=\"\" id=\"OTE5OjUyNw==-1\" data-nitro-empty-id=\"OTE5OjUyNw==-1\"\/> <\/picture><figcaption class=\"wp-element-caption\">Foto: Ministerio de Salud<\/figcaption><\/figure>\n<h2 id=\"requisitos-para-el-proceso-de-fe-de-vida\" class=\"rb-heading-index-1-858768 wp-block-heading\"><strong>Requisitos para el proceso de fe de vida<\/strong><\/h2>\n<p>En cuanto a los recaudos, las personas que realicen el proceso deber\u00e1n llevar lo siguiente:<\/p>\n<p><strong>-C\u00e9dula de identidad laminada.<\/strong><\/p>\n<p>-Copia de la Resoluci\u00f3n o Resuelto (si no lo tiene, igual puede acudir).<\/p>\n<p><strong>Pensiones de sobrevivientes (ninos, ni\u00f1as y adolescentes):<\/strong><\/p>\n<p>-Copia de la <strong>partida de nacimiento.<\/strong><\/p>\n<p>-Constancia de estudios vigente.<\/p>\n<p>-C\u00e9dula de identidad laminada del pensionado(a), autorizado y\/o tutor.<\/p>\n<p><strong>-Personas con discapacidad o imposibilidad de acudir:<\/strong> un familiar debe informar la condici\u00f3n para que se asigne un trabajador social y se realice una visita domiciliaria.<\/p>\n<p><strong>-Jubilados y pensionados en el exterior:<\/strong> deben enviar su constancia de fe de vida debidamente certificada por el Consulado o Embajada en donde residen entre el <strong>4 de mayo y el 30 de junio de 2026, <\/strong>sin pr\u00f3rroga, a los siguientes correos: coordinacionegresosdeobreros@gmail.com y jubilacionesmpps2@gmail.com.<\/p>\n<figure class=\"wp-block-image size-large\"><picture loading=\"lazy\" decoding=\"async\" class=\"wp-image-684139\"><source type=\"image\/webp\" sizes=\"(max-width: 1200px) 100vw, 1200px\" nitro-lazy-srcset=\"https:\/\/eldiario.com\/nitropack_static\/DWpklAePbJBFiBKvuTtiGMLbtJlHUqWt\/assets\/images\/optimized\/rev-4f0ec48\/eldiario.com\/wp-content\/uploads\/2024\/06\/Foto-de-Jose-Daniel-Ramos-Vejez-adulto-mayor-pension-pensionados-anciano-anciana-7-1200x800.jpg.webp 1200w, https:\/\/eldiario.com\/nitropack_static\/DWpklAePbJBFiBKvuTtiGMLbtJlHUqWt\/assets\/images\/optimized\/rev-4f0ec48\/eldiario.com\/wp-content\/uploads\/2024\/06\/Foto-de-Jose-Daniel-Ramos-Vejez-adulto-mayor-pension-pensionados-anciano-anciana-7-300x200.jpg.webp 300w, https:\/\/eldiario.com\/nitropack_static\/DWpklAePbJBFiBKvuTtiGMLbtJlHUqWt\/assets\/images\/optimized\/rev-4f0ec48\/eldiario.com\/wp-content\/uploads\/2024\/06\/Foto-de-Jose-Daniel-Ramos-Vejez-adulto-mayor-pension-pensionados-anciano-anciana-7-768x512.jpg.webp 768w, https:\/\/eldiario.com\/nitropack_static\/DWpklAePbJBFiBKvuTtiGMLbtJlHUqWt\/assets\/images\/optimized\/rev-4f0ec48\/eldiario.com\/wp-content\/uploads\/2024\/06\/Foto-de-Jose-Daniel-Ramos-Vejez-adulto-mayor-pension-pensionados-anciano-anciana-7-1536x1024.jpg.webp 1536w, https:\/\/eldiario.com\/nitropack_static\/DWpklAePbJBFiBKvuTtiGMLbtJlHUqWt\/assets\/images\/optimized\/rev-4f0ec48\/eldiario.com\/wp-content\/uploads\/2024\/06\/Foto-de-Jose-Daniel-Ramos-Vejez-adulto-mayor-pension-pensionados-anciano-anciana-7-150x100.jpg.webp 150w, https:\/\/eldiario.com\/nitropack_static\/DWpklAePbJBFiBKvuTtiGMLbtJlHUqWt\/assets\/images\/optimized\/rev-4f0ec48\/eldiario.com\/wp-content\/uploads\/2024\/06\/Foto-de-Jose-Daniel-Ramos-Vejez-adulto-mayor-pension-pensionados-anciano-anciana-7.jpg.webp 1600w\" nitro-lazy-empty=\"\" id=\"OTY2Ojk5OQ==-1\" data-nitro-empty-id=\"OTY2Ojk5OQ==-1\" srcset=\"data:image\/svg+xml;base64,PHN2ZyB2aWV3Qm94PSIwIDAgMTIwMCA4MDAiIHdpZHRoPSIxMjAwIiBoZWlnaHQ9IjgwMCIgeG1sbnM9Imh0dHA6Ly93d3cudzMub3JnLzIwMDAvc3ZnIj48L3N2Zz4=\"\/><img loading=\"lazy\" width=\"1200\" height=\"800\" alt=\"El IVSS comenz\u00f3 el pago de la pensi\u00f3n de junio: \u00bfpara qu\u00e9 alcanza?\" sizes=\"auto, (max-width: 1200px) 100vw, 1200px\" srcset=\"https:\/\/eldiario.com\/nitropack_static\/DWpklAePbJBFiBKvuTtiGMLbtJlHUqWt\/assets\/images\/optimized\/rev-4f0ec48\/eldiario.com\/wp-content\/uploads\/2024\/06\/Foto-de-Jose-Daniel-Ramos-Vejez-adulto-mayor-pension-pensionados-anciano-anciana-7-1200x800.jpg 1200w, https:\/\/eldiario.com\/nitropack_static\/DWpklAePbJBFiBKvuTtiGMLbtJlHUqWt\/assets\/images\/optimized\/rev-4f0ec48\/eldiario.com\/wp-content\/uploads\/2024\/06\/Foto-de-Jose-Daniel-Ramos-Vejez-adulto-mayor-pension-pensionados-anciano-anciana-7-300x200.jpg 300w, https:\/\/eldiario.com\/nitropack_static\/DWpklAePbJBFiBKvuTtiGMLbtJlHUqWt\/assets\/images\/optimized\/rev-4f0ec48\/eldiario.com\/wp-content\/uploads\/2024\/06\/Foto-de-Jose-Daniel-Ramos-Vejez-adulto-mayor-pension-pensionados-anciano-anciana-7-768x512.jpg 768w, https:\/\/eldiario.com\/nitropack_static\/DWpklAePbJBFiBKvuTtiGMLbtJlHUqWt\/assets\/images\/optimized\/rev-4f0ec48\/eldiario.com\/wp-content\/uploads\/2024\/06\/Foto-de-Jose-Daniel-Ramos-Vejez-adulto-mayor-pension-pensionados-anciano-anciana-7-1536x1024.jpg 1536w, https:\/\/eldiario.com\/nitropack_static\/DWpklAePbJBFiBKvuTtiGMLbtJlHUqWt\/assets\/images\/optimized\/rev-4f0ec48\/eldiario.com\/wp-content\/uploads\/2024\/06\/Foto-de-Jose-Daniel-Ramos-Vejez-adulto-mayor-pension-pensionados-anciano-anciana-7-150x100.jpg 150w, https:\/\/eldiario.com\/nitropack_static\/DWpklAePbJBFiBKvuTtiGMLbtJlHUqWt\/assets\/images\/optimized\/rev-4f0ec48\/eldiario.com\/wp-content\/uploads\/2024\/06\/Foto-de-Jose-Daniel-Ramos-Vejez-adulto-mayor-pension-pensionados-anciano-anciana-7.jpg 1600w\" src=\"https:\/\/eldiario.com\/nitropack_static\/DWpklAePbJBFiBKvuTtiGMLbtJlHUqWt\/assets\/images\/optimized\/rev-4f0ec48\/eldiario.com\/wp-content\/uploads\/2024\/06\/Foto-de-Jose-Daniel-Ramos-Vejez-adulto-mayor-pension-pensionados-anciano-anciana-7-1200x800.jpg\" class=\"nitro-lazy\" decoding=\"async\" nitro-lazy-empty=\"\" id=\"OTY3OjEyMzM=-1\" data-nitro-empty-id=\"OTY3OjEyMzM=-1\"\/> <\/picture><figcaption class=\"wp-element-caption\">Foto: Jos\u00e9 Daniel Ramos | El Diario<\/figcaption><\/figure>\n<h2 id=\"por-que-se-realiza-un-operativo-de-fe-de-vida\" class=\"rb-heading-index-2-858768 wp-block-heading\"><strong>\u00bfPor qu\u00e9 se realiza un operativo de fe de vida?<\/strong><\/h2>\n<p>El Reglamento de la Ley del Estatuto sobre el R\u00e9gimen de Jubilaciones y Pensiones establece en su art\u00edculo 37 que los beneficiarios de una pensi\u00f3n de invalidez o de sobreviviente est\u00e1n obligados a demostrar su <strong>supervivencia<\/strong>.<\/p>\n<p>Aunque el proceso se est\u00e1 llevando a cabo entre los meses de mayo y junio de 2026, la <strong>legislaci\u00f3n <\/strong>menciona que los operativos deben realizarse el mes de enero de cada a\u00f1o y que sin este requisito no recibir\u00e1n el pago correspondiente.<\/p>\n<figure class=\"wp-block-image size-large\"><picture loading=\"lazy\" decoding=\"async\" class=\"wp-image-858776\"><source type=\"image\/webp\" sizes=\"auto, (max-width: 1200px) 100vw, 1200px\" nitro-lazy-srcset=\"https:\/\/eldiario.com\/nitropack_static\/DWpklAePbJBFiBKvuTtiGMLbtJlHUqWt\/assets\/images\/optimized\/rev-4f0ec48\/eldiario.com\/wp-content\/uploads\/2026\/04\/pensiones-1200x900.jpg.webp 1200w, https:\/\/eldiario.com\/nitropack_static\/DWpklAePbJBFiBKvuTtiGMLbtJlHUqWt\/assets\/images\/optimized\/rev-4f0ec48\/eldiario.com\/wp-content\/uploads\/2026\/04\/pensiones-300x225.jpg.webp 300w, https:\/\/eldiario.com\/nitropack_static\/DWpklAePbJBFiBKvuTtiGMLbtJlHUqWt\/assets\/images\/optimized\/rev-4f0ec48\/eldiario.com\/wp-content\/uploads\/2026\/04\/pensiones-768x576.jpg.webp 768w, https:\/\/eldiario.com\/nitropack_static\/DWpklAePbJBFiBKvuTtiGMLbtJlHUqWt\/assets\/images\/optimized\/rev-4f0ec48\/eldiario.com\/wp-content\/uploads\/2026\/04\/pensiones-1536x1152.jpg.webp 1536w, https:\/\/eldiario.com\/nitropack_static\/DWpklAePbJBFiBKvuTtiGMLbtJlHUqWt\/assets\/images\/optimized\/rev-4f0ec48\/eldiario.com\/wp-content\/uploads\/2026\/04\/pensiones-860x645.jpg.webp 860w, https:\/\/eldiario.com\/nitropack_static\/DWpklAePbJBFiBKvuTtiGMLbtJlHUqWt\/assets\/images\/optimized\/rev-4f0ec48\/eldiario.com\/wp-content\/uploads\/2026\/04\/pensiones-150x113.jpg.webp 150w, https:\/\/eldiario.com\/nitropack_static\/DWpklAePbJBFiBKvuTtiGMLbtJlHUqWt\/assets\/images\/optimized\/rev-4f0ec48\/eldiario.com\/wp-content\/uploads\/2026\/04\/pensiones.jpg.webp 1600w\" nitro-lazy-empty=\"\" id=\"OTg2OjY0OA==-1\" data-nitro-empty-id=\"OTg2OjY0OA==-1\" srcset=\"data:image\/svg+xml;base64,PHN2ZyB2aWV3Qm94PSIwIDAgMTIwMCA5MDAiIHdpZHRoPSIxMjAwIiBoZWlnaHQ9IjkwMCIgeG1sbnM9Imh0dHA6Ly93d3cudzMub3JnLzIwMDAvc3ZnIj48L3N2Zz4=\"\/><img loading=\"lazy\" width=\"1200\" height=\"900\" alt=\"Anunciaron un operativo de fe de vida para jubilados, pensionados y personas con discapacidad: estos son los requisitos\" sizes=\"auto, (max-width: 1200px) 100vw, 1200px\" srcset=\"https:\/\/eldiario.com\/nitropack_static\/DWpklAePbJBFiBKvuTtiGMLbtJlHUqWt\/assets\/images\/optimized\/rev-4f0ec48\/eldiario.com\/wp-content\/uploads\/2026\/04\/pensiones-1200x900.jpg 1200w, https:\/\/eldiario.com\/nitropack_static\/DWpklAePbJBFiBKvuTtiGMLbtJlHUqWt\/assets\/images\/optimized\/rev-4f0ec48\/eldiario.com\/wp-content\/uploads\/2026\/04\/pensiones-300x225.jpg 300w, https:\/\/eldiario.com\/nitropack_static\/DWpklAePbJBFiBKvuTtiGMLbtJlHUqWt\/assets\/images\/optimized\/rev-4f0ec48\/eldiario.com\/wp-content\/uploads\/2026\/04\/pensiones-768x576.jpg 768w, https:\/\/eldiario.com\/nitropack_static\/DWpklAePbJBFiBKvuTtiGMLbtJlHUqWt\/assets\/images\/optimized\/rev-4f0ec48\/eldiario.com\/wp-content\/uploads\/2026\/04\/pensiones-1536x1152.jpg 1536w, https:\/\/eldiario.com\/nitropack_static\/DWpklAePbJBFiBKvuTtiGMLbtJlHUqWt\/assets\/images\/optimized\/rev-4f0ec48\/eldiario.com\/wp-content\/uploads\/2026\/04\/pensiones-860x645.jpg 860w, https:\/\/eldiario.com\/nitropack_static\/DWpklAePbJBFiBKvuTtiGMLbtJlHUqWt\/assets\/images\/optimized\/rev-4f0ec48\/eldiario.com\/wp-content\/uploads\/2026\/04\/pensiones-150x113.jpg 150w, https:\/\/eldiario.com\/nitropack_static\/DWpklAePbJBFiBKvuTtiGMLbtJlHUqWt\/assets\/images\/optimized\/rev-4f0ec48\/eldiario.com\/wp-content\/uploads\/2026\/04\/pensiones.jpg 1600w\" src=\"https:\/\/eldiario.com\/nitropack_static\/DWpklAePbJBFiBKvuTtiGMLbtJlHUqWt\/assets\/images\/optimized\/rev-4f0ec48\/eldiario.com\/wp-content\/uploads\/2026\/04\/pensiones-1200x900.jpg\" class=\"nitro-lazy\" decoding=\"async\" nitro-lazy-empty=\"\" id=\"OTg3Ojg1Mw==-1\" data-nitro-empty-id=\"OTg3Ojg1Mw==-1\"\/> <\/picture><figcaption class=\"wp-element-caption\">Pensiones | Foto: MPPTS<\/figcaption><\/figure>\n<p><strong>El Ministerio de Salud <\/strong>realiza este operativo anualmente con el objetivo de mantener un <strong>control en el pago de las pensiones <\/strong>y as\u00ed evitar que se realicen cobros indebidos en nombre de personas fallecidas.<\/p>\n<\/p><\/div>\n\n","protected":false},"excerpt":{"rendered":"<p>El Ministerio de Salud anunci\u00f3 el mi\u00e9rcoles 29 de enero un operativo de fe de vida que se realizar\u00e1 entre el 4 de mayo y 30 de junio orientado a jubilados, pensionados y personas con discapacidad. El organismo indic\u00f3 que la atenci\u00f3n de los usuarios se realizar\u00e1 el d\u00eda asignado seg\u00fan el terminal de su &hellip;<\/p>\n","protected":false},"author":1,"featured_media":64359,"comment_status":"open","ping_status":"open","sticky":false,"template":"","format":"standard","meta":{"fifu_image_url":"https:\/\/eldiario.com\/wp-content\/uploads\/2024\/06\/Foto-de-Jose-Daniel-Ramos-Vejez-adulto-mayor-pension-pensionados-anciano-anciana.jpg","fifu_image_alt":"","footnotes":""},"categories":[4],"tags":[],"class_list":["post-64357","post","type-post","status-publish","format-standard","has-post-thumbnail","","category-historias-destacadas"],"_links":{"self":[{"href":"https:\/\/noticiasveraces.com\/index.php?rest_route=\/wp\/v2\/posts\/64357","targetHints":{"allow":["GET"]}}],"collection":[{"href":"https:\/\/noticiasveraces.com\/index.php?rest_route=\/wp\/v2\/posts"}],"about":[{"href":"https:\/\/noticiasveraces.com\/index.php?rest_route=\/wp\/v2\/types\/post"}],"author":[{"embeddable":true,"href":"https:\/\/noticiasveraces.com\/index.php?rest_route=\/wp\/v2\/users\/1"}],"replies":[{"embeddable":true,"href":"https:\/\/noticiasveraces.com\/index.php?rest_route=%2Fwp%2Fv2%2Fcomments&post=64357"}],"version-history":[{"count":0,"href":"https:\/\/noticiasveraces.com\/index.php?rest_route=\/wp\/v2\/posts\/64357\/revisions"}],"wp:featuredmedia":[{"embeddable":true,"href":"https:\/\/noticiasveraces.com\/index.php?rest_route=\/wp\/v2\/media\/64359"}],"wp:attachment":[{"href":"https:\/\/noticiasveraces.com\/index.php?rest_route=%2Fwp%2Fv2%2Fmedia&parent=64357"}],"wp:term":[{"taxonomy":"category","embeddable":true,"href":"https:\/\/noticiasveraces.com\/index.php?rest_route=%2Fwp%2Fv2%2Fcategories&post=64357"},{"taxonomy":"post_tag","embeddable":true,"href":"https:\/\/noticiasveraces.com\/index.php?rest_route=%2Fwp%2Fv2%2Ftags&post=64357"}],"curies":[{"name":"wp","href":"https:\/\/api.w.org\/{rel}","templated":true}]}}