{"id":64341,"date":"2026-04-29T20:37:43","date_gmt":"2026-04-30T00:37:43","guid":{"rendered":"https:\/\/noticiasveraces.com\/?p=64341"},"modified":"2026-04-29T20:37:43","modified_gmt":"2026-04-30T00:37:43","slug":"la-novela-obra-maestra-cobra-vida-en-un-nuevo-drama-de-epoca-impresionante-television-y-radio-mundo-del-espectaculo-y-television","status":"publish","type":"post","link":"https:\/\/noticiasveraces.com\/?p=64341","title":{"rendered":"La novela &#39;Obra maestra&#39; cobra vida en un nuevo drama de \u00e9poca &#39;impresionante&#39; | Televisi\u00f3n y radio | Mundo del espect\u00e1culo y televisi\u00f3n"},"content":{"rendered":"<p> \n<\/p>\n<div>\n<div class=\"photo changeSpace\">\n<p class=\"withoutCaption\"><picture><source type=\"image\/avif\" srcset=\"https:\/\/cdn.images.express.co.uk\/img\/dynamic\/20\/1200x712\/secondary\/6890716.avif?r=1777461185465\" media=\"screen and (min-width:10000px)\"><source type=\"image\/webp\" srcset=\"https:\/\/cdn.images.express.co.uk\/img\/dynamic\/20\/1200x712\/secondary\/6890716.webp?r=1777461185465\" media=\"screen and (min-width:10000px)\"><source type=\"image\/jpeg\" srcset=\"https:\/\/cdn.images.express.co.uk\/img\/dynamic\/20\/1200x712\/secondary\/6890716.jpg?r=1777461185465\" media=\"screen and (min-width:10000px)\"><source type=\"image\/avif\" srcset=\"https:\/\/cdn.images.express.co.uk\/img\/dynamic\/20\/674x400\/secondary\/6890716.avif?r=1777461185465\" media=\"screen and (min-width:100000px)\"><source type=\"image\/webp\" srcset=\"https:\/\/cdn.images.express.co.uk\/img\/dynamic\/20\/674x400\/secondary\/6890716.webp?r=1777461185465\" media=\"screen and (min-width:100000px)\"><source type=\"image\/jpeg\" srcset=\"https:\/\/cdn.images.express.co.uk\/img\/dynamic\/20\/674x400\/secondary\/6890716.jpg?r=1777461185465\" media=\"screen and (min-width:100000px)\"><source type=\"image\/avif\" srcset=\"https:\/\/cdn.images.express.co.uk\/img\/dynamic\/20\/940x\/secondary\/6890716.avif?r=1777461185465\" media=\"screen and (min-width:1200px)\"><source type=\"image\/webp\" srcset=\"https:\/\/cdn.images.express.co.uk\/img\/dynamic\/20\/940x\/secondary\/6890716.webp?r=1777461185465\" media=\"screen and (min-width:1200px)\"><source type=\"image\/jpeg\" srcset=\"https:\/\/cdn.images.express.co.uk\/img\/dynamic\/20\/940x\/secondary\/6890716.jpg?r=1777461185465\" media=\"screen and (min-width:1200px)\"><source type=\"image\/avif\" srcset=\"https:\/\/cdn.images.express.co.uk\/img\/dynamic\/20\/590x\/secondary\/6890716.avif?r=1777461185465\" media=\"screen\"><source type=\"image\/webp\" srcset=\"https:\/\/cdn.images.express.co.uk\/img\/dynamic\/20\/590x\/secondary\/6890716.webp?r=1777461185465\" media=\"screen\"><img decoding=\"async\" src=\"https:\/\/cdn.images.express.co.uk\/img\/dynamic\/20\/590x\/secondary\/6890716.jpg?r=1777461185465\" alt=\"Una mujer con una t\u00fanica blanca y cabello blanco se r\u00ede.\" title=\"Una mujer con una t\u00fanica blanca y cabello blanco se r\u00ede.\" width=\"590\" height=\"350\" loading=\"lazy\"\/><\/source><\/source><\/source><\/source><\/source><\/source><\/source><\/source><\/source><\/source><\/source><\/picture><\/p>\n<p><span class=\"newsCaption\">La novela &#39;Obra maestra&#39; cobra vida en un nuevo drama de \u00e9poca &#39;m\u00e1gico&#39; <span class=\"caption\">(Imagen: VIDEO PRINCIPAL)<\/span><\/span><\/div>\n<div class=\"text-description\">\n<p>Una de las mejores novelas del siglo XX se ha transformado en una espectacular miniserie.<\/p>\n<\/div>\n<div class=\"text-description\">\n<p>Prime Video acaba de lanzar su lujosa adaptaci\u00f3n de una querida novela superventas, y los entusiastas de los dramas de \u00e9poca seguramente quedar\u00e1n cautivados.<\/p>\n<\/div>\n<div class=\"text-description\">\n<p>Basada en el c\u00e9lebre libro de Isabel Allende, La Casa de los Esp\u00edritus es una gran saga hist\u00f3rica que narra varias generaciones de una familia sudamericana.<\/p>\n<\/div>\n<div class=\"text-description\">\n<p>A lo largo de cinco d\u00e9cadas, la novela original confronta la agitaci\u00f3n pol\u00edtica y la lucha de clases durante uno de los per\u00edodos m\u00e1s vol\u00e1tiles de la historia de Chile.<\/p>\n<\/div>\n<div class=\"text-description\">\n<p>A lo largo de la historia, las mujeres de la familia Trueba, Clara (interpretadas por Nicole Wallace y Dolores Fonzi), Blanca (Fernanda Urrejola) y Alba (Rochi Hern\u00e1ndez), navegan por romances clandestinos, revoluciones e incluso fuerzas sobrenaturales, informa el Mirror.<\/p>\n<\/div>\n<div class=\"photo changeSpace\">\n<p class=\"withoutCaption\"><picture><source type=\"image\/avif\" srcset=\"https:\/\/cdn.images.express.co.uk\/img\/dynamic\/20\/1200x712\/secondary\/6890719.avif?r=1777461185474\" media=\"screen and (min-width:10000px)\"><source type=\"image\/webp\" srcset=\"https:\/\/cdn.images.express.co.uk\/img\/dynamic\/20\/1200x712\/secondary\/6890719.webp?r=1777461185474\" media=\"screen and (min-width:10000px)\"><source type=\"image\/jpeg\" srcset=\"https:\/\/cdn.images.express.co.uk\/img\/dynamic\/20\/1200x712\/secondary\/6890719.jpg?r=1777461185474\" media=\"screen and (min-width:10000px)\"><source type=\"image\/avif\" srcset=\"https:\/\/cdn.images.express.co.uk\/img\/dynamic\/20\/674x400\/secondary\/6890719.avif?r=1777461185474\" media=\"screen and (min-width:100000px)\"><source type=\"image\/webp\" srcset=\"https:\/\/cdn.images.express.co.uk\/img\/dynamic\/20\/674x400\/secondary\/6890719.webp?r=1777461185474\" media=\"screen and (min-width:100000px)\"><source type=\"image\/jpeg\" srcset=\"https:\/\/cdn.images.express.co.uk\/img\/dynamic\/20\/674x400\/secondary\/6890719.jpg?r=1777461185474\" media=\"screen and (min-width:100000px)\"><source type=\"image\/avif\" srcset=\"https:\/\/cdn.images.express.co.uk\/img\/dynamic\/20\/940x\/secondary\/6890719.avif?r=1777461185474\" media=\"screen and (min-width:1200px)\"><source type=\"image\/webp\" srcset=\"https:\/\/cdn.images.express.co.uk\/img\/dynamic\/20\/940x\/secondary\/6890719.webp?r=1777461185474\" media=\"screen and (min-width:1200px)\"><source type=\"image\/jpeg\" srcset=\"https:\/\/cdn.images.express.co.uk\/img\/dynamic\/20\/940x\/secondary\/6890719.jpg?r=1777461185474\" media=\"screen and (min-width:1200px)\"><source type=\"image\/avif\" srcset=\"https:\/\/cdn.images.express.co.uk\/img\/dynamic\/20\/590x\/secondary\/6890719.avif?r=1777461185474\" media=\"screen\"><source type=\"image\/webp\" srcset=\"https:\/\/cdn.images.express.co.uk\/img\/dynamic\/20\/590x\/secondary\/6890719.webp?r=1777461185474\" media=\"screen\"><img decoding=\"async\" src=\"https:\/\/cdn.images.express.co.uk\/img\/dynamic\/20\/590x\/secondary\/6890719.jpg?r=1777461185474\" alt=\"Una mujer joven con c\u00e1rdigan color crema y blusa floral.\" title=\"Una mujer joven con c\u00e1rdigan color crema y blusa floral.\" width=\"590\" height=\"350\" loading=\"lazy\"\/><\/source><\/source><\/source><\/source><\/source><\/source><\/source><\/source><\/source><\/source><\/source><\/picture><\/p>\n<p><span class=\"newsCaption\">La &#39;impresionante&#39; adaptaci\u00f3n de Prime Video de La Casa de los Esp\u00edritus se estren\u00f3 hoy <span class=\"caption\">(Imagen: VIDEO PRINCIPAL)<\/span><\/span><\/div>\n<div class=\"text-description dont-miss\">\n<p><strong>  Leer m\u00e1s:<\/strong>  Los fan\u00e1ticos dicen que el programa &#39;muy pol\u00edticamente incorrecto&#39; ahora en Netflix es &#39;extremadamente genial&#39; <\/p>\n<p><strong>  Leer m\u00e1s:<\/strong>  El drama de \u00e9poca &#39;\u00e9pico&#39; que &#39;cautiv\u00f3&#39; a los fan\u00e1ticos est\u00e1 disponible para transmitir <\/p>\n<\/div>\n<div class=\"text-description\">\n<p>Hoy (mi\u00e9rcoles 29 de abril) se lanzaron tres episodios, y semanalmente llegar\u00e1n nuevos episodios hasta un final convincente el 13 de mayo.<\/p>\n<\/div>\n<div class=\"text-description\">\n<p>Considerada ampliamente como una de las mejores obras literarias del siglo XX, los cr\u00edticos declaran que esta adaptaci\u00f3n de ocho cap\u00edtulos se adapta a la historia considerablemente mejor que la versi\u00f3n cinematogr\u00e1fica de principios de los a\u00f1os 90 protagonizada por Meryl Streep y Antonio Banderas.<\/p>\n<\/div>\n<div class=\"text-description\">\n<p>RogerEbert.com describe la serie como \u00abexuberante y ambiciosa\u00bb e insiste en que \u00abest\u00e1 en l\u00ednea con la obra maestra de Isabel Allende\u00bb.<\/p>\n<\/div>\n<div class=\"text-description\">\n<p>La entusiasta rese\u00f1a contin\u00faa: \u00abContada en espa\u00f1ol y con un elenco de toda Am\u00e9rica Latina y Espa\u00f1a, la serie se siente aut\u00e9ntica, vivida y, s\u00ed, m\u00e1gica desde sus primeros momentos\u00bb. Si bien advierte a los espectadores que la serie presenta algunas secuencias \u00abbrutales\u00bb y no sigue el material original con total fidelidad, es, no obstante, \u00abuna historia profundamente conmovedora y satisfactoria por derecho propio, y un fuerte ejemplo del contenido ambicioso que alguna vez nos prometi\u00f3 la era del streaming\u00bb.<\/p>\n<\/div>\n<div class=\"photo changeSpace\">\n<p class=\"withoutCaption\"><picture><source type=\"image\/avif\" srcset=\"https:\/\/cdn.images.express.co.uk\/img\/dynamic\/20\/1200x712\/secondary\/6890720.avif?r=1777461185481\" media=\"screen and (min-width:10000px)\"><source type=\"image\/webp\" srcset=\"https:\/\/cdn.images.express.co.uk\/img\/dynamic\/20\/1200x712\/secondary\/6890720.webp?r=1777461185481\" media=\"screen and (min-width:10000px)\"><source type=\"image\/jpeg\" srcset=\"https:\/\/cdn.images.express.co.uk\/img\/dynamic\/20\/1200x712\/secondary\/6890720.jpg?r=1777461185481\" media=\"screen and (min-width:10000px)\"><source type=\"image\/avif\" srcset=\"https:\/\/cdn.images.express.co.uk\/img\/dynamic\/20\/674x400\/secondary\/6890720.avif?r=1777461185481\" media=\"screen and (min-width:100000px)\"><source type=\"image\/webp\" srcset=\"https:\/\/cdn.images.express.co.uk\/img\/dynamic\/20\/674x400\/secondary\/6890720.webp?r=1777461185481\" media=\"screen and (min-width:100000px)\"><source type=\"image\/jpeg\" srcset=\"https:\/\/cdn.images.express.co.uk\/img\/dynamic\/20\/674x400\/secondary\/6890720.jpg?r=1777461185481\" media=\"screen and (min-width:100000px)\"><source type=\"image\/avif\" srcset=\"https:\/\/cdn.images.express.co.uk\/img\/dynamic\/20\/940x\/secondary\/6890720.avif?r=1777461185481\" media=\"screen and (min-width:1200px)\"><source type=\"image\/webp\" srcset=\"https:\/\/cdn.images.express.co.uk\/img\/dynamic\/20\/940x\/secondary\/6890720.webp?r=1777461185481\" media=\"screen and (min-width:1200px)\"><source type=\"image\/jpeg\" srcset=\"https:\/\/cdn.images.express.co.uk\/img\/dynamic\/20\/940x\/secondary\/6890720.jpg?r=1777461185481\" media=\"screen and (min-width:1200px)\"><source type=\"image\/avif\" srcset=\"https:\/\/cdn.images.express.co.uk\/img\/dynamic\/20\/590x\/secondary\/6890720.avif?r=1777461185481\" media=\"screen\"><source type=\"image\/webp\" srcset=\"https:\/\/cdn.images.express.co.uk\/img\/dynamic\/20\/590x\/secondary\/6890720.webp?r=1777461185481\" media=\"screen\"><img decoding=\"async\" src=\"https:\/\/cdn.images.express.co.uk\/img\/dynamic\/20\/590x\/secondary\/6890720.jpg?r=1777461185481\" alt=\"Dos mujeres de pelo negro con chaquetas marrones.\" title=\"Dos mujeres de pelo negro con chaquetas marrones.\" width=\"590\" height=\"350\" loading=\"lazy\"\/><\/source><\/source><\/source><\/source><\/source><\/source><\/source><\/source><\/source><\/source><\/source><\/picture><\/p>\n<p><span class=\"newsCaption\">Se ha advertido a los fans que la serie contiene algunas escenas &#39;brutales&#39;. <span class=\"caption\">(Imagen: VIDEO PRINCIPAL)<\/span><\/span><\/div>\n<div class=\"text-description\">\n<p>La rese\u00f1a favorable de Collider se hizo eco del sentimiento de que La Casa de los Esp\u00edritus es un \u00abreloj brutal pero gratificante\u00bb.<\/p>\n<\/div>\n<div class=\"text-description\">\n<p>\u00abEn \u00faltima instancia, esta miniserie est\u00e1 a la altura del legado de la obra maestra de Allende, gracias a un elenco ensamblado por expertos, valores de producci\u00f3n exuberantes y la voluntad de involucrarse con los temas pol\u00edticos y sociales que invitan a la reflexi\u00f3n del material original, con sus defectos y todo\u00bb, dijeron.<\/p>\n<\/div>\n<div class=\"text-description\">\n<p>La cr\u00edtica aplaudi\u00f3 adem\u00e1s la adopci\u00f3n por parte del programa del realismo m\u00e1gico de Allende, al mismo tiempo que alertaba a los espectadores sobre las duras realidades del violento r\u00e9gimen pol\u00edtico de Chile, se\u00f1alando: \u00abCada episodio incluye advertencias de contenido necesarias de antemano, pero incluso aquellos con est\u00f3magos fuertes pueden encontrar ciertos momentos dif\u00edciles de ver.<\/p>\n<\/div>\n<div class=\"text-description\">\n<p>\u00abEstas escenas nunca son explotadoras ni gratuitas; al contrario, la violencia en La Casa de los Esp\u00edritus parece crucial para pintar un retrato completo de la familia y, por extensi\u00f3n, del pa\u00eds mismo.\u00bb<\/p>\n<\/div>\n<div class=\"photo changeSpace\">\n<p class=\"withoutCaption\"><picture><source type=\"image\/avif\" srcset=\"https:\/\/cdn.images.express.co.uk\/img\/dynamic\/20\/1200x712\/secondary\/6890721.avif?r=1777461185486\" media=\"screen and (min-width:10000px)\"><source type=\"image\/webp\" srcset=\"https:\/\/cdn.images.express.co.uk\/img\/dynamic\/20\/1200x712\/secondary\/6890721.webp?r=1777461185486\" media=\"screen and (min-width:10000px)\"><source type=\"image\/jpeg\" srcset=\"https:\/\/cdn.images.express.co.uk\/img\/dynamic\/20\/1200x712\/secondary\/6890721.jpg?r=1777461185486\" media=\"screen and (min-width:10000px)\"><source type=\"image\/avif\" srcset=\"https:\/\/cdn.images.express.co.uk\/img\/dynamic\/20\/674x400\/secondary\/6890721.avif?r=1777461185486\" media=\"screen and (min-width:100000px)\"><source type=\"image\/webp\" srcset=\"https:\/\/cdn.images.express.co.uk\/img\/dynamic\/20\/674x400\/secondary\/6890721.webp?r=1777461185486\" media=\"screen and (min-width:100000px)\"><source type=\"image\/jpeg\" srcset=\"https:\/\/cdn.images.express.co.uk\/img\/dynamic\/20\/674x400\/secondary\/6890721.jpg?r=1777461185486\" media=\"screen and (min-width:100000px)\"><source type=\"image\/avif\" srcset=\"https:\/\/cdn.images.express.co.uk\/img\/dynamic\/20\/940x\/secondary\/6890721.avif?r=1777461185486\" media=\"screen and (min-width:1200px)\"><source type=\"image\/webp\" srcset=\"https:\/\/cdn.images.express.co.uk\/img\/dynamic\/20\/940x\/secondary\/6890721.webp?r=1777461185486\" media=\"screen and (min-width:1200px)\"><source type=\"image\/jpeg\" srcset=\"https:\/\/cdn.images.express.co.uk\/img\/dynamic\/20\/940x\/secondary\/6890721.jpg?r=1777461185486\" media=\"screen and (min-width:1200px)\"><source type=\"image\/avif\" srcset=\"https:\/\/cdn.images.express.co.uk\/img\/dynamic\/20\/590x\/secondary\/6890721.avif?r=1777461185486\" media=\"screen\"><source type=\"image\/webp\" srcset=\"https:\/\/cdn.images.express.co.uk\/img\/dynamic\/20\/590x\/secondary\/6890721.webp?r=1777461185486\" media=\"screen\"><img decoding=\"async\" src=\"https:\/\/cdn.images.express.co.uk\/img\/dynamic\/20\/590x\/secondary\/6890721.jpg?r=1777461185486\" alt=\"Un grupo de mujeres y ni\u00f1as con ropa de \u00e9poca.\" title=\"Un grupo de mujeres y ni\u00f1as con ropa de \u00e9poca.\" width=\"590\" height=\"350\" loading=\"lazy\"\/><\/source><\/source><\/source><\/source><\/source><\/source><\/source><\/source><\/source><\/source><\/source><\/picture><\/p>\n<p><span class=\"newsCaption\">El drama \u00e9pico de \u00e9poca contin\u00faa los mi\u00e9rcoles <span class=\"caption\">(Imagen: VIDEO PRINCIPAL)<\/span><\/span><\/div>\n<div class=\"text-description\">\n<p>Finalmente, Leisurebyte la describe como una \u00absaga exuberante e inquietante\u00bb que es \u00abvisualmente impresionante\u00bb y repleta de actuaciones convincentes del elenco principal. \u00abLos personajes hacen que valga la pena ver cada minuto, los riesgos emocionales siguen siendo convincentes y las actuaciones garantizan que los espectadores apoyen a los personajes para encontrar la luz en todo momento\u00bb, agregaron.<\/p>\n<\/div>\n<div class=\"text-description\">\n<p>\u00abLa Casa de los Esp\u00edritus es verdaderamente un reloj m\u00e1gico y trae la belleza, el encanto y el dolor doloroso de la novela a nuestras pantallas\u00bb.<\/p>\n<\/div>\n<div class=\"text-description\">\n<p>Los fan\u00e1ticos del libro estar\u00e1n encantados de descubrir que una de las mejores novelas de los \u00faltimos 50 a\u00f1os ha sido adaptada con tanta pasi\u00f3n y devoci\u00f3n, mientras que aquellos que a\u00fan no hayan conocido la obra original de Allende quedar\u00e1n completamente cautivados por esta impresionante historia.<\/p>\n<\/div>\n<div class=\"text-description\">\n<p><strong>La Casa de los Esp\u00edritus contin\u00faa los mi\u00e9rcoles en Prime Video. <\/strong><\/p>\n<\/div>\n<\/div>\n\n","protected":false},"excerpt":{"rendered":"<p>La novela &#39;Obra maestra&#39; cobra vida en un nuevo drama de \u00e9poca &#39;m\u00e1gico&#39; (Imagen: VIDEO PRINCIPAL) Una de las mejores novelas del siglo XX se ha transformado en una espectacular miniserie. Prime Video acaba de lanzar su lujosa adaptaci\u00f3n de una querida novela superventas, y los entusiastas de los dramas de \u00e9poca seguramente quedar\u00e1n cautivados. &hellip;<\/p>\n","protected":false},"author":1,"featured_media":64343,"comment_status":"open","ping_status":"open","sticky":false,"template":"","format":"standard","meta":{"fifu_image_url":"https:\/\/cdn.images.express.co.uk\/img\/dynamic\/20\/1200x630\/6890718.jpg","fifu_image_alt":"","footnotes":""},"categories":[1023],"tags":[],"class_list":["post-64341","post","type-post","status-publish","format-standard","has-post-thumbnail","","category-libros"],"_links":{"self":[{"href":"https:\/\/noticiasveraces.com\/index.php?rest_route=\/wp\/v2\/posts\/64341","targetHints":{"allow":["GET"]}}],"collection":[{"href":"https:\/\/noticiasveraces.com\/index.php?rest_route=\/wp\/v2\/posts"}],"about":[{"href":"https:\/\/noticiasveraces.com\/index.php?rest_route=\/wp\/v2\/types\/post"}],"author":[{"embeddable":true,"href":"https:\/\/noticiasveraces.com\/index.php?rest_route=\/wp\/v2\/users\/1"}],"replies":[{"embeddable":true,"href":"https:\/\/noticiasveraces.com\/index.php?rest_route=%2Fwp%2Fv2%2Fcomments&post=64341"}],"version-history":[{"count":0,"href":"https:\/\/noticiasveraces.com\/index.php?rest_route=\/wp\/v2\/posts\/64341\/revisions"}],"wp:featuredmedia":[{"embeddable":true,"href":"https:\/\/noticiasveraces.com\/index.php?rest_route=\/wp\/v2\/media\/64343"}],"wp:attachment":[{"href":"https:\/\/noticiasveraces.com\/index.php?rest_route=%2Fwp%2Fv2%2Fmedia&parent=64341"}],"wp:term":[{"taxonomy":"category","embeddable":true,"href":"https:\/\/noticiasveraces.com\/index.php?rest_route=%2Fwp%2Fv2%2Fcategories&post=64341"},{"taxonomy":"post_tag","embeddable":true,"href":"https:\/\/noticiasveraces.com\/index.php?rest_route=%2Fwp%2Fv2%2Ftags&post=64341"}],"curies":[{"name":"wp","href":"https:\/\/api.w.org\/{rel}","templated":true}]}}