{"id":64323,"date":"2026-04-29T16:08:45","date_gmt":"2026-04-29T20:08:45","guid":{"rendered":"https:\/\/noticiasveraces.com\/?p=64323"},"modified":"2026-04-29T16:08:45","modified_gmt":"2026-04-29T20:08:45","slug":"rusia-hara-su-desfile-del-dia-de-la-victoria-sin-equipo-militar-por-primera-vez-en-casi-dos-decadas","status":"publish","type":"post","link":"https:\/\/noticiasveraces.com\/?p=64323","title":{"rendered":"Rusia har\u00e1 su desfile del D\u00eda de la Victoria sin equipo militar por primera vez en casi dos d\u00e9cadas"},"content":{"rendered":"<p> \n<br \/>Se alega la \u00absituaci\u00f3n operativa actual, pero el portavoz del Kremlin culp\u00f3 a Ucrania y a su \u00abactividad terrorista\u00bb, en una aparente referencia a los ataques con drones de Kiev en el interior de Rusia&nbsp;Leer<img decoding=\"async\" src=\"http:\/\/secure-uk.imrworldwide.com\/cgi-bin\/m?cid=es-widgetueditorial&amp;cg=rss-elmundo&amp;ci=es-widgetueditorial&amp;si=http:\/\/www.elmundo.es\/rss\/internacional.xml\" alt=\"\" \/><br \/>\n<br \/>\n","protected":false},"excerpt":{"rendered":"<p>Se alega la \u00absituaci\u00f3n operativa actual, pero el portavoz del Kremlin culp\u00f3 a Ucrania y a su \u00abactividad terrorista\u00bb, en una aparente referencia a los ataques con drones de Kiev en el interior de Rusia&nbsp;Leer<\/p>\n","protected":false},"author":1,"featured_media":64324,"comment_status":"open","ping_status":"open","sticky":false,"template":"","format":"standard","meta":{"fifu_image_url":"https:\/\/e01-phantom-elmundo.uecdn.es\/48385dfd191835213729f9661274260d\/crop\/44x0\/980x624\/f\/webp\/assets\/multimedia\/imagenes\/2026\/04\/29\/17774846021047.jpg","fifu_image_alt":"","footnotes":""},"categories":[13],"tags":[],"class_list":["post-64323","post","type-post","status-publish","format-standard","has-post-thumbnail","","category-mundo"],"_links":{"self":[{"href":"https:\/\/noticiasveraces.com\/index.php?rest_route=\/wp\/v2\/posts\/64323","targetHints":{"allow":["GET"]}}],"collection":[{"href":"https:\/\/noticiasveraces.com\/index.php?rest_route=\/wp\/v2\/posts"}],"about":[{"href":"https:\/\/noticiasveraces.com\/index.php?rest_route=\/wp\/v2\/types\/post"}],"author":[{"embeddable":true,"href":"https:\/\/noticiasveraces.com\/index.php?rest_route=\/wp\/v2\/users\/1"}],"replies":[{"embeddable":true,"href":"https:\/\/noticiasveraces.com\/index.php?rest_route=%2Fwp%2Fv2%2Fcomments&post=64323"}],"version-history":[{"count":0,"href":"https:\/\/noticiasveraces.com\/index.php?rest_route=\/wp\/v2\/posts\/64323\/revisions"}],"wp:featuredmedia":[{"embeddable":true,"href":"https:\/\/noticiasveraces.com\/index.php?rest_route=\/wp\/v2\/media\/64324"}],"wp:attachment":[{"href":"https:\/\/noticiasveraces.com\/index.php?rest_route=%2Fwp%2Fv2%2Fmedia&parent=64323"}],"wp:term":[{"taxonomy":"category","embeddable":true,"href":"https:\/\/noticiasveraces.com\/index.php?rest_route=%2Fwp%2Fv2%2Fcategories&post=64323"},{"taxonomy":"post_tag","embeddable":true,"href":"https:\/\/noticiasveraces.com\/index.php?rest_route=%2Fwp%2Fv2%2Ftags&post=64323"}],"curies":[{"name":"wp","href":"https:\/\/api.w.org\/{rel}","templated":true}]}}