{"id":64292,"date":"2026-04-29T13:03:11","date_gmt":"2026-04-29T17:03:11","guid":{"rendered":"https:\/\/noticiasveraces.com\/?p=64292"},"modified":"2026-04-29T13:03:11","modified_gmt":"2026-04-29T17:03:11","slug":"como-comprar-entradas-para-el-summertime-ball-de-capital-ahora-para-2026-musica-entretenimiento","status":"publish","type":"post","link":"https:\/\/noticiasveraces.com\/?p=64292","title":{"rendered":"C\u00f3mo comprar entradas para el Summertime Ball de Capital ahora para 2026 | M\u00fasica | Entretenimiento"},"content":{"rendered":"<p> \n<\/p>\n<div>\n<p>Se ha anunciado una vez m\u00e1s el Summertime Ball de Capital con Barclaycard. El festival anual de un d\u00eda de duraci\u00f3n volver\u00e1 a tener lugar este a\u00f1o en el estadio Wembley de Londres. Y el programa, que comenzar\u00e1 el s\u00e1bado 6 de junio de 2026, acaba de confirmar su cartel de artistas, bandas y estrellas por parte de la emisora \u200b\u200bde radio.<\/p>\n<p>El Summertime Ball de Capital con Barclaycard tendr\u00e1 algunos artistas importantes, incluidos RAYE y Calvin Harris. A ellos se unir\u00e1n una serie de artistas incre\u00edbles, incluidos Sienna Spiro, Jason Derulo, Robyn, XG, Niall Horan y m\u00e1s. Hemos mostrado la lista completa de asistentes al final de este art\u00edculo. Y para los fans que est\u00e9n interesados \u200b\u200ben participar, ma\u00f1ana (jueves 30 de abril de 2026) es su d\u00eda. Tenemos todos los detalles requeridos a continuaci\u00f3n.<\/p>\n<\/div>\n<div>\n<p>Hablando sobre esta nueva alineaci\u00f3n y el pr\u00f3ximo evento, Jordan North, Chris Stark y Si\u00e2n Welby de Capital dijeron: \u00abNo hay nada como la temporada de Summertime Ball en Capital Breakfast.<\/p>\n<p>\u00abHemos comenzado con un conjunto fant\u00e1stico de artistas esta ma\u00f1ana y regresaremos ma\u00f1ana con a\u00fan m\u00e1s nombres para nuestros oyentes. \u00a1Estamos ansiosos por compartir el resto de la programaci\u00f3n!\u00bb<\/p>\n<p>James Rea, director de contenidos de Global, a\u00f1adi\u00f3: \u00abEl Summertime Ball de Capital en Wembley es el momento en que comienza el verano. 80.000 personas y los artistas m\u00e1s importantes del mundo, todos en un escenario. Comenzamos con una gran primera ola esta ma\u00f1ana, y a\u00fan hay mucho m\u00e1s por venir. Se perfila como algo muy especial\u00bb.<\/p>\n<\/div>\n\n","protected":false},"excerpt":{"rendered":"<p>Se ha anunciado una vez m\u00e1s el Summertime Ball de Capital con Barclaycard. El festival anual de un d\u00eda de duraci\u00f3n volver\u00e1 a tener lugar este a\u00f1o en el estadio Wembley de Londres. Y el programa, que comenzar\u00e1 el s\u00e1bado 6 de junio de 2026, acaba de confirmar su cartel de artistas, bandas y estrellas &hellip;<\/p>\n","protected":false},"author":1,"featured_media":64293,"comment_status":"open","ping_status":"open","sticky":false,"template":"","format":"standard","meta":{"fifu_image_url":"https:\/\/cdn.images.express.co.uk\/img\/dynamic\/35\/1200x630\/6891381.jpg","fifu_image_alt":"","footnotes":""},"categories":[766],"tags":[],"class_list":["post-64292","post","type-post","status-publish","format-standard","has-post-thumbnail","","category-musica"],"_links":{"self":[{"href":"https:\/\/noticiasveraces.com\/index.php?rest_route=\/wp\/v2\/posts\/64292","targetHints":{"allow":["GET"]}}],"collection":[{"href":"https:\/\/noticiasveraces.com\/index.php?rest_route=\/wp\/v2\/posts"}],"about":[{"href":"https:\/\/noticiasveraces.com\/index.php?rest_route=\/wp\/v2\/types\/post"}],"author":[{"embeddable":true,"href":"https:\/\/noticiasveraces.com\/index.php?rest_route=\/wp\/v2\/users\/1"}],"replies":[{"embeddable":true,"href":"https:\/\/noticiasveraces.com\/index.php?rest_route=%2Fwp%2Fv2%2Fcomments&post=64292"}],"version-history":[{"count":0,"href":"https:\/\/noticiasveraces.com\/index.php?rest_route=\/wp\/v2\/posts\/64292\/revisions"}],"wp:featuredmedia":[{"embeddable":true,"href":"https:\/\/noticiasveraces.com\/index.php?rest_route=\/wp\/v2\/media\/64293"}],"wp:attachment":[{"href":"https:\/\/noticiasveraces.com\/index.php?rest_route=%2Fwp%2Fv2%2Fmedia&parent=64292"}],"wp:term":[{"taxonomy":"category","embeddable":true,"href":"https:\/\/noticiasveraces.com\/index.php?rest_route=%2Fwp%2Fv2%2Fcategories&post=64292"},{"taxonomy":"post_tag","embeddable":true,"href":"https:\/\/noticiasveraces.com\/index.php?rest_route=%2Fwp%2Fv2%2Ftags&post=64292"}],"curies":[{"name":"wp","href":"https:\/\/api.w.org\/{rel}","templated":true}]}}