{"id":64273,"date":"2026-04-29T10:02:45","date_gmt":"2026-04-29T14:02:45","guid":{"rendered":"https:\/\/noticiasveraces.com\/?p=64273"},"modified":"2026-04-29T10:02:45","modified_gmt":"2026-04-29T14:02:45","slug":"luto-en-las-vias-20-venezolanos-murieron-en-accidentes-de-transito-en-apenas-una-semana","status":"publish","type":"post","link":"https:\/\/noticiasveraces.com\/?p=64273","title":{"rendered":"Luto en las v\u00edas: 20 venezolanos murieron en accidentes de tr\u00e1nsito en apenas una semana"},"content":{"rendered":"<p> \n<\/p>\n<div>\n<p>Venezuela registr\u00f3 una semana tr\u00e1gica en sus principales arterias viales con un saldo de\u00a020 fallecidos\u00a0en dos accidentes de tr\u00e1nsito. El siniestro m\u00e1s reciente ocurri\u00f3 en la v\u00eda Barinas\u2013M\u00e9rida, dejando 12 v\u00edctimas mortales; apenas ocho d\u00edas despu\u00e9s de que otra colisi\u00f3n en la carretera Barquisimeto\u2013Carora cobrara la vida de ocho personas.<\/p>\n<p>La madrugada del 18 de abril, un veh\u00edculo Foton 17-21 que transportaba hortalizas con 11 tripulantes a bordo, choc\u00f3 de frente contra un F-350 cargado de carb\u00f3n vegetal. <strong>Ocho personas fallecieron.<\/strong><\/p>\n<p>Las llamas, alimentadas por el cargamento de carb\u00f3n, consumieron ambos veh\u00edculos en cuesti\u00f3n de minutos. Entre las v\u00edctimas fatales figura el conductor de la unidad de carga, quien pereci\u00f3 calcinado dentro de la cabina sin posibilidad de escape.<\/p>\n<figure class=\"wp-block-embed is-type-rich is-provider-twitter wp-block-embed-twitter\">\n<div class=\"wp-block-embed__wrapper\">\n<blockquote class=\"twitter-tweet\" data-width=\"500\" data-dnt=\"true\">\n<p lang=\"es\" dir=\"ltr\"><a href=\"https:\/\/twitter.com\/hashtag\/SUCESOS?src=hash&amp;ref_src=twsrc%5Etfw\">#SUCESOS<\/a> | \ud83d\udccc Un fatal accidente se registr\u00f3 en la madrugada de este s\u00e1bado en la carretera Centro Occidental Lara~Zulia, ocasionando siete fallecidos.<\/p>\n<p>El choque frontal de una unidad de carga tipo NPR que transportaba carb\u00f3n y un Cami\u00f3n Ford 350, provoc\u00f3 una explosi\u00f3n que\u2026 <a href=\"https:\/\/t.co\/VQk96Xa8di\">pic.twitter.com\/VQk96Xa8di<\/a><\/p>\n<p>\u2014 Por la calle del Medio (@plcdelmedionews) <a href=\"https:\/\/twitter.com\/plcdelmedionews\/status\/2045610701155185120?ref_src=twsrc%5Etfw\">18 de abril de 2026<\/a><\/p><\/blockquote><\/div>\n<\/figure>\n<p>El diario La Naci\u00f3n rese\u00f1\u00f3 que siete de los ocho muertos eran oriundos del T\u00e1chira. De ellos, seis de La Grita, municipio J\u00e1uregui. <\/p>\n<p>La magnitud del siniestro moviliz\u00f3 primero a los conductores particulares que circulaban por la zona y actuaron de inmediato para rescatar a los sobrevivientes de entre los restos humeantes. Gracias a su r\u00e1pida intervenci\u00f3n, trasladaron a tres de los heridos al hospital de Qu\u00edbor y a los otros dos hacia el centro asistencial de Carora.<\/p>\n<p>El material combustible complic\u00f3 las labores de los bomberos, quienes lucharon durante un tiempo prolongado para sofocar el incendio persistente.<\/p>\n<p>Las versiones sobre la causa del accidente apuntan a que uno de los conductores se habr\u00eda quedado dormido, generando la colisi\u00f3n frontal que caus\u00f3 la cifra lamentable.<\/p>\n<h2 class=\"wp-block-heading\" id=\"h-segunda-tragedia\">Segunda tragedia<\/h2>\n<p>Ocho d\u00edas despu\u00e9s, un autob\u00fas de la l\u00ednea Uni\u00f3n T\u00e1chira, que cubr\u00eda la ruta Barinas-M\u00e9rida, cay\u00f3 por un abismo de al menos 1.000 metros, en el sector La Campana del municipio Cardenal Quintero de M\u00e9rida. 12 personas fallecieron.<\/p>\n<p>Las operaciones de salvamento se prolongaron por 45 horas consecutivas por la geograf\u00eda accidentada del sector y las condiciones clim\u00e1ticas.<\/p>\n<figure class=\"wp-block-embed is-type-rich is-provider-twitter wp-block-embed-twitter\">\n<div class=\"wp-block-embed__wrapper\">\n<blockquote class=\"twitter-tweet\" data-width=\"500\" data-dnt=\"true\">\n<p lang=\"es\" dir=\"ltr\">\u00abM\u00e9rida y Barinas\u00bb es tendencia porque ascendi\u00f3 a 10 el n\u00famero de fallecidos en el tr\u00e1gico accidente del autob\u00fas que cay\u00f3 al vac\u00edo en la carretera nacional que conecta ambos estados. <a href=\"https:\/\/t.co\/vHVRrs9lAO\">pic.twitter.com\/vHVRrs9lAO<\/a><\/p>\n<p>\u2014 \u00bfPor qu\u00e9 es tendencia? (@estendenciavzl) <a href=\"https:\/\/twitter.com\/estendenciavzl\/status\/2049217695158005894?ref_src=twsrc%5Etfw\">28 de abril de 2026<\/a><\/p><\/blockquote><\/div>\n<\/figure>\n<p>Las autoridades identificaron a los fallecidos como: Germ\u00e1n Ramos Altuve, Yosman Alexander Toro Araque, Rafael Jos\u00e9 Saavedra V\u00e1squez, Yasmin Coromoto D\u00edaz, Kleiver Contreras, Edilia Rinc\u00f3n Molina, Rosa Bencomo, C\u00e9sar Urbano Rangel, Giorian Jes\u00fas Rojas, Pedro Valongo Jim\u00e9nez, Liz Cuellar y Gerardo Toro Guill\u00e9n.<\/p>\n<p>Los restos fueron trasladados al Senamecf en el Hospital I de Santo Domingo para los protocolos de ley antes de ser entregados a sus familiares.<\/p>\n<p>Los sobrevivientes, que recibieron atenci\u00f3n m\u00e9dica inmediata, son Orlando Jos\u00e9 Paredes, Yasmira Coromoto Garc\u00eda Perozo y Luis Beltr\u00e1n Pe\u00f1a D\u00e1vila.<\/p>\n<p>Las autoridades contin\u00faan realizando las investigaciones para determinar las causas del accidente.<\/p>\n<\/div>\n<p><script async src=\"https:\/\/platform.twitter.com\/widgets.js\" charset=\"utf-8\"><\/script><br \/>\n<br \/>\n","protected":false},"excerpt":{"rendered":"<p>Venezuela registr\u00f3 una semana tr\u00e1gica en sus principales arterias viales con un saldo de\u00a020 fallecidos\u00a0en dos accidentes de tr\u00e1nsito. El siniestro m\u00e1s reciente ocurri\u00f3 en la v\u00eda Barinas\u2013M\u00e9rida, dejando 12 v\u00edctimas mortales; apenas ocho d\u00edas despu\u00e9s de que otra colisi\u00f3n en la carretera Barquisimeto\u2013Carora cobrara la vida de ocho personas. La madrugada del 18 de &hellip;<\/p>\n","protected":false},"author":1,"featured_media":64274,"comment_status":"open","ping_status":"open","sticky":false,"template":"","format":"standard","meta":{"fifu_image_url":"https:\/\/elnacional-uploads.nyc3.digitaloceanspaces.com\/wp-content\/uploads\/2026\/04\/29100037\/accidentes-20-muertos.jpg","fifu_image_alt":"","footnotes":""},"categories":[13],"tags":[],"class_list":["post-64273","post","type-post","status-publish","format-standard","has-post-thumbnail","","category-mundo"],"_links":{"self":[{"href":"https:\/\/noticiasveraces.com\/index.php?rest_route=\/wp\/v2\/posts\/64273","targetHints":{"allow":["GET"]}}],"collection":[{"href":"https:\/\/noticiasveraces.com\/index.php?rest_route=\/wp\/v2\/posts"}],"about":[{"href":"https:\/\/noticiasveraces.com\/index.php?rest_route=\/wp\/v2\/types\/post"}],"author":[{"embeddable":true,"href":"https:\/\/noticiasveraces.com\/index.php?rest_route=\/wp\/v2\/users\/1"}],"replies":[{"embeddable":true,"href":"https:\/\/noticiasveraces.com\/index.php?rest_route=%2Fwp%2Fv2%2Fcomments&post=64273"}],"version-history":[{"count":0,"href":"https:\/\/noticiasveraces.com\/index.php?rest_route=\/wp\/v2\/posts\/64273\/revisions"}],"wp:featuredmedia":[{"embeddable":true,"href":"https:\/\/noticiasveraces.com\/index.php?rest_route=\/wp\/v2\/media\/64274"}],"wp:attachment":[{"href":"https:\/\/noticiasveraces.com\/index.php?rest_route=%2Fwp%2Fv2%2Fmedia&parent=64273"}],"wp:term":[{"taxonomy":"category","embeddable":true,"href":"https:\/\/noticiasveraces.com\/index.php?rest_route=%2Fwp%2Fv2%2Fcategories&post=64273"},{"taxonomy":"post_tag","embeddable":true,"href":"https:\/\/noticiasveraces.com\/index.php?rest_route=%2Fwp%2Fv2%2Ftags&post=64273"}],"curies":[{"name":"wp","href":"https:\/\/api.w.org\/{rel}","templated":true}]}}