{"id":64261,"date":"2026-04-29T08:53:48","date_gmt":"2026-04-29T12:53:48","guid":{"rendered":"https:\/\/noticiasveraces.com\/?p=64261"},"modified":"2026-04-29T08:53:48","modified_gmt":"2026-04-29T12:53:48","slug":"tarjeta-roja-para-los-jugadores-que-se-cubran-la-boca-durante-el-mundial","status":"publish","type":"post","link":"https:\/\/noticiasveraces.com\/?p=64261","title":{"rendered":"Tarjeta roja para los jugadores que se cubran la boca durante el Mundial"},"content":{"rendered":"<p> \n<\/p>\n<div id=\"intext\">\n<p>La International Football Association Board (IFAB) ha aprobado por unanimidad sancionar con tarjeta roja a los jugadores que se tapen la boca con el objetivo \u00abde ocultar una conducta discriminatoria\u00bb durante un enfrentamiento con un rival.<\/p>\n<p>La nueva norma, anunciada en una sesi\u00f3n celebrada en Vancouver (Canad\u00e1), entrar\u00e1 en vigor en el Mundial de 2026 que se disputa este verano en Estados Unidos, Canad\u00e1 y M\u00e9xico.<\/p>\n<p>La medida surge a ra\u00edz de incidentes recientes como el protagonizado por <b>Gianluca Prestianni con Vin\u00edcius J\u00fanior<\/b> y forma parte de un paquete de cambios propuestos por la FIFA para combatir comportamientos discriminatorios.<\/p>\n<h2 class=\"title-h2\">\u00bfExpulsi\u00f3n por abandonar el campo?<\/h2>\n<p>Adem\u00e1s, la IFAB aprob\u00f3 otra modificaci\u00f3n relevante: tambi\u00e9n ser\u00e1 sancionado con tarjeta roja cualquier jugador que abandone el terreno de juego en se\u00f1al de protesta por una decisi\u00f3n arbitral, as\u00ed como los miembros del cuerpo t\u00e9cnico que inciten a hacerlo.<\/p>\n<p>En estos casos, si la protesta provoca la suspensi\u00f3n del partido, el equipo infractor ser\u00e1 declarado perdedor.<\/p>\n<p>Esta segunda norma tiene su origen en lo ocurrido en la final de la \u00faltima Copa \u00c1frica, cuando <b>Senegal abandon\u00f3 el campo tras un penalti se\u00f1alado a favor de Marruecos<\/b> en los \u00faltimos minutos.<\/p>\n<p>Ambas medidas buscan reforzar el control disciplinario y se aplicar\u00e1n a partir del pr\u00f3ximo Mundial.<\/p>\n<p><i>S\u00edguenos en nuestro <\/i><i><strong>canal de WhatsApp<\/strong><\/i><i>  y no te pierdas la \u00faltima hora y toda la actualidad en nuestro <\/i><b><i>perfil de Google<\/i>.<\/b><\/p>\n<div class=\"recirculation-video\" data-mod=\"a3mod_recirculation_video\">\n<div class=\"recirculation-video-wrapper\">\n<div>\n<div class=\"video-wrapper\"><picture class=\"video-main-picture\"><source media=\"(min-width: 481px)\" srcset=\"https:\/\/fotografias.antena3.com\/clipping\/cmsimages01\/2026\/04\/28\/3B0DEDCB-00A5-4D60-9CC4-4E59CCA68544\/rafa-jodar-celebra-punto-kopriva_94.jpg?crop=1866,1050,x0,y0&amp;width=800&amp;height=450&amp;optimize=medium&amp;format=webply\" width=\"800\" height=\"450\"><source media=\"(min-width: 391px) and (max-width: 480px)\" srcset=\"https:\/\/fotografias.antena3.com\/clipping\/cmsimages01\/2026\/04\/28\/3B0DEDCB-00A5-4D60-9CC4-4E59CCA68544\/rafa-jodar-celebra-punto-kopriva_70.jpg?crop=1866,1050,x0,y0&amp;width=480&amp;height=270&amp;optimize=high&amp;format=webply\" width=\"480\" height=\"270\"><source media=\"(min-width: 321px) and (max-width: 390px)\" srcset=\"https:\/\/fotografias.antena3.com\/clipping\/cmsimages01\/2026\/04\/28\/3B0DEDCB-00A5-4D60-9CC4-4E59CCA68544\/rafa-jodar-celebra-punto-kopriva_92.jpg?crop=1866,1048,x0,y0&amp;width=390&amp;height=219&amp;optimize=high&amp;format=webply\" width=\"390\" height=\"219\"><source media=\"(max-width: 320px)\" srcset=\"https:\/\/fotografias.antena3.com\/clipping\/cmsimages01\/2026\/04\/28\/3B0DEDCB-00A5-4D60-9CC4-4E59CCA68544\/rafa-jodar-celebra-punto-kopriva_52.jpg?crop=1866,1050,x0,y0&amp;width=320&amp;height=180&amp;optimize=high&amp;format=webply\" width=\"320\" height=\"180\"><img decoding=\"async\" title=\"Rafa J\u00f3dar celebra un punto ante Kopriva\" alt=\"Rafa J\u00f3dar celebra un punto ante Kopriva\" width=\"480\" height=\"270\" src=\"https:\/\/fotografias.antena3.com\/clipping\/cmsimages01\/2026\/04\/28\/3B0DEDCB-00A5-4D60-9CC4-4E59CCA68544\/rafa-jodar-celebra-punto-kopriva_70.jpg?crop=1866,1050,x0,y0&amp;width=480&amp;height=270&amp;optimize=high&amp;format=webply\" loading=\"lazy\" class=\"lazy\"\/><\/source><\/source><\/source><\/source><\/picture><\/div>\n<\/div>\n<\/div>\n<\/div>\n<\/div>\n\n","protected":false},"excerpt":{"rendered":"<p>La International Football Association Board (IFAB) ha aprobado por unanimidad sancionar con tarjeta roja a los jugadores que se tapen la boca con el objetivo \u00abde ocultar una conducta discriminatoria\u00bb durante un enfrentamiento con un rival. La nueva norma, anunciada en una sesi\u00f3n celebrada en Vancouver (Canad\u00e1), entrar\u00e1 en vigor en el Mundial de 2026 &hellip;<\/p>\n","protected":false},"author":1,"featured_media":64263,"comment_status":"open","ping_status":"open","sticky":false,"template":"","format":"standard","meta":{"fifu_image_url":"https:\/\/fotografias.antena3.com\/clipping\/cmsimages01\/2026\/02\/23\/0924D154-0CD4-490B-BD64-1D550E8FF239\/vinicius-gianluca-prestianni-duelo-ida-lisboa_69.jpg?crop=1920,1080,x0,y0&width=1280&height=720&optimize=low&format=jpg","fifu_image_alt":"","footnotes":""},"categories":[6],"tags":[],"class_list":["post-64261","post","type-post","status-publish","format-standard","has-post-thumbnail","","category-deportes"],"_links":{"self":[{"href":"https:\/\/noticiasveraces.com\/index.php?rest_route=\/wp\/v2\/posts\/64261","targetHints":{"allow":["GET"]}}],"collection":[{"href":"https:\/\/noticiasveraces.com\/index.php?rest_route=\/wp\/v2\/posts"}],"about":[{"href":"https:\/\/noticiasveraces.com\/index.php?rest_route=\/wp\/v2\/types\/post"}],"author":[{"embeddable":true,"href":"https:\/\/noticiasveraces.com\/index.php?rest_route=\/wp\/v2\/users\/1"}],"replies":[{"embeddable":true,"href":"https:\/\/noticiasveraces.com\/index.php?rest_route=%2Fwp%2Fv2%2Fcomments&post=64261"}],"version-history":[{"count":0,"href":"https:\/\/noticiasveraces.com\/index.php?rest_route=\/wp\/v2\/posts\/64261\/revisions"}],"wp:featuredmedia":[{"embeddable":true,"href":"https:\/\/noticiasveraces.com\/index.php?rest_route=\/wp\/v2\/media\/64263"}],"wp:attachment":[{"href":"https:\/\/noticiasveraces.com\/index.php?rest_route=%2Fwp%2Fv2%2Fmedia&parent=64261"}],"wp:term":[{"taxonomy":"category","embeddable":true,"href":"https:\/\/noticiasveraces.com\/index.php?rest_route=%2Fwp%2Fv2%2Fcategories&post=64261"},{"taxonomy":"post_tag","embeddable":true,"href":"https:\/\/noticiasveraces.com\/index.php?rest_route=%2Fwp%2Fv2%2Ftags&post=64261"}],"curies":[{"name":"wp","href":"https:\/\/api.w.org\/{rel}","templated":true}]}}