{"id":64250,"date":"2026-04-29T06:59:41","date_gmt":"2026-04-29T10:59:41","guid":{"rendered":"https:\/\/noticiasveraces.com\/?p=64250"},"modified":"2026-04-29T06:59:41","modified_gmt":"2026-04-29T10:59:41","slug":"ministerio-de-educacion-da-a-conocer-los-lineamientos-para-el-cierre-del-ano-escolar","status":"publish","type":"post","link":"https:\/\/noticiasveraces.com\/?p=64250","title":{"rendered":"Ministerio de Educaci\u00f3n da a conocer los lineamientos para el cierre del a\u00f1o escolar"},"content":{"rendered":"<p> \n<\/p>\n<div>\n<p>\n\t\t\t<span rel=\"author\" class=\"fn\">con una pala<\/span>\n\t\t<\/p>\n<p>\t\t<time class=\"entry-date published updated\" datetime=\"2026-04-29T06:52:54-04:00\">abril 29 2026, 6:52 am<\/time><\/p>\n<p><img fetchpriority=\"high\" decoding=\"async\" onerror=\"this.onerror=null;this.src=\" https:=\"\" class=\"alignnone size-full wp-image-5930494\" src=\"https:\/\/sandia.datanubex.uk\/wp-content\/uploads\/2026\/04\/Screenshot_83-1.jpg\" alt=\"\" width=\"852\" height=\"657\"\/><\/p>\n<p>El sistema educativo venezolano formaliza el inicio del <b>tercer y \u00faltimo momento pedag\u00f3gico<\/b>.<\/p>\n<p>Tras una videoconferencia liderada por el ministro de Educaci\u00f3n, <b>H\u00e9ctor Rodr\u00edguez<\/b>se han establecido las prioridades para el cierre del a\u00f1o escolar, enfoc\u00e1ndose no solo en lo acad\u00e9mico, sino tambi\u00e9n en la infraestructura y la participaci\u00f3n comunitaria.<\/p>\n<p><!-- Begin Mailchimp Signup Form --><\/p>\n<div id=\"mc_embed_signup\">\n<p><label for=\"mce-EMAIL\">            \u00a1\u00danete al club ahora! Suscr\u00edbete al bolet\u00edn m\u00e1s importante de Venezuela          <\/label><iframe data-test-id=\"beehiiv-embed\" height=\"52\" frameborder=\"0\" scrolling=\"no\" style=\"margin: 0; border-radius: 0px !important; &#10;&#9;&#9;background-color: transparent;\" data-src=\"https:\/\/embeds.beehiiv.com\/cdab9503-16ae-4689-ad4f-1408c727a83a?slim=true\" class=\"lazyload\"><\/iframe><\/p>\n<\/div>\n<p><!--End mc_embed_signup 2--><\/p>\n<p>La instrucci\u00f3n principal para los directores estadales y de instituciones es el despliegue territorial:<\/p>\n<p><b>Objetivo 100%:<\/b> Se busca identificar y reincorporar a ni\u00f1os y j\u00f3venes que se encuentren fuera del sistema educativo.<\/p>\n<p><b>Asistencia Diaria:<\/b> El ministerio enfatiz\u00f3 que el \u00e9xito del lapso depende de garantizar que los estudiantes acudan a las aulas todos los d\u00edas, fortaleciendo la coordinaci\u00f3n con los consejos comunales.<\/p>\n<h2><b>Olimpiadas Cient\u00edficas y Formaci\u00f3n Patri\u00f3tica<\/b><\/h2>\n<p>El cierre de ciclo tendr\u00e1 una\u00a0carga t\u00e9cnica y de identidad nacional:<\/p>\n<p><b>Fases Finales:<\/b> Estudiantes de todo el pa\u00eds avanzan a la etapa culminante de cuatro olimpiadas simult\u00e1neas: <b>Ciencias, Qu\u00edmica, Hidrocarburos y Escuelas T\u00e9cnicas<\/b>.<\/p>\n<p><b>Sociedades Patri\u00f3ticas:<\/b> Se report\u00f3 la consolidaci\u00f3n de <b>137.408 estudiantes<\/b> (desde primaria hasta media general) integrados en estos grupos de estudio.<\/p>\n<p><b>Cultura:<\/b> Las instituciones se preparan para la <b>Feria del Libro<\/b>que este a\u00f1o rendir\u00e1 homenaje a Sim\u00f3n Bol\u00edvar bajo el lema \u00abDe hijo a padre de la Patria\u00bb.<\/p>\n<h2><b>Alerta por Lluvias e Infraestructura<\/b><\/h2>\n<p>Ante el inicio de la temporada de lluvias, el ministerio ha activado un plan de contingencia.<\/p>\n<p>Hasta el momento se reportan <b>17 planteles con da\u00f1os<\/b> debido a las precipitaciones recientes.<\/p>\n<p>Existe una coordinaci\u00f3n directa con el <b>Ministerio de Obras P\u00fablicas<\/b> para atender estas afectaciones de inmediato y garantizar que los espacios sigan siendo seguros para el aprendizaje.<\/p>\n<p><img loading=\"lazy\" decoding=\"async\" onerror=\"this.onerror=null;this.src=\" https:=\"\" class=\"alignnone size-full wp-image-5930493 lazyload\" alt=\"\" width=\"864\" height=\"537\" src=\"https:\/\/sandia.datanubex.uk\/wp-content\/uploads\/2026\/04\/Screenshot_82-1.jpg\" data-eio-rwidth=\"864\" data-eio-rheight=\"537\"\/><img loading=\"lazy\" decoding=\"async\" onerror=\"this.onerror=null;this.src=\" https:=\"\" class=\"alignnone size-full wp-image-5930493\" src=\"https:\/\/sandia.datanubex.uk\/wp-content\/uploads\/2026\/04\/Screenshot_82-1.jpg\" alt=\"\" width=\"864\" height=\"537\" data-eio=\"l\"\/><\/p>\n<p>Con informaci\u00f3n del diario <strong>2001en l\u00ednea.com<\/strong><\/p>\n<p><!-- CONTENT END 2 -->\n\t<\/div>\n\n","protected":false},"excerpt":{"rendered":"<p>con una pala abril 29 2026, 6:52 am El sistema educativo venezolano formaliza el inicio del tercer y \u00faltimo momento pedag\u00f3gico. Tras una videoconferencia liderada por el ministro de Educaci\u00f3n, H\u00e9ctor Rodr\u00edguezse han establecido las prioridades para el cierre del a\u00f1o escolar, enfoc\u00e1ndose no solo en lo acad\u00e9mico, sino tambi\u00e9n en la infraestructura y la &hellip;<\/p>\n","protected":false},"author":1,"featured_media":64252,"comment_status":"open","ping_status":"open","sticky":false,"template":"","format":"standard","meta":{"fifu_image_url":"https:\/\/sandia.datanubex.uk\/wp-content\/uploads\/2026\/04\/Screenshot_83-1.jpg","fifu_image_alt":"","footnotes":""},"categories":[13],"tags":[],"class_list":["post-64250","post","type-post","status-publish","format-standard","has-post-thumbnail","","category-mundo"],"_links":{"self":[{"href":"https:\/\/noticiasveraces.com\/index.php?rest_route=\/wp\/v2\/posts\/64250","targetHints":{"allow":["GET"]}}],"collection":[{"href":"https:\/\/noticiasveraces.com\/index.php?rest_route=\/wp\/v2\/posts"}],"about":[{"href":"https:\/\/noticiasveraces.com\/index.php?rest_route=\/wp\/v2\/types\/post"}],"author":[{"embeddable":true,"href":"https:\/\/noticiasveraces.com\/index.php?rest_route=\/wp\/v2\/users\/1"}],"replies":[{"embeddable":true,"href":"https:\/\/noticiasveraces.com\/index.php?rest_route=%2Fwp%2Fv2%2Fcomments&post=64250"}],"version-history":[{"count":0,"href":"https:\/\/noticiasveraces.com\/index.php?rest_route=\/wp\/v2\/posts\/64250\/revisions"}],"wp:featuredmedia":[{"embeddable":true,"href":"https:\/\/noticiasveraces.com\/index.php?rest_route=\/wp\/v2\/media\/64252"}],"wp:attachment":[{"href":"https:\/\/noticiasveraces.com\/index.php?rest_route=%2Fwp%2Fv2%2Fmedia&parent=64250"}],"wp:term":[{"taxonomy":"category","embeddable":true,"href":"https:\/\/noticiasveraces.com\/index.php?rest_route=%2Fwp%2Fv2%2Fcategories&post=64250"},{"taxonomy":"post_tag","embeddable":true,"href":"https:\/\/noticiasveraces.com\/index.php?rest_route=%2Fwp%2Fv2%2Ftags&post=64250"}],"curies":[{"name":"wp","href":"https:\/\/api.w.org\/{rel}","templated":true}]}}