{"id":64232,"date":"2026-04-29T04:57:44","date_gmt":"2026-04-29T08:57:44","guid":{"rendered":"https:\/\/noticiasveraces.com\/?p=64232"},"modified":"2026-04-29T04:57:44","modified_gmt":"2026-04-29T08:57:44","slug":"sri-lanka-e-indonesia-consideran-conceder-exencion-de-visa-a-los-titulares-de-pasaportes-diplomaticos-y-oficiales","status":"publish","type":"post","link":"https:\/\/noticiasveraces.com\/?p=64232","title":{"rendered":"Sri Lanka e Indonesia consideran conceder exenci\u00f3n de visa a los titulares de pasaportes diplom\u00e1ticos y oficiales"},"content":{"rendered":"<p> \n<\/p>\n<div>\n<p>Sri Lanka e Indonesia han mantenido conversaciones para conceder exenci\u00f3n de visa a los titulares de pasaportes diplom\u00e1ticos y oficiales de ambos pa\u00edses. <\/p>\n<p>La propuesta fue debatida durante una visita del Viceministro de Asuntos Exteriores de Indonesia, Muhammad Anis Matta, quien realiz\u00f3 una visita oficial a Sri Lanka, por invitaci\u00f3n del Viceministro de Asuntos Exteriores y Empleo Exterior, Arun Hemachandra.<\/p>\n<p>Durante la visita, el Viceministro Matta sostuvo conversaciones bilaterales con el Viceministro Hemachandra. <\/p>\n<p>Al dar la bienvenida al viceministro indonesio, el viceministro Hemachandra coment\u00f3 sobre la larga amistad entre los dos pa\u00edses y reiter\u00f3 el compromiso de Sri Lanka de seguir fortaleciendo las relaciones bilaterales, dijo el Ministerio de Asuntos Exteriores en un comunicado.<\/p>\n<p>El Viceministro Matta se\u00f1al\u00f3 la importancia de mejorar el compromiso econ\u00f3mico, particularmente identificando formas y medios de aumentar el volumen comercial existente a un nivel superior. <\/p>\n<p>Las dos partes coincidieron en la importancia de celebrar consultas pol\u00edticas bilaterales en una fecha pr\u00f3xima e intercambiar visitas de alto nivel para fomentar un compromiso m\u00e1s estrecho, con miras a elevar las relaciones bilaterales al nivel de una asociaci\u00f3n estrat\u00e9gica en los pr\u00f3ximos a\u00f1os, dijo el Ministerio de Relaciones Exteriores.<\/p>\n<p>Las dos partes tambi\u00e9n discutieron iniciativas centradas en promover una mayor conectividad entre pueblos, colaboraci\u00f3n mar\u00edtima e intercambios culturales entre los dos pa\u00edses en el contexto m\u00e1s amplio de desbloquear el potencial sin explotar. El Viceministro Matta tambi\u00e9n realiz\u00f3 una visita de cortes\u00eda a la Ministra de Asuntos Exteriores, Empleo Exterior y Turismo, Vijitha Herath, en el Ministerio de Asuntos Exteriores.<\/p>\n<p>En la reuni\u00f3n, ambas partes se\u00f1alaron que un Memorando de Entendimiento (MoU) sobre Consultas Pol\u00edticas Bilaterales y un Acuerdo sobre Exenci\u00f3n de Visa para titulares de Pasaportes Diplom\u00e1ticos y Oficiales entre los dos pa\u00edses hab\u00edan llegado a las etapas finales de los procesos relevantes.<\/p>\n<p>Expresaron su esperanza de que ambos acuerdos puedan concluirse en un futuro pr\u00f3ximo y que las Consultas Pol\u00edticas Bilaterales y la reuni\u00f3n de la Comisi\u00f3n Conjunta puedan celebrarse en una fecha pr\u00f3xima. Las dos partes tambi\u00e9n intercambiaron puntos de vista sobre los acontecimientos regionales y globales de inter\u00e9s mutuo y reiteraron su compromiso compartido de defender la paz, la estabilidad y el desarrollo sostenible en la regi\u00f3n.<\/p>\n<p>En vista del pr\u00f3ximo 75\u00ba aniversario de las relaciones diplom\u00e1ticas entre Sri Lanka e Indonesia en 2027, ambas partes coincidieron en la importancia de intercambiar visitas de alto nivel, seg\u00fan el comunicado.<\/p>\n<p>Durante su visita, el Viceministro Matta tambi\u00e9n se reuni\u00f3 con el Ministro de Buddhasasana, Asuntos Religiosos y Culturales, Dr. Hiniduma Sunil Senevi.<\/p>\n<p>Tambi\u00e9n estuvieron asociados a las reuniones el Embajador de Indonesia en Sri Lanka, altos funcionarios del Ministerio de Relaciones Exteriores de Indonesia y altos funcionarios del Ministerio de Relaciones Exteriores, Empleo Exterior y Turismo de Sri Lanka.<\/p>\n<\/p><\/div>\n\n","protected":false},"excerpt":{"rendered":"<p>Sri Lanka e Indonesia han mantenido conversaciones para conceder exenci\u00f3n de visa a los titulares de pasaportes diplom\u00e1ticos y oficiales de ambos pa\u00edses. La propuesta fue debatida durante una visita del Viceministro de Asuntos Exteriores de Indonesia, Muhammad Anis Matta, quien realiz\u00f3 una visita oficial a Sri Lanka, por invitaci\u00f3n del Viceministro de Asuntos Exteriores &hellip;<\/p>\n","protected":false},"author":1,"featured_media":64233,"comment_status":"open","ping_status":"open","sticky":false,"template":"","format":"standard","meta":{"fifu_image_url":"https:\/\/adaderanaenglish.s3.amazonaws.com\/1777451035-indo-6.jpg","fifu_image_alt":"","footnotes":""},"categories":[13],"tags":[],"class_list":["post-64232","post","type-post","status-publish","format-standard","has-post-thumbnail","","category-mundo"],"_links":{"self":[{"href":"https:\/\/noticiasveraces.com\/index.php?rest_route=\/wp\/v2\/posts\/64232","targetHints":{"allow":["GET"]}}],"collection":[{"href":"https:\/\/noticiasveraces.com\/index.php?rest_route=\/wp\/v2\/posts"}],"about":[{"href":"https:\/\/noticiasveraces.com\/index.php?rest_route=\/wp\/v2\/types\/post"}],"author":[{"embeddable":true,"href":"https:\/\/noticiasveraces.com\/index.php?rest_route=\/wp\/v2\/users\/1"}],"replies":[{"embeddable":true,"href":"https:\/\/noticiasveraces.com\/index.php?rest_route=%2Fwp%2Fv2%2Fcomments&post=64232"}],"version-history":[{"count":0,"href":"https:\/\/noticiasveraces.com\/index.php?rest_route=\/wp\/v2\/posts\/64232\/revisions"}],"wp:featuredmedia":[{"embeddable":true,"href":"https:\/\/noticiasveraces.com\/index.php?rest_route=\/wp\/v2\/media\/64233"}],"wp:attachment":[{"href":"https:\/\/noticiasveraces.com\/index.php?rest_route=%2Fwp%2Fv2%2Fmedia&parent=64232"}],"wp:term":[{"taxonomy":"category","embeddable":true,"href":"https:\/\/noticiasveraces.com\/index.php?rest_route=%2Fwp%2Fv2%2Fcategories&post=64232"},{"taxonomy":"post_tag","embeddable":true,"href":"https:\/\/noticiasveraces.com\/index.php?rest_route=%2Fwp%2Fv2%2Ftags&post=64232"}],"curies":[{"name":"wp","href":"https:\/\/api.w.org\/{rel}","templated":true}]}}