{"id":64225,"date":"2026-04-29T04:46:50","date_gmt":"2026-04-29T08:46:50","guid":{"rendered":"https:\/\/noticiasveraces.com\/?p=64225"},"modified":"2026-04-29T04:46:50","modified_gmt":"2026-04-29T08:46:50","slug":"el-clima-extremo-esta-relacionado-con-un-aumento-en-los-ataques-cardiacos-y-accidentes-cerebrovasculares-encuentra-un-estudio","status":"publish","type":"post","link":"https:\/\/noticiasveraces.com\/?p=64225","title":{"rendered":"El clima extremo est\u00e1 relacionado con un aumento en los ataques card\u00edacos y accidentes cerebrovasculares, encuentra un estudio"},"content":{"rendered":"<p> \n<\/p>\n<div>\n<div id=\"beyondwords-wrapper\" class=\"beyondwords-wrapper\">\n<p><span class=\"label-bg\">NUEVO<\/span>\u00a1Ahora puedes escuchar los art\u00edculos de Fox News!\n  <\/p>\n<\/div>\n<p class=\"speakable\">El clima extremo est\u00e1 provocando un aumento de ataques card\u00edacos y accidentes cerebrovasculares, y las olas de calor y fr\u00edo contribuyen al aumento, seg\u00fan una nueva investigaci\u00f3n informada por SWNS.<\/p>\n<p class=\"speakable\">Los hallazgos, presentados la semana pasada en el congreso de la Asociaci\u00f3n Europea de Cardiolog\u00eda Preventiva (EAPC), analizaron datos de m\u00e1s de 8 millones de residentes del este de Polonia entre 2011 y 2020.<\/p>\n<p>Durante esa d\u00e9cada, los investigadores registraron m\u00e1s de 573.000 eventos cardiovasculares y cerebrovasculares importantes (MACCE).<\/p>\n<p><strong>LAS BACTERIAS EN LA BOCA PUEDEN VIAJAR AL INTESTINO Y PROVOCAR C\u00c1NCER DE EST\u00d3MAGO, ENCUENTRA UNA INVESTIGACI\u00d3N<\/strong><\/p>\n<p>\u00abEl cambio clim\u00e1tico est\u00e1 provocando fen\u00f3menos meteorol\u00f3gicos extremos, pero los climas templados siguen estando poco estudiados\u00bb, dijo a SWNS el profesor Lukasz Kuzma, de la Universidad de Medicina de Bialystok. \u00abPolonia est\u00e1 sufriendo ahora olas de calor sin precedentes junto con las olas de fr\u00edo existentes\u00bb.<\/p>\n<div class=\"image-ct inline\">\n<div class=\"m\"><picture><source media=\"(max-width: 767px)\" srcset=\"https:\/\/a57.foxnews.com\/static.foxnews.com\/foxnews.com\/content\/uploads\/2025\/08\/343\/192\/heat-stroke-1.jpg?ve=1&amp;tl=1, https:\/\/a57.foxnews.com\/static.foxnews.com\/foxnews.com\/content\/uploads\/2025\/08\/686\/384\/heat-stroke-1.jpg?ve=1&amp;tl=1 2x\" height=\"192\" width=\"343\"><source media=\"(min-width: 768px) and (max-width: 1023px)\" srcset=\"https:\/\/a57.foxnews.com\/static.foxnews.com\/foxnews.com\/content\/uploads\/2025\/08\/672\/378\/heat-stroke-1.jpg?ve=1&amp;tl=1, https:\/\/a57.foxnews.com\/static.foxnews.com\/foxnews.com\/content\/uploads\/2025\/08\/1344\/756\/heat-stroke-1.jpg?ve=1&amp;tl=1 2x\" height=\"378\" width=\"672\"><source media=\"(min-width: 1024px) and (max-width: 1279px)\" srcset=\"https:\/\/a57.foxnews.com\/static.foxnews.com\/foxnews.com\/content\/uploads\/2025\/08\/931\/523\/heat-stroke-1.jpg?ve=1&amp;tl=1, https:\/\/a57.foxnews.com\/static.foxnews.com\/foxnews.com\/content\/uploads\/2025\/08\/1862\/1046\/heat-stroke-1.jpg?ve=1&amp;tl=1 2x\" height=\"523\" width=\"931\"><source media=\"(min-width: 1280px)\" srcset=\"https:\/\/a57.foxnews.com\/static.foxnews.com\/foxnews.com\/content\/uploads\/2025\/08\/720\/405\/heat-stroke-1.jpg?ve=1&amp;tl=1, https:\/\/a57.foxnews.com\/static.foxnews.com\/foxnews.com\/content\/uploads\/2025\/08\/1440\/810\/heat-stroke-1.jpg?ve=1&amp;tl=1 2x\" height=\"405\" width=\"720\"><img loading=\"lazy\" decoding=\"async\" src=\"https:\/\/a57.foxnews.com\/static.foxnews.com\/foxnews.com\/content\/uploads\/2025\/08\/1200\/675\/heat-stroke-1.jpg?ve=1&amp;tl=1\" alt=\"Mujer sentada y sec\u00e1ndose el sudor de la frente cuando hace calor\" width=\"1200\" height=\"675\"\/><\/source><\/source><\/source><\/source><\/picture><\/div>\n<div class=\"info\">\n<div class=\"caption\">\n<p><span>El clima extremo est\u00e1 provocando un aumento de ataques card\u00edacos y accidentes cerebrovasculares, y las olas de calor y fr\u00edo contribuyen al aumento, seg\u00fan una nueva investigaci\u00f3n informada por SWNS.<\/span> <span>(iStock)<\/span><\/p>\n<\/div>\n<\/div>\n<\/div>\n<p>El estudio encontr\u00f3 que si bien ambos tipos de temperaturas extremas son peligrosos, atacan al cuerpo de diferentes maneras.<\/p>\n<p>En las olas de calor, el impacto es inmediato. Seg\u00fan el informe, el d\u00eda en que ocurri\u00f3 el clima, los eventos cardiovasculares importantes aumentaron un 7,5%, mientras que las muertes cardiovasculares aumentaron un 9,5%.<\/p>\n<p><strong>EL ENVEJECIMIENTO PUEDE ACELERARSE EN \u00c1REAS CON CALOR EXTREMO, SUGIERE UNA INVESTIGACI\u00d3N<\/strong><\/p>\n<p>El impacto de una ola de fr\u00edo se retrasa pero se mantiene. El riesgo de eventos importantes aument\u00f3 entre un 4% y un 5,9% en los d\u00edas posteriores a la exposici\u00f3n.<\/p>\n<p>Los datos mostraron que la contaminaci\u00f3n del aire intensific\u00f3 los riesgos de temperaturas extremas. Aproximadamente el 13% de todas las muertes cardiovasculares se atribuyeron a la contaminaci\u00f3n, lo que representa m\u00e1s de 71.000 a\u00f1os de vida perdidos durante el per\u00edodo de 10 a\u00f1os.<\/p>\n<div class=\"image-ct inline\">\n<div class=\"m\"><picture><source media=\"(max-width: 767px)\" srcset=\"https:\/\/a57.foxnews.com\/static.foxnews.com\/foxnews.com\/content\/uploads\/2026\/04\/343\/192\/woman-with-headache-stroke-risk.jpg?ve=1&amp;tl=1, https:\/\/a57.foxnews.com\/static.foxnews.com\/foxnews.com\/content\/uploads\/2026\/04\/686\/384\/woman-with-headache-stroke-risk.jpg?ve=1&amp;tl=1 2x\" height=\"192\" width=\"343\"><source media=\"(min-width: 768px) and (max-width: 1023px)\" srcset=\"https:\/\/a57.foxnews.com\/static.foxnews.com\/foxnews.com\/content\/uploads\/2026\/04\/672\/378\/woman-with-headache-stroke-risk.jpg?ve=1&amp;tl=1, https:\/\/a57.foxnews.com\/static.foxnews.com\/foxnews.com\/content\/uploads\/2026\/04\/1344\/756\/woman-with-headache-stroke-risk.jpg?ve=1&amp;tl=1 2x\" height=\"378\" width=\"672\"><source media=\"(min-width: 1024px) and (max-width: 1279px)\" srcset=\"https:\/\/a57.foxnews.com\/static.foxnews.com\/foxnews.com\/content\/uploads\/2026\/04\/931\/523\/woman-with-headache-stroke-risk.jpg?ve=1&amp;tl=1, https:\/\/a57.foxnews.com\/static.foxnews.com\/foxnews.com\/content\/uploads\/2026\/04\/1862\/1046\/woman-with-headache-stroke-risk.jpg?ve=1&amp;tl=1 2x\" height=\"523\" width=\"931\"><source media=\"(min-width: 1280px)\" srcset=\"https:\/\/a57.foxnews.com\/static.foxnews.com\/foxnews.com\/content\/uploads\/2026\/04\/720\/405\/woman-with-headache-stroke-risk.jpg?ve=1&amp;tl=1, https:\/\/a57.foxnews.com\/static.foxnews.com\/foxnews.com\/content\/uploads\/2026\/04\/1440\/810\/woman-with-headache-stroke-risk.jpg?ve=1&amp;tl=1 2x\" height=\"405\" width=\"720\"><img loading=\"lazy\" decoding=\"async\" src=\"https:\/\/a57.foxnews.com\/static.foxnews.com\/foxnews.com\/content\/uploads\/2026\/04\/1200\/675\/woman-with-headache-stroke-risk.jpg?ve=1&amp;tl=1\" alt=\"Mujer mayor sosteniendo su cabeza con las manos, sentada en casa\" width=\"1200\" height=\"675\"\/><\/source><\/source><\/source><\/source><\/picture><\/div>\n<div class=\"info\">\n<div class=\"caption\">\n<p><span>En las olas de calor, el impacto es inmediato, mientras que los efectos de una ola de fr\u00edo son retardados pero sostenidos.<\/span> <span>(iStock)<\/span><\/p>\n<\/div>\n<\/div>\n<\/div>\n<p>\u00abNuestros resultados resaltan que los problemas del cambio clim\u00e1tico ahora se extienden al norte de Europa y demuestran los considerables riesgos combinados de las temperaturas extremas y la contaminaci\u00f3n del aire en el aumento de los eventos cardiovasculares\u00bb, afirm\u00f3 Kuzma.<\/p>\n<p><strong><u>HAGA CLIC AQU\u00cd PARA SUSCRIBIRSE A NUESTRO BOLET\u00cdN DE SALUD<\/u><\/strong><\/p>\n<p>Contrariamente a las suposiciones m\u00e9dicas tradicionales, el estudio encontr\u00f3 que los aumentos mensuales en la exposici\u00f3n a la contaminaci\u00f3n eran particularmente peligrosos para los grupos demogr\u00e1ficos que a menudo se consideraban de menor riesgo.<\/p>\n<p>El riesgo de eventos cardiovasculares fue un 5% mayor en las mujeres que en los hombres, y un 9% mayor en las personas menores de 65 a\u00f1os en comparaci\u00f3n con las mayores de 65 a\u00f1os.<\/p>\n<p><strong><u>HAGA CLIC AQU\u00cd PARA M\u00c1S HISTORIAS DE SALUD<\/u><\/strong><\/p>\n<p>\u00abAunque la contaminaci\u00f3n del aire se reconoce como un importante factor de riesgo cardiovascular, todav\u00eda se subestima\u00bb, dijo la Dra. Anna Kurasz de la Universidad M\u00e9dica de Bialystok, seg\u00fan SWNS.<\/p>\n<div class=\"image-ct inline\">\n<div class=\"m\"><picture><source media=\"(max-width: 767px)\" srcset=\"https:\/\/a57.foxnews.com\/static.foxnews.com\/foxnews.com\/content\/uploads\/2026\/03\/343\/192\/man-at-cardiologist.jpg?ve=1&amp;tl=1, https:\/\/a57.foxnews.com\/static.foxnews.com\/foxnews.com\/content\/uploads\/2026\/03\/686\/384\/man-at-cardiologist.jpg?ve=1&amp;tl=1 2x\" height=\"192\" width=\"343\"><source media=\"(min-width: 768px) and (max-width: 1023px)\" srcset=\"https:\/\/a57.foxnews.com\/static.foxnews.com\/foxnews.com\/content\/uploads\/2026\/03\/672\/378\/man-at-cardiologist.jpg?ve=1&amp;tl=1, https:\/\/a57.foxnews.com\/static.foxnews.com\/foxnews.com\/content\/uploads\/2026\/03\/1344\/756\/man-at-cardiologist.jpg?ve=1&amp;tl=1 2x\" height=\"378\" width=\"672\"><source media=\"(min-width: 1024px) and (max-width: 1279px)\" srcset=\"https:\/\/a57.foxnews.com\/static.foxnews.com\/foxnews.com\/content\/uploads\/2026\/03\/931\/523\/man-at-cardiologist.jpg?ve=1&amp;tl=1, https:\/\/a57.foxnews.com\/static.foxnews.com\/foxnews.com\/content\/uploads\/2026\/03\/1862\/1046\/man-at-cardiologist.jpg?ve=1&amp;tl=1 2x\" height=\"523\" width=\"931\"><source media=\"(min-width: 1280px)\" srcset=\"https:\/\/a57.foxnews.com\/static.foxnews.com\/foxnews.com\/content\/uploads\/2026\/03\/720\/405\/man-at-cardiologist.jpg?ve=1&amp;tl=1, https:\/\/a57.foxnews.com\/static.foxnews.com\/foxnews.com\/content\/uploads\/2026\/03\/1440\/810\/man-at-cardiologist.jpg?ve=1&amp;tl=1 2x\" height=\"405\" width=\"720\"><img loading=\"lazy\" decoding=\"async\" src=\"https:\/\/a57.foxnews.com\/static.foxnews.com\/foxnews.com\/content\/uploads\/2026\/03\/1200\/675\/man-at-cardiologist.jpg?ve=1&amp;tl=1\" alt=\"Doctor usando estetoscopio para revisar el coraz\u00f3n del paciente masculino en la cl\u00ednica\" width=\"1200\" height=\"675\"\/><\/source><\/source><\/source><\/source><\/picture><\/div>\n<div class=\"info\">\n<div class=\"caption\">\n<p><span>Contrariamente a las suposiciones m\u00e9dicas tradicionales, el estudio encontr\u00f3 que los aumentos mensuales en la exposici\u00f3n a la contaminaci\u00f3n eran particularmente peligrosos para los grupos demogr\u00e1ficos que a menudo se consideraban de menor riesgo.<\/span> <span>(iStock)<\/span><\/p>\n<\/div>\n<\/div>\n<\/div>\n<p>\u00abEstos resultados desaf\u00edan el paradigma tradicional de los factores de riesgo sobre qu\u00e9 grupos de individuos son m\u00e1s susceptibles\u00bb.<\/p>\n<p><strong>HAGA CLIC AQU\u00cd PARA DESCARGAR LA APLICACI\u00d3N FOX NEWS<\/strong><\/p>\n<p>De cara al futuro, Kuzma planea investigar el impacto de la contaminaci\u00f3n lum\u00ednica y ac\u00fastica, con el objetivo de modernizar la forma en que los m\u00e9dicos predicen el riesgo de los pacientes.<\/p>\n<p><strong><u>PRUEBA CON NUESTRO \u00daLTIMO QUIZ DE ESTILO DE VIDA<\/u><\/strong><\/p>\n<p>\u00abTambi\u00e9n pretendemos desarrollar un m\u00e9todo para incorporar factores ambientales en un algoritmo de predicci\u00f3n del riesgo cardiovascular para permitir una orientaci\u00f3n m\u00e1s eficaz de los esfuerzos preventivos\u00bb, a\u00f1adi\u00f3.<\/p>\n<p> <!----> <!----> <\/p>\n<div class=\"article-meta\">\n<div class=\"author-bio\">\n<p>Khloe Quill es asistente de producci\u00f3n de estilo de vida en Fox News Digital. Ella y el equipo de estilo de vida cubren una variedad de temas que incluyen comida y bebida, viajes y salud. <\/p>\n<\/div>\n<\/div>\n<\/div>\n\n","protected":false},"excerpt":{"rendered":"<p>NUEVO\u00a1Ahora puedes escuchar los art\u00edculos de Fox News! El clima extremo est\u00e1 provocando un aumento de ataques card\u00edacos y accidentes cerebrovasculares, y las olas de calor y fr\u00edo contribuyen al aumento, seg\u00fan una nueva investigaci\u00f3n informada por SWNS. Los hallazgos, presentados la semana pasada en el congreso de la Asociaci\u00f3n Europea de Cardiolog\u00eda Preventiva (EAPC), &hellip;<\/p>\n","protected":false},"author":1,"featured_media":64227,"comment_status":"open","ping_status":"open","sticky":false,"template":"","format":"standard","meta":{"fifu_image_url":"https:\/\/a57.foxnews.com\/static.foxnews.com\/foxnews.com\/content\/uploads\/2025\/08\/1200\/675\/heat-stroke-1.jpg?ve=1&tl=1","fifu_image_alt":"","footnotes":""},"categories":[8],"tags":[],"class_list":["post-64225","post","type-post","status-publish","format-standard","has-post-thumbnail","","category-salud"],"_links":{"self":[{"href":"https:\/\/noticiasveraces.com\/index.php?rest_route=\/wp\/v2\/posts\/64225","targetHints":{"allow":["GET"]}}],"collection":[{"href":"https:\/\/noticiasveraces.com\/index.php?rest_route=\/wp\/v2\/posts"}],"about":[{"href":"https:\/\/noticiasveraces.com\/index.php?rest_route=\/wp\/v2\/types\/post"}],"author":[{"embeddable":true,"href":"https:\/\/noticiasveraces.com\/index.php?rest_route=\/wp\/v2\/users\/1"}],"replies":[{"embeddable":true,"href":"https:\/\/noticiasveraces.com\/index.php?rest_route=%2Fwp%2Fv2%2Fcomments&post=64225"}],"version-history":[{"count":0,"href":"https:\/\/noticiasveraces.com\/index.php?rest_route=\/wp\/v2\/posts\/64225\/revisions"}],"wp:featuredmedia":[{"embeddable":true,"href":"https:\/\/noticiasveraces.com\/index.php?rest_route=\/wp\/v2\/media\/64227"}],"wp:attachment":[{"href":"https:\/\/noticiasveraces.com\/index.php?rest_route=%2Fwp%2Fv2%2Fmedia&parent=64225"}],"wp:term":[{"taxonomy":"category","embeddable":true,"href":"https:\/\/noticiasveraces.com\/index.php?rest_route=%2Fwp%2Fv2%2Fcategories&post=64225"},{"taxonomy":"post_tag","embeddable":true,"href":"https:\/\/noticiasveraces.com\/index.php?rest_route=%2Fwp%2Fv2%2Ftags&post=64225"}],"curies":[{"name":"wp","href":"https:\/\/api.w.org\/{rel}","templated":true}]}}