{"id":64203,"date":"2026-04-29T00:53:40","date_gmt":"2026-04-29T04:53:40","guid":{"rendered":"https:\/\/noticiasveraces.com\/?p=64203"},"modified":"2026-04-29T00:53:40","modified_gmt":"2026-04-29T04:53:40","slug":"trump-pondra-su-foto-en-los-pasaportes-estadounidenses","status":"publish","type":"post","link":"https:\/\/noticiasveraces.com\/?p=64203","title":{"rendered":"Trump pondr\u00e1 su foto en los pasaportes estadounidenses"},"content":{"rendered":"<p> \n<\/p>\n<div data-tracking-skip=\"true\" data-tracking-name=\"rich-text\">\n<p>La foto de Donald Trump aparecer\u00e1 pronto en algunos pasaportes de Estados Unidos, en una edici\u00f3n limitada para conmemorar el 250\u00ba aniversario de la Declaraci\u00f3n de Independencia que se celebra en julio de este a\u00f1o, confirm\u00f3 el Departamento de Estado el martes (28.04.2026).<\/p>\n<p>Un art\u00edculo de Fox News, compartido por un portavoz del Departamento de Estado, mostr\u00f3 una imagen de Trump en el pasaporte superpuesta sobre la Declaraci\u00f3n de Independencia.<\/p>\n<p>Debajo est\u00e1 la firma del mandatario en oro. Una segunda edici\u00f3n limitada muestra una pintura de los padres fundadores estadounidenses.<\/p>\n<p>Hay pocos precedentes modernos en el mundo, y menos a\u00fan en una democracia, de fotos de l\u00edderes en ejercicio que aparecen en los pasaportes, ya que la mayor\u00eda de los pa\u00edses prefieren representar im\u00e1genes hist\u00f3ricas o de la naturaleza.<\/p>\n<blockquote class=\"tweet embed\" data-id=\"2049229244949991432\"\/>\n<h2>Dem\u00f3cratas cuestionan a Rubio <\/h2>\n<p>Congresistas del Partido Dem\u00f3crata criticaron al secretario de Estado, Marco Rubio, por la iniciativa.<\/p>\n<p>\u00abEl secretario Rubio deber\u00eda pasar m\u00e1s tiempo en convencer a su jefe de terminar la guerra que eligi\u00f3 en Ir\u00e1n, y menos en desperdiciar el dinero de los contribuyentes estadounidenses para alimentar la vanidad de Trump\u00bb, escribieron en X los dem\u00f3cratas del Comit\u00e9 de Asuntos Exteriores de la C\u00e1mara de Representantes.<\/p>\n<p>Los pasaportes estadounidenses actuales muestran varias escenas de la historia del pa\u00eds, como el alunizaje, junto con lugares o monumentos hist\u00f3ricos como la Estatua de la Libertad.<\/p>\n<p>Desde que regres\u00f3 al cargo en 2025, varios edificios gubernamentales en Washington han colocado pancartas con la imagen de Trump, que tambi\u00e9n impuso su nombre al Centro Kennedy de artes esc\u00e9nicas y al desmantelado Instituto de la Paz de Estados Unidos.<\/p>\n<p>El mes pasado, el Departamento del Tesoro dijo que la firma de Trump comenzar\u00eda a aparecer en billete de d\u00f3lar, en otro hecho sin precedentes.<\/p>\n<p>El art\u00edculo de Fox News dec\u00eda que los pasaportes con tem\u00e1tica de Trump solo se expedir\u00edan en Washington y que dejar\u00edan de emitirse cuando se agotara su disponibilidad.<\/p>\n<p>gs (afp, reuters)<\/p>\n<\/div>\n\n","protected":false},"excerpt":{"rendered":"<p>La foto de Donald Trump aparecer\u00e1 pronto en algunos pasaportes de Estados Unidos, en una edici\u00f3n limitada para conmemorar el 250\u00ba aniversario de la Declaraci\u00f3n de Independencia que se celebra en julio de este a\u00f1o, confirm\u00f3 el Departamento de Estado el martes (28.04.2026). Un art\u00edculo de Fox News, compartido por un portavoz del Departamento de &hellip;<\/p>\n","protected":false},"author":1,"featured_media":64204,"comment_status":"open","ping_status":"open","sticky":false,"template":"","format":"standard","meta":{"fifu_image_url":"https:\/\/static.dw.com\/image\/76974278_6.jpg","fifu_image_alt":"","footnotes":""},"categories":[13],"tags":[],"class_list":["post-64203","post","type-post","status-publish","format-standard","has-post-thumbnail","","category-mundo"],"_links":{"self":[{"href":"https:\/\/noticiasveraces.com\/index.php?rest_route=\/wp\/v2\/posts\/64203","targetHints":{"allow":["GET"]}}],"collection":[{"href":"https:\/\/noticiasveraces.com\/index.php?rest_route=\/wp\/v2\/posts"}],"about":[{"href":"https:\/\/noticiasveraces.com\/index.php?rest_route=\/wp\/v2\/types\/post"}],"author":[{"embeddable":true,"href":"https:\/\/noticiasveraces.com\/index.php?rest_route=\/wp\/v2\/users\/1"}],"replies":[{"embeddable":true,"href":"https:\/\/noticiasveraces.com\/index.php?rest_route=%2Fwp%2Fv2%2Fcomments&post=64203"}],"version-history":[{"count":0,"href":"https:\/\/noticiasveraces.com\/index.php?rest_route=\/wp\/v2\/posts\/64203\/revisions"}],"wp:featuredmedia":[{"embeddable":true,"href":"https:\/\/noticiasveraces.com\/index.php?rest_route=\/wp\/v2\/media\/64204"}],"wp:attachment":[{"href":"https:\/\/noticiasveraces.com\/index.php?rest_route=%2Fwp%2Fv2%2Fmedia&parent=64203"}],"wp:term":[{"taxonomy":"category","embeddable":true,"href":"https:\/\/noticiasveraces.com\/index.php?rest_route=%2Fwp%2Fv2%2Fcategories&post=64203"},{"taxonomy":"post_tag","embeddable":true,"href":"https:\/\/noticiasveraces.com\/index.php?rest_route=%2Fwp%2Fv2%2Ftags&post=64203"}],"curies":[{"name":"wp","href":"https:\/\/api.w.org\/{rel}","templated":true}]}}