{"id":64171,"date":"2026-04-28T21:05:37","date_gmt":"2026-04-29T01:05:37","guid":{"rendered":"https:\/\/noticiasveraces.com\/?p=64171"},"modified":"2026-04-28T21:05:37","modified_gmt":"2026-04-29T01:05:37","slug":"la-fifa-se-harto-de-una-mala-costumbre-de-los-jugadores-sancionara-con-tarjeta-roja-esta-actitud-en-el-mundial-2026","status":"publish","type":"post","link":"https:\/\/noticiasveraces.com\/?p=64171","title":{"rendered":"La Fifa se hart\u00f3 de una mala costumbre de los jugadores: sancionar\u00e1 con tarjeta roja esta actitud en el Mundial 2026"},"content":{"rendered":"<p> \n<\/p>\n<div id=\"post-5930370\">\n\t<!-- .entry-header --><\/p>\n<div class=\"entry-content\">\n<p>\n\t\t\t<span rel=\"author\" class=\"fn\">con una pala<\/span>\n\t\t<\/p>\n<p>\t\t<time class=\"entry-date published updated\" datetime=\"2026-04-28T20:30:42-04:00\">abril 28 2026, 8:30 pm<\/time><\/p>\n<figure id=\"attachment_5221968\" aria-describedby=\"caption-attachment-5221968\" style=\"width: 740px\" class=\"wp-caption alignnone\"><img fetchpriority=\"high\" decoding=\"async\" onerror=\"this.onerror=null;this.src=\" https:=\"\" class=\"size-full wp-image-5221968\" src=\"https:\/\/sandia.datanubex.uk\/wp-content\/uploads\/2023\/07\/tarjeta-roja-arbitro.jpg\" alt=\"\" width=\"740\" height=\"493\"\/><figcaption id=\"caption-attachment-5221968\" class=\"wp-caption-text\">FreePik<\/figcaption><\/figure>\n<\/p>\n<p>El esc\u00e1ndalo de racismo entre el argentino Gianluca Prestianni y Vin\u00edcius Jr. gener\u00f3 una revoluci\u00f3n en el f\u00fatbol mundial y la UEFA se encarg\u00f3 de sancionar al ex V\u00e9lez por \u00abinsultos homof\u00f3bicos\u00bb, dos meses despu\u00e9s de aquel supuesto incidente. De esta manera, el ente europeo dio por confirmado que lo que hab\u00eda denunciado el brasile\u00f1o era real y lo sancion\u00f3 con seis partidos, pese a que no hubo ning\u00fan tipo de registro que confirmara las acusaciones del delantero del Real Madrid.<\/p>\n<p><em><strong>Por: Cr\u00f3nica<\/strong><\/em><\/p>\n<p><!-- Begin Mailchimp Signup Form --><\/p>\n<div id=\"mc_embed_signup\">\n<p><label for=\"mce-EMAIL\">            \u00a1\u00danete al club ahora! Suscr\u00edbete al bolet\u00edn m\u00e1s importante de Venezuela          <\/label><iframe data-test-id=\"beehiiv-embed\" height=\"52\" frameborder=\"0\" scrolling=\"no\" style=\"margin: 0; border-radius: 0px !important; &#10;&#9;&#9;background-color: transparent;\" data-src=\"https:\/\/embeds.beehiiv.com\/cdab9503-16ae-4689-ad4f-1408c727a83a?slim=true\" class=\"lazyload\"><\/iframe><\/p>\n<\/div>\n<p><!--End mc_embed_signup 2--><\/p>\n<p>Esta situaci\u00f3n confusa se origin\u00f3 porque el extremo argentino se tap\u00f3 la boca con su camiseta al momento de proferirle los presuntos agravios al brasile\u00f1o. Ante este habitual comportamiento de los futbolistas, que suelen bloquear con sus manos los di\u00e1logos que mantienen en el campo de juego, la FIFA decidi\u00f3 tomar cartas en el asunto y en una reuni\u00f3n especial de la International Football Association Board (IFAB) en Vancouver, Canad\u00e1, anunci\u00f3 nuevas medidas que comenzar\u00e1n a tener vigencia a partir del Mundial 2026.<\/p>\n<p>\u00abA discreci\u00f3n del organizador de la competici\u00f3n, se podr\u00e1 sancionar con tarjeta roja a los jugadores que se tapen la boca cuando encaren a un adversario\u00bb, comunic\u00f3 el m\u00e1ximo ente del f\u00fatbol internacional en sus redes sociales y aclar\u00f3 que esto se producir\u00e1 con el objetivo de combatir \u00abconductas discriminatorias e inapropiadas\u00bb.<\/p>\n<p>Esta nueva reglamentaci\u00f3n, que r\u00e1pidamente fue bautizada como la \u00abLey Prestianni\u00bb, ha generado fuertes repercusiones en las redes sociales.<\/p>\n<p>Puedes leer la nota completa en <em><strong>Cr\u00f3nica<\/strong><\/em><\/p>\n<p><!-- CONTENT END 2 -->\n\t<\/div>\n<p><!-- .entry-content --><\/p>\n<\/div>\n\n","protected":false},"excerpt":{"rendered":"<p>con una pala abril 28 2026, 8:30 pm FreePik El esc\u00e1ndalo de racismo entre el argentino Gianluca Prestianni y Vin\u00edcius Jr. gener\u00f3 una revoluci\u00f3n en el f\u00fatbol mundial y la UEFA se encarg\u00f3 de sancionar al ex V\u00e9lez por \u00abinsultos homof\u00f3bicos\u00bb, dos meses despu\u00e9s de aquel supuesto incidente. De esta manera, el ente europeo dio &hellip;<\/p>\n","protected":false},"author":1,"featured_media":64173,"comment_status":"open","ping_status":"open","sticky":false,"template":"","format":"standard","meta":{"fifu_image_url":"https:\/\/sandia.datanubex.uk\/wp-content\/uploads\/2023\/07\/tarjeta-roja-arbitro.jpg","fifu_image_alt":"","footnotes":""},"categories":[4],"tags":[],"class_list":["post-64171","post","type-post","status-publish","format-standard","has-post-thumbnail","","category-historias-destacadas"],"_links":{"self":[{"href":"https:\/\/noticiasveraces.com\/index.php?rest_route=\/wp\/v2\/posts\/64171","targetHints":{"allow":["GET"]}}],"collection":[{"href":"https:\/\/noticiasveraces.com\/index.php?rest_route=\/wp\/v2\/posts"}],"about":[{"href":"https:\/\/noticiasveraces.com\/index.php?rest_route=\/wp\/v2\/types\/post"}],"author":[{"embeddable":true,"href":"https:\/\/noticiasveraces.com\/index.php?rest_route=\/wp\/v2\/users\/1"}],"replies":[{"embeddable":true,"href":"https:\/\/noticiasveraces.com\/index.php?rest_route=%2Fwp%2Fv2%2Fcomments&post=64171"}],"version-history":[{"count":0,"href":"https:\/\/noticiasveraces.com\/index.php?rest_route=\/wp\/v2\/posts\/64171\/revisions"}],"wp:featuredmedia":[{"embeddable":true,"href":"https:\/\/noticiasveraces.com\/index.php?rest_route=\/wp\/v2\/media\/64173"}],"wp:attachment":[{"href":"https:\/\/noticiasveraces.com\/index.php?rest_route=%2Fwp%2Fv2%2Fmedia&parent=64171"}],"wp:term":[{"taxonomy":"category","embeddable":true,"href":"https:\/\/noticiasveraces.com\/index.php?rest_route=%2Fwp%2Fv2%2Fcategories&post=64171"},{"taxonomy":"post_tag","embeddable":true,"href":"https:\/\/noticiasveraces.com\/index.php?rest_route=%2Fwp%2Fv2%2Ftags&post=64171"}],"curies":[{"name":"wp","href":"https:\/\/api.w.org\/{rel}","templated":true}]}}