{"id":64161,"date":"2026-04-28T20:49:51","date_gmt":"2026-04-29T00:49:51","guid":{"rendered":"https:\/\/noticiasveraces.com\/?p=64161"},"modified":"2026-04-28T20:49:51","modified_gmt":"2026-04-29T00:49:51","slug":"delcy-rodriguez-sobre-posible-aumento-salarial-que-el-remedio-no-sea-peor-que-la-enfermedad","status":"publish","type":"post","link":"https:\/\/noticiasveraces.com\/?p=64161","title":{"rendered":"Delcy Rodr\u00edguez sobre posible aumento salarial: \u201cQue el remedio no sea peor que la enfermedad\u201d"},"content":{"rendered":"<p> \n<\/p>\n<div>\n<p>En la antesala del d\u00eda del trabajador, la presidenta encargada Delcy Rodr\u00edguez adelant\u00f3 que el ejecutivo prepara ajustes dirigidos a mejorar los ingresos de la clase trabajadora, aunque evit\u00f3 precisar cifras o mecanismos concretos del eventual incremento.<\/p>\n<p>Durante una alocuci\u00f3n, la funcionaria se refiri\u00f3 a las expectativas generadas en torno al 1 de mayo y llam\u00f3 a la cautela, al tiempo que confirm\u00f3 que se contemplan medidas en materia salarial.<\/p>\n<p>\u201cYo s\u00e9 tambi\u00e9n quienes andan y crean, han creado un ambiente de sobreexpectativa para el primero de mayo. Yo lo digo con tranquilidad, se lo digo a los trabajadores y a las trabajadoras de Venezuela, nos aproximamos a cuatro meses de ese 3 de enero y yo les puedo dar la cara para decir habr\u00e1 mejoras, habr\u00e1 mejoras, pero que ese remedio no sea peor que la enfermedad\u201d, asegur\u00f3.<\/p>\n<figure class=\"wp-block-embed is-type-rich is-provider-twitter wp-block-embed-twitter\">\n<div class=\"wp-block-embed__wrapper\">\n<blockquote class=\"twitter-tweet\" data-width=\"500\" data-dnt=\"true\">\n<p lang=\"es\" dir=\"ltr\">\u00daLTIMA HORA | Delcy Rodr\u00edguez ante expectativa por anuncio de aumento salarial: \u00abPuedo dar la cara para decir: habr\u00e1 mejoras, habr\u00e1 mejoras\u00bb.<\/p>\n<p>\u00abPero que ese remedio no sea peor que la enfermedad, es la l\u00f3gica que nos ha dirigido\u00bb, afirm\u00f3. https:\/\/t.co\/r1EPGB2ccX <a href=\"https:\/\/t.co\/zBVx5t0cIJ\">pic.twitter.com\/zBVx5t0cIJ<\/a><\/p>\n<p>-AlbertoRodNews (@AlbertoRodNews) <a href=\"https:\/\/twitter.com\/AlbertoRodNews\/status\/2049252241991733249?ref_src=twsrc%5Etfw\">28 de abril de 2026<\/a><\/p><\/blockquote><\/div>\n<\/figure>\n<h2 class=\"wp-block-heading\" id=\"h-rodriguez-destaca-criterios-economicos-y-vinculo-con-los-trabajadores\">Rodr\u00edguez destaca criterios econ\u00f3micos y v\u00ednculo con los trabajadores<\/h2>\n<p>Rodr\u00edguez subray\u00f3 que cualquier decisi\u00f3n estar\u00e1 guiada por criterios econ\u00f3micos que eviten efectos adversos, insistiendo en la necesidad de equilibrio, al tiempo que reivindic\u00f3 su v\u00ednculo con el movimiento obrero.<\/p>\n<p>  \u201cDesde muy joven, me lo ense\u00f1\u00f3 mi padre Jorge Antonio Rodr\u00edguez cuando en su juventud, antes de ser asesinado, marchaba junto a los trabajadores de la CBGE, de Oriente, del Sur, el amor por los trabajadores de Venezuela, el respeto por los trabajadores de Venezuela\u201d.<\/p>\n<p>El anuncio se enmarca en una expectativa creciente por parte de los trabajadores venezolanos, luego de que la mandataria anunciar\u00e1 semanas atr\u00e1s  un posible aumento.<\/p>\n<\/div>\n<p><script async src=\"https:\/\/platform.twitter.com\/widgets.js\" charset=\"utf-8\"><\/script><script async src=\"\/\/www.instagram.com\/embed.js\"><\/script><br \/>\n<br \/>\n","protected":false},"excerpt":{"rendered":"<p>En la antesala del d\u00eda del trabajador, la presidenta encargada Delcy Rodr\u00edguez adelant\u00f3 que el ejecutivo prepara ajustes dirigidos a mejorar los ingresos de la clase trabajadora, aunque evit\u00f3 precisar cifras o mecanismos concretos del eventual incremento. Durante una alocuci\u00f3n, la funcionaria se refiri\u00f3 a las expectativas generadas en torno al 1 de mayo y &hellip;<\/p>\n","protected":false},"author":1,"featured_media":64162,"comment_status":"open","ping_status":"open","sticky":false,"template":"","format":"standard","meta":{"fifu_image_url":"https:\/\/elnacional-uploads.nyc3.digitaloceanspaces.com\/wp-content\/uploads\/2026\/04\/28112304\/d98a5e87-567b-4476-b505-fd01192d6973_16-9-discover-aspect-ratio_default_0_x1000y444.jpg","fifu_image_alt":"","footnotes":""},"categories":[13],"tags":[],"class_list":["post-64161","post","type-post","status-publish","format-standard","has-post-thumbnail","","category-mundo"],"_links":{"self":[{"href":"https:\/\/noticiasveraces.com\/index.php?rest_route=\/wp\/v2\/posts\/64161","targetHints":{"allow":["GET"]}}],"collection":[{"href":"https:\/\/noticiasveraces.com\/index.php?rest_route=\/wp\/v2\/posts"}],"about":[{"href":"https:\/\/noticiasveraces.com\/index.php?rest_route=\/wp\/v2\/types\/post"}],"author":[{"embeddable":true,"href":"https:\/\/noticiasveraces.com\/index.php?rest_route=\/wp\/v2\/users\/1"}],"replies":[{"embeddable":true,"href":"https:\/\/noticiasveraces.com\/index.php?rest_route=%2Fwp%2Fv2%2Fcomments&post=64161"}],"version-history":[{"count":0,"href":"https:\/\/noticiasveraces.com\/index.php?rest_route=\/wp\/v2\/posts\/64161\/revisions"}],"wp:featuredmedia":[{"embeddable":true,"href":"https:\/\/noticiasveraces.com\/index.php?rest_route=\/wp\/v2\/media\/64162"}],"wp:attachment":[{"href":"https:\/\/noticiasveraces.com\/index.php?rest_route=%2Fwp%2Fv2%2Fmedia&parent=64161"}],"wp:term":[{"taxonomy":"category","embeddable":true,"href":"https:\/\/noticiasveraces.com\/index.php?rest_route=%2Fwp%2Fv2%2Fcategories&post=64161"},{"taxonomy":"post_tag","embeddable":true,"href":"https:\/\/noticiasveraces.com\/index.php?rest_route=%2Fwp%2Fv2%2Ftags&post=64161"}],"curies":[{"name":"wp","href":"https:\/\/api.w.org\/{rel}","templated":true}]}}