{"id":64129,"date":"2026-04-28T14:50:38","date_gmt":"2026-04-28T18:50:38","guid":{"rendered":"https:\/\/noticiasveraces.com\/?p=64129"},"modified":"2026-04-28T14:50:38","modified_gmt":"2026-04-28T18:50:38","slug":"rafa-jodar-contra-jannik-sinner-en-los-cuartos-de-madrid-va-a-ser-un-gran-partido","status":"publish","type":"post","link":"https:\/\/noticiasveraces.com\/?p=64129","title":{"rendered":"Rafa J\u00f3dar, contra Jannik Sinner en los cuartos de Madrid: \u00abVa a ser un gran partido\u00bb"},"content":{"rendered":"<p> \n<\/p>\n<div id=\"intext\">\n<p><b>Rafa J\u00f3dar<\/b> sigue dando pasos de gigante hacia la \u00e9lite del tenis y este martes super\u00f3 al checo <b>Ortiga vit<\/b> (<b>7-5 y 6-0<\/b>) en los octavos de final del <b>Mutua MadridOpen<\/b>. El premio para una semana de ensue\u00f1o en la capital de Espa\u00f1a es un duelo ante <b>Jannik pecador<\/b>n\u00famero 1 del mundo, este mi\u00e9rcoles en la Manolo Santana, no antes de las 16:00 horas. A sus 19 a\u00f1os, J\u00f3dar sigue despachando rivales en Madrid (<b>De Jong<\/b>, <b>De Mi\u00f1aur<\/b>, <b>Fonseca<\/b> y <b>Ortiga<\/b>) y ahora le espera el mejor tenista del mundo, el ganado de los \u00faltimos cuatro masters 1.000 (<b>Par\u00eds<\/b>, <b>pozos indios<\/b>, <b>miami<\/b> y <b>Montecarlo<\/b>).<\/p>\n<p>Rafa J\u00f3dar, en su primer curso como profesional, super\u00f3 al checo Vit Kopriva en una abarrotada Manolo Santana, volcada con el genial jugador madrile\u00f1o. El fen\u00f3meno de Legan\u00e9s accedi\u00f3 por primera vez en su carrera a los cuartos de un Masters 1000, algo que a su edad s\u00f3lo lo hab\u00edan logrado en la capital espa\u00f1ola Rafa Nadal (18) y Carlos Alcaraz (19).<\/p>\n<p>\u00abMe ilusiona. Sinner es un gran jugador. Hay recuperarse bien para prepararlo. Espero que la gente me est\u00e9 apoyando porque va a ser un gran partido\u00bb, indic\u00f3 J\u00f3dar antes de medirse a Jannik Sinner.<\/p>\n<p>\u00abTodos los partidos son duros. El rival de hoy no era menos y por eso hay tener siempre la misma mentalidad. He tratado de ponerme duro y jugar mi mejor tenis\u00bb, a\u00f1adi\u00f3 el de Legan\u00e9s.<\/p>\n<p>\u00abEl equipo es mi padre y yo, y de momento no lo hemos cambiado ni lo vamos a cambiar porque no hay motivos para cambiar. Me va bien as\u00ed\u00bb, subray\u00f3 Rafa J\u00f3dar, que prefiere abstraerse de todo lo que genera su irrupci\u00f3n.<\/p>\n<p>\u00abIntento no mirar redes sociales, aunque para hablar con amigos y familia s\u00ed, pero quiero estar centrado en lo que tengo que hacer y abstraerme un poco. Hablo con amigos y familia. Intento ir d\u00eda a d\u00eda y en el tiempo libre aprovechar para desconectar\u00bb, destac\u00f3 J\u00f3dar.<\/p>\n<h2 class=\"title-h2\">Horario y d\u00f3nde ver el Jannik Sinner &#8211; Rafa J\u00f3dar del Mutua Madrid Open<\/h2>\n<p>El <b>Jannik Sinner &#8211; Rafa J\u00f3dar<\/b>partido de cuartos de final del Mutua Madrid Open, se jugar\u00e1 este <b>mi\u00e9rcoles 29 de abril<\/b><b>no antes de las 16:00 horas<\/b> en la pista Manolo Santana de la Caja M\u00e1gica.<\/p>\n<h2 class=\"title-h2\">Octavos de final | Martes 28 de abril<\/h2>\n<p>Jannik Sinner derrot\u00f3. Cameron Norrie (6-2 y 7-5)<\/p>\n<p>Arthur Fils def. Tom\u00e1s Mart\u00edn Etcheverry (6-3 y 6-4)<\/p>\n<p>Jiri Lehecka derrot\u00f3. Lorenzo Musetti (6-3 y 6-3)<\/p>\n<p>Casper Ruud derrot\u00f3. Stefanos Tsitsipas (7-6 (4), 6-7 (2) y 7-6 (3))<\/p>\n<p>Rafa J\u00f3dar def. Vit Kopriva (7-5 y 6-0)<\/p>\n<p>Francisco Cer\u00fandolo vs Alexander Blockx (19:00 horas)<\/p>\n<p>Daniil Medvedev vs Cobolli (20:10 horas)<\/p>\n<p>Alexander Zverev vs Jakub Mensik (21:10 horas)<\/p>\n<p><i>S\u00edguenos en nuestro <\/i><i><strong>canal de WhatsApp<\/strong><\/i><i>  y no te pierdas la \u00faltima hora y toda la actualidad en nuestro <\/i><b><i>perfil de Google<\/i>.<\/b>        <\/p>\n<div class=\"recirculation-video\" data-mod=\"a3mod_recirculation_video\">\n<div class=\"recirculation-video-wrapper\">\n<div>\n<div class=\"video-wrapper\">\n  <picture class=\"video-main-picture\"><source media=\"(min-width: 481px)\" srcset=\"https:\/\/fotografias.antena3.com\/clipping\/cmsimages01\/2026\/04\/28\/C29B83A8-C139-4679-A4A2-BE5466CBA203\/simeone-rueda-prensa_94.jpg?crop=1920,1080,x0,y98&amp;width=800&amp;height=450&amp;optimize=medium&amp;format=webply\" width=\"800\" height=\"450\"><source media=\"(min-width: 391px) and (max-width: 480px)\" srcset=\"https:\/\/fotografias.antena3.com\/clipping\/cmsimages01\/2026\/04\/28\/C29B83A8-C139-4679-A4A2-BE5466CBA203\/simeone-rueda-prensa_70.jpg?crop=1920,1080,x0,y98&amp;width=480&amp;height=270&amp;optimize=high&amp;format=webply\" width=\"480\" height=\"270\"><source media=\"(min-width: 321px) and (max-width: 390px)\" srcset=\"https:\/\/fotografias.antena3.com\/clipping\/cmsimages01\/2026\/04\/28\/C29B83A8-C139-4679-A4A2-BE5466CBA203\/simeone-rueda-prensa_92.jpg?crop=1920,1078,x0,y99&amp;width=390&amp;height=219&amp;optimize=high&amp;format=webply\" width=\"390\" height=\"219\"><source media=\"(max-width: 320px)\" srcset=\"https:\/\/fotografias.antena3.com\/clipping\/cmsimages01\/2026\/04\/28\/C29B83A8-C139-4679-A4A2-BE5466CBA203\/simeone-rueda-prensa_52.jpg?crop=1920,1080,x0,y98&amp;width=320&amp;height=180&amp;optimize=high&amp;format=webply\" width=\"320\" height=\"180\"><img decoding=\"async\" title=\"Simeone en rueda de prensa\" alt=\"Simeone en rueda de prensa\" width=\"480\" height=\"270\" src=\"https:\/\/fotografias.antena3.com\/clipping\/cmsimages01\/2026\/04\/28\/C29B83A8-C139-4679-A4A2-BE5466CBA203\/simeone-rueda-prensa_70.jpg?crop=1920,1080,x0,y98&amp;width=480&amp;height=270&amp;optimize=high&amp;format=webply\" loading=\"lazy\" class=\"lazy\"\/><br \/>\n  <\/source><\/source><\/source><\/source><\/picture>\n <\/div>\n<\/div><\/div>\n<\/p><\/div>\n<\/div>\n\n","protected":false},"excerpt":{"rendered":"<p>Rafa J\u00f3dar sigue dando pasos de gigante hacia la \u00e9lite del tenis y este martes super\u00f3 al checo Ortiga vit (7-5 y 6-0) en los octavos de final del Mutua MadridOpen. El premio para una semana de ensue\u00f1o en la capital de Espa\u00f1a es un duelo ante Jannik pecadorn\u00famero 1 del mundo, este mi\u00e9rcoles en &hellip;<\/p>\n","protected":false},"author":1,"featured_media":64131,"comment_status":"open","ping_status":"open","sticky":false,"template":"","format":"standard","meta":{"fifu_image_url":"https:\/\/fotografias.antena3.com\/clipping\/cmsimages01\/2026\/04\/28\/59A47018-578A-4FEF-9242-FF0A352F0ABD\/rafa-jodar-celebra-punto-vit-kopriva_69.jpg?crop=4405,2478,x0,y0&width=1280&height=720&optimize=low&format=jpg","fifu_image_alt":"","footnotes":""},"categories":[6],"tags":[],"class_list":["post-64129","post","type-post","status-publish","format-standard","has-post-thumbnail","","category-deportes"],"_links":{"self":[{"href":"https:\/\/noticiasveraces.com\/index.php?rest_route=\/wp\/v2\/posts\/64129","targetHints":{"allow":["GET"]}}],"collection":[{"href":"https:\/\/noticiasveraces.com\/index.php?rest_route=\/wp\/v2\/posts"}],"about":[{"href":"https:\/\/noticiasveraces.com\/index.php?rest_route=\/wp\/v2\/types\/post"}],"author":[{"embeddable":true,"href":"https:\/\/noticiasveraces.com\/index.php?rest_route=\/wp\/v2\/users\/1"}],"replies":[{"embeddable":true,"href":"https:\/\/noticiasveraces.com\/index.php?rest_route=%2Fwp%2Fv2%2Fcomments&post=64129"}],"version-history":[{"count":0,"href":"https:\/\/noticiasveraces.com\/index.php?rest_route=\/wp\/v2\/posts\/64129\/revisions"}],"wp:featuredmedia":[{"embeddable":true,"href":"https:\/\/noticiasveraces.com\/index.php?rest_route=\/wp\/v2\/media\/64131"}],"wp:attachment":[{"href":"https:\/\/noticiasveraces.com\/index.php?rest_route=%2Fwp%2Fv2%2Fmedia&parent=64129"}],"wp:term":[{"taxonomy":"category","embeddable":true,"href":"https:\/\/noticiasveraces.com\/index.php?rest_route=%2Fwp%2Fv2%2Fcategories&post=64129"},{"taxonomy":"post_tag","embeddable":true,"href":"https:\/\/noticiasveraces.com\/index.php?rest_route=%2Fwp%2Fv2%2Ftags&post=64129"}],"curies":[{"name":"wp","href":"https:\/\/api.w.org\/{rel}","templated":true}]}}