{"id":6410,"date":"2023-02-01T03:43:29","date_gmt":"2023-02-01T03:43:29","guid":{"rendered":"https:\/\/noticiasveraces.com\/la-princesa-beatrice-usa-un-mini-vestido-corto-pero-los-fanaticos-insisten-en-que-se-ve-elegante-y-muy-linda\/"},"modified":"2023-02-01T03:43:29","modified_gmt":"2023-02-01T03:43:29","slug":"la-princesa-beatrice-usa-un-mini-vestido-corto-pero-los-fanaticos-insisten-en-que-se-ve-elegante-y-muy-linda","status":"publish","type":"post","link":"https:\/\/noticiasveraces.com\/?p=6410","title":{"rendered":"La princesa Beatrice usa un mini vestido corto, pero los fan\u00e1ticos insisten en que se ve &#8216;elegante y muy linda&#8217;"},"content":{"rendered":"<p> \n<\/p>\n<div>\n<p>La princesa Beatrice, de 34 a\u00f1os, pertenece a la realeza y ha sufrido una gran transformaci\u00f3n de estilo en los \u00faltimos 10 a\u00f1os.  Pero recientemente, los fan\u00e1ticos de la realeza creen que la Princesa de York ha sido estilizada a la perfecci\u00f3n.<\/p>\n<\/div>\n<div>\n<p>La madre de uno asisti\u00f3 a la Mesa Redonda de Organizaci\u00f3n de las 20:40, que es una organizaci\u00f3n de liderazgo que re\u00fane a la pr\u00f3xima generaci\u00f3n de j\u00f3venes talentos excepcionales.<\/p>\n<p>El grupo public\u00f3 en Instagram: \u00abLa semana pasada, 20:40 reuni\u00f3 a los creadores de cambios en la educaci\u00f3n para organizar una mesa redonda con Big Change y nuestra Patrona de las 20:40, Su Alteza Real la Princesa Beatrice York, para discutir el prop\u00f3sito de la educaci\u00f3n.<\/p>\n<p>\u00abGracias a Zubair Junjunia FRSA, Su Alteza Real la Princesa Beatrice York y Sam Tidswell-Norrish por presidir el evento ya todos nuestros miembros de 20:40 por discusiones tan motivadoras y energizantes\u00bb.<\/p>\n<p>La princesa real luci\u00f3 un vestido nuevo para la ocasi\u00f3n, un \u00abVestido a cuadros de mezcla de lana Rity\u00bb de Maje Paris.<\/p>\n<p><strong>LEER M\u00c1S: Astr\u00f3logo predice cambios en la l\u00ednea de sucesi\u00f3n<\/strong><\/p>\n<\/div>\n<div>\n<p>El vestido se vende por \u20ac 195, o aproximadamente \u00a3 172 en libras esterlinas brit\u00e1nicas, y se describe como un \u00abvestido trapecio en mezcla de lana a cuadros\u00bb con un \u00abcuello tunecino\u00bb y \u00abmangas largas con detalles de pliegues en la parte superior\u00bb.<\/p>\n<p>Beatrice us\u00f3 el vestido con un cintur\u00f3n montado en la cintura y una falda acampanada.<\/p>\n<p>La princesa combin\u00f3 su mini vestido corto con medias negras y botas de gamuza negra hasta la rodilla.<\/p>\n<p>La combinaci\u00f3n de gris, blanco y negro funcion\u00f3 maravillosamente con el cabello rojo fuego de Beatrice como un bonito contraste.<\/p>\n<p><strong>NO TE PIERDAS:<\/strong><\/p>\n<\/div>\n<div>\n<div class=\"text-description\">\n<p>La galardonada sombrerera Nora de la Quintana habl\u00f3 con Express.co.uk sobre la evoluci\u00f3n del estilo de la princesa Beatriz.<\/p>\n<p>Ella dijo: &#8216;Cuando la princesa Beatrice us\u00f3 el sombrero de Philip Treacy en la boda de William y Kate en 2011, fue uno de los momentos m\u00e1s comentados del d\u00eda, por todas las razones equivocadas.<\/p>\n<p>\u00abApodado &#8216;el sombrero de pretzel&#8217;, el estilo escult\u00f3rico dram\u00e1tico llev\u00f3 los l\u00edmites demasiado lejos.<\/p>\n<p>\u00abDesde entonces, la princesa ha emulado el estilo m\u00e1s tradicional de Kate, optando por formas elegantes y elegantes que son mucho m\u00e1s &#8216;a la moda&#8217; de la familia real.<\/p>\n<\/div>\n<\/div>\n<div>\n<p>\u00abMe encant\u00f3 ver a la princesa Beatrice evolucionar hasta convertirse en una mujer segura de s\u00ed misma que siempre luce glamorosa y sofisticada\u00bb.<\/p>\n<p>En 2019, la princesa Beatrice contrat\u00f3 a Olivia Croucher Buckingham y Lady Emily Compton como sus nuevas estilistas, y sus atuendos mejoraron.<\/p>\n<p>Karine Laudort, experta en moda y estilo de vida, dijo a Express.co.uk: \u00abAlgunos atribuyen el cambio de estilo a que la Princesa se conoci\u00f3 mejor a s\u00ed misma, tal vez su estilo ha cambiado a medida que su vida ha cambiado.<\/p>\n<p>\u00abPor ejemplo, la adolescencia, el matrimonio, los hijos, etc. Su estilo ha cambiado a medida que ella y su vida han cambiado (tal vez por eso su guardarropa es un poco m\u00e1s refinado y elegante ahora en comparaci\u00f3n con algunos de sus looks m\u00e1s audaces y atrevidos en a\u00f1os anteriores. )\u00bb<\/p>\n<\/div>\n\n","protected":false},"excerpt":{"rendered":"<p>La princesa Beatrice, de 34 a\u00f1os, pertenece a la realeza y ha sufrido una gran transformaci\u00f3n de estilo en los \u00faltimos 10 a\u00f1os. Pero recientemente, los fan\u00e1ticos de la realeza creen que la Princesa de York ha sido estilizada a la perfecci\u00f3n. La madre de uno asisti\u00f3 a la Mesa Redonda de Organizaci\u00f3n de las &hellip;<\/p>\n","protected":false},"author":1,"featured_media":6411,"comment_status":"open","ping_status":"open","sticky":false,"template":"","format":"standard","meta":{"fifu_image_url":"","fifu_image_alt":"","footnotes":""},"categories":[763],"tags":[],"class_list":["post-6410","post","type-post","status-publish","format-standard","has-post-thumbnail","","category-estilo-de-vida"],"_links":{"self":[{"href":"https:\/\/noticiasveraces.com\/index.php?rest_route=\/wp\/v2\/posts\/6410","targetHints":{"allow":["GET"]}}],"collection":[{"href":"https:\/\/noticiasveraces.com\/index.php?rest_route=\/wp\/v2\/posts"}],"about":[{"href":"https:\/\/noticiasveraces.com\/index.php?rest_route=\/wp\/v2\/types\/post"}],"author":[{"embeddable":true,"href":"https:\/\/noticiasveraces.com\/index.php?rest_route=\/wp\/v2\/users\/1"}],"replies":[{"embeddable":true,"href":"https:\/\/noticiasveraces.com\/index.php?rest_route=%2Fwp%2Fv2%2Fcomments&post=6410"}],"version-history":[{"count":0,"href":"https:\/\/noticiasveraces.com\/index.php?rest_route=\/wp\/v2\/posts\/6410\/revisions"}],"wp:featuredmedia":[{"embeddable":true,"href":"https:\/\/noticiasveraces.com\/index.php?rest_route=\/wp\/v2\/media\/6411"}],"wp:attachment":[{"href":"https:\/\/noticiasveraces.com\/index.php?rest_route=%2Fwp%2Fv2%2Fmedia&parent=6410"}],"wp:term":[{"taxonomy":"category","embeddable":true,"href":"https:\/\/noticiasveraces.com\/index.php?rest_route=%2Fwp%2Fv2%2Fcategories&post=6410"},{"taxonomy":"post_tag","embeddable":true,"href":"https:\/\/noticiasveraces.com\/index.php?rest_route=%2Fwp%2Fv2%2Ftags&post=6410"}],"curies":[{"name":"wp","href":"https:\/\/api.w.org\/{rel}","templated":true}]}}