{"id":64098,"date":"2026-04-28T12:41:39","date_gmt":"2026-04-28T16:41:39","guid":{"rendered":"https:\/\/noticiasveraces.com\/?p=64098"},"modified":"2026-04-28T12:41:39","modified_gmt":"2026-04-28T16:41:39","slug":"escalada-de-ataques-en-colombia-que-tanto-aumentan-la-tension-a-semanas-de-las-elecciones-en-contexto","status":"publish","type":"post","link":"https:\/\/noticiasveraces.com\/?p=64098","title":{"rendered":"Escalada de ataques en Colombia: \u00bfqu\u00e9 tanto aumentan la tensi\u00f3n a semanas de las elecciones? &#8211; En Contexto"},"content":{"rendered":"<p> \n<\/p>\n<div data-article-content=\"\">\n<div class=\"t-content__main-media\" data-media-video-c30b6b36-7254-4470-bbb1-4b728e0d8daf=\"\" data-wrapper-video-player=\"\" data-show-hidden-video-player=\"C30B6B36-7254-4470-BBB1-4B728E0D8DAF\" data-autoplay-video-link=\"\" data-youtube-script=\"\">\n<div class=\"o-em-consent \">\n<div class=\"o-em-consent__content\">\n<p class=\"o-em-consent__content__text\">Para mostrar este contenido de YouTube, debe autorizar las cookies de medici\u00f3n de audiencia y publicidad.<\/p>\n<p>        <button class=\"a-master-button a-master-button--dark\" data-action=\"accept\"><\/p>\n<p>            Aceptar<br \/>\n                            <svg class=\"a-svg a-svg--icon-check\">\n    <use xlink:href=\"http:\/\/www.france24.com\/build\/images\/svg\/sprite.c98bf387c90bc4a87186b0b783f15ba0.svg#icon-check\" href=\"http:\/\/www.france24.com\/build\/images\/svg\/sprite.c98bf387c90bc4a87186b0b783f15ba0.svg#icon-check\"\/>\n  <\/svg><br \/>\n        <\/button><br \/>\n        <button class=\"a-link\" data-action=\"manage\">Gestionar mis opciones<i class=\"a-svg a-svg--icon-edit\"\/><\/button>\n    <\/div>\n<\/div>\n<div class=\"o-em-adblock\" data-adblock-content=\"\">\n<div class=\"o-em-adblock__content\">\n<p class=\"o-em-adblock__content__text\">Una extensi\u00f3n de tu navegador parece estar bloqueando la carga del reproductor de video. Para poder ver este contenido, debes desactivarla en este sitio.<\/p>\n<p>            <button class=\"a-master-button a-master-button--dark\" data-action=\"reload\">Reintentar<\/button>\n    <\/div>\n<\/div>\n<figure class=\"m-item-image m-item-image--16x9 m-item-image--has-caption\">\n<picture class=\"a-picture a-picture--16x9\"><source type=\"image\/webp\" srcset=\"https:\/\/s.france24.com\/media\/display\/0ff7d600-417a-11f1-9327-005056bfb2b6\/w:388\/p:16x9\/2026-04-26T133606Z-1665061850-RC20XKAETLFZ-RTRMADP-3-COLOMBIA-VIOLENCE.webp 388w,https:\/\/s.france24.com\/media\/display\/0ff7d600-417a-11f1-9327-005056bfb2b6\/w:720\/p:16x9\/2026-04-26T133606Z-1665061850-RC20XKAETLFZ-RTRMADP-3-COLOMBIA-VIOLENCE.webp 720w,https:\/\/s.france24.com\/media\/display\/0ff7d600-417a-11f1-9327-005056bfb2b6\/w:1024\/p:16x9\/2026-04-26T133606Z-1665061850-RC20XKAETLFZ-RTRMADP-3-COLOMBIA-VIOLENCE.webp 1024w\" sizes=\"(max-width: 1076px) 100vw, 1012px\"><img fetchpriority=\"high\" decoding=\"auto\" src=\"https:\/\/s.france24.com\/media\/display\/0ff7d600-417a-11f1-9327-005056bfb2b6\/w:1024\/p:16x9\/2026-04-26T133606Z-1665061850-RC20XKAETLFZ-RTRMADP-3-COLOMBIA-VIOLENCE.jpg\" srcset=\"https:\/\/s.france24.com\/media\/display\/0ff7d600-417a-11f1-9327-005056bfb2b6\/w:388\/p:16x9\/2026-04-26T133606Z-1665061850-RC20XKAETLFZ-RTRMADP-3-COLOMBIA-VIOLENCE.jpg 388w,https:\/\/s.france24.com\/media\/display\/0ff7d600-417a-11f1-9327-005056bfb2b6\/w:720\/p:16x9\/2026-04-26T133606Z-1665061850-RC20XKAETLFZ-RTRMADP-3-COLOMBIA-VIOLENCE.jpg 720w,https:\/\/s.france24.com\/media\/display\/0ff7d600-417a-11f1-9327-005056bfb2b6\/w:1024\/p:16x9\/2026-04-26T133606Z-1665061850-RC20XKAETLFZ-RTRMADP-3-COLOMBIA-VIOLENCE.jpg 1024w\" sizes=\"(max-width: 1076px) 100vw, 1012px\" width=\"1024\" height=\"576\" alt=\"Personas caminan junto a veh\u00edculos destruidos tras un ataque con explosivos que mat\u00f3 a m\u00e1s de una decena de personas en la v\u00eda Panamericana, en la zona de El T\u00fanel de Cajib\u00edo, Colombia, 26 de abril de 2026.\" loading=\"eager\" class=\"a-img \"\/><br \/>\n<\/source><\/picture><figcaption class=\"a-figcaption\">\n                <span>Personas caminan junto a veh\u00edculos destruidos tras un ataque con explosivos que mat\u00f3 a m\u00e1s de una decena de personas en la v\u00eda Panamericana, en la zona de El T\u00fanel de Cajib\u00edo, Colombia, 26 de abril de 2026.<\/span>                <span>\u00a9 Jair Coll, Reuters<\/span>            <\/figcaption><\/figure>\n<\/p><\/div>\n<div class=\"t-content__metadata\">\n<div class=\"t-content__dates\">\n<p class=\"m-pub-dates\"><span class=\"m-pub-dates__date\">Primera modificaci\u00f3n: <time datetime=\"2026-04-28T03:34:07+00:00\" pubdate=\"pubdate\">28\/04\/2026 &#8211; 05:34<\/time><\/span><\/p>\n<\/p><\/div>\n<p>\n                                            <svg class=\"a-svg a-svg--icon-replay\">\n    <use xlink:href=\"http:\/\/www.france24.com\/build\/images\/svg\/sprite.c98bf387c90bc4a87186b0b783f15ba0.svg#icon-replay\" href=\"http:\/\/www.france24.com\/build\/images\/svg\/sprite.c98bf387c90bc4a87186b0b783f15ba0.svg#icon-replay\"\/>\n  <\/svg><\/p>\n<p>                            07:17 minutos\n                        <\/p>\n<\/p><\/div>\n<p>Viene del show<\/p>\n<p>                                        <svg class=\"a-svg a-svg--icon-caret-right a-svg--rotate-minus-90\">\n    <use xlink:href=\"http:\/\/www.france24.com\/build\/images\/svg\/sprite.c98bf387c90bc4a87186b0b783f15ba0.svg#icon-caret-down\" href=\"http:\/\/www.france24.com\/build\/images\/svg\/sprite.c98bf387c90bc4a87186b0b783f15ba0.svg#icon-caret-down\"\/>\n  <\/svg><\/p>\n<picture class=\"a-picture a-picture--original\">\n    <img fetchpriority=\"low\" decoding=\"async\" src=\"https:\/\/s.france24.com\/media\/display\/e2e4c82a-57f1-11f0-957f-005056a97e36\/ES-En-contexto-1.svg\" srcset=\"https:\/\/s.france24.com\/media\/display\/e2e4c82a-57f1-11f0-957f-005056a97e36\/ES-En-contexto-1.svg\" alt=\"En Contexto\" loading=\"eager\" class=\"a-img  a-img--svg\"\/>\n<\/picture>\n<p>\n                                        <svg class=\"a-svg a-svg--icon-clock\">\n    <use xlink:href=\"http:\/\/www.france24.com\/build\/images\/svg\/sprite.c98bf387c90bc4a87186b0b783f15ba0.svg#icon-clock\" href=\"http:\/\/www.france24.com\/build\/images\/svg\/sprite.c98bf387c90bc4a87186b0b783f15ba0.svg#icon-clock\"\/>\n  <\/svg><br \/>\n                        <span class=\"t-content__reading-time__label\">Tiempo de lectura<\/span><br \/>\n                        1 minuto<\/p>\n<p class=\"t-content__chapo\">\n<p>                                                En nuestra secci\u00f3n En Contexto, analizamos la escalada de atentados registrados en Colombia en la \u00faltima semana. \u00bfA qui\u00e9n se le atribuyen y qu\u00e9 retos plantean a solo cinco semanas de las elecciones presidenciales? Lo revisamos.                    <\/p>\n<div class=\"t-content__authors\">\n<div class=\"m-from-author\">\n                    <span class=\"m-from-author__by-label\"><\/p>\n<p>                Por:<br \/>\n            <\/span><\/p>\n<div class=\"m-author m-author--small m-author--has-image\">\n<div class=\"m-author__image\">\n<picture class=\"a-picture a-picture--1x1\"><source type=\"image\/webp\" srcset=\"https:\/\/s.france24.com\/media\/display\/ef6a0588-083b-11f1-b6eb-005056bfb2b6\/w:177\/p:1x1\/Captura-de-pantalla-2026-02-12-a-la-s-12-54-39.webp 177w,https:\/\/s.france24.com\/media\/display\/ef6a0588-083b-11f1-b6eb-005056bfb2b6\/w:388\/p:1x1\/Captura-de-pantalla-2026-02-12-a-la-s-12-54-39.webp 388w\" sizes=\"(max-width: 639px) 100px, 170px\"><img fetchpriority=\"low\" decoding=\"async\" src=\"https:\/\/s.france24.com\/media\/display\/ef6a0588-083b-11f1-b6eb-005056bfb2b6\/w:388\/p:1x1\/Captura-de-pantalla-2026-02-12-a-la-s-12-54-39.png\" srcset=\"https:\/\/s.france24.com\/media\/display\/ef6a0588-083b-11f1-b6eb-005056bfb2b6\/w:177\/p:1x1\/Captura-de-pantalla-2026-02-12-a-la-s-12-54-39.png 177w,https:\/\/s.france24.com\/media\/display\/ef6a0588-083b-11f1-b6eb-005056bfb2b6\/w:388\/p:1x1\/Captura-de-pantalla-2026-02-12-a-la-s-12-54-39.png 388w\" sizes=\"auto, (max-width: 639px) 100px, 170px\" width=\"388\" height=\"388\" alt=\"E\u00e9l Mar\u00eda \u00c1ngulo\" loading=\"lazy\" class=\"a-img \"\/><br \/>\n<\/source><\/picture>\n                        <\/div>\n<\/p><\/div>\n<\/p><\/div>\n<\/p><\/div>\n<\/p><\/div>\n\n","protected":false},"excerpt":{"rendered":"<p>Para mostrar este contenido de YouTube, debe autorizar las cookies de medici\u00f3n de audiencia y publicidad. Aceptar Gestionar mis opciones Una extensi\u00f3n de tu navegador parece estar bloqueando la carga del reproductor de video. Para poder ver este contenido, debes desactivarla en este sitio. Reintentar Personas caminan junto a veh\u00edculos destruidos tras un ataque con &hellip;<\/p>\n","protected":false},"author":1,"featured_media":64100,"comment_status":"open","ping_status":"open","sticky":false,"template":"","format":"standard","meta":{"fifu_image_url":"https:\/\/s.france24.com\/media\/display\/0ff7d600-417a-11f1-9327-005056bfb2b6\/w:1280\/p:16x9\/2026-04-26T133606Z-1665061850-RC20XKAETLFZ-RTRMADP-3-COLOMBIA-VIOLENCE.jpg","fifu_image_alt":"","footnotes":""},"categories":[13],"tags":[],"class_list":["post-64098","post","type-post","status-publish","format-standard","has-post-thumbnail","","category-mundo"],"_links":{"self":[{"href":"https:\/\/noticiasveraces.com\/index.php?rest_route=\/wp\/v2\/posts\/64098","targetHints":{"allow":["GET"]}}],"collection":[{"href":"https:\/\/noticiasveraces.com\/index.php?rest_route=\/wp\/v2\/posts"}],"about":[{"href":"https:\/\/noticiasveraces.com\/index.php?rest_route=\/wp\/v2\/types\/post"}],"author":[{"embeddable":true,"href":"https:\/\/noticiasveraces.com\/index.php?rest_route=\/wp\/v2\/users\/1"}],"replies":[{"embeddable":true,"href":"https:\/\/noticiasveraces.com\/index.php?rest_route=%2Fwp%2Fv2%2Fcomments&post=64098"}],"version-history":[{"count":0,"href":"https:\/\/noticiasveraces.com\/index.php?rest_route=\/wp\/v2\/posts\/64098\/revisions"}],"wp:featuredmedia":[{"embeddable":true,"href":"https:\/\/noticiasveraces.com\/index.php?rest_route=\/wp\/v2\/media\/64100"}],"wp:attachment":[{"href":"https:\/\/noticiasveraces.com\/index.php?rest_route=%2Fwp%2Fv2%2Fmedia&parent=64098"}],"wp:term":[{"taxonomy":"category","embeddable":true,"href":"https:\/\/noticiasveraces.com\/index.php?rest_route=%2Fwp%2Fv2%2Fcategories&post=64098"},{"taxonomy":"post_tag","embeddable":true,"href":"https:\/\/noticiasveraces.com\/index.php?rest_route=%2Fwp%2Fv2%2Ftags&post=64098"}],"curies":[{"name":"wp","href":"https:\/\/api.w.org\/{rel}","templated":true}]}}