{"id":64072,"date":"2026-04-28T08:49:38","date_gmt":"2026-04-28T12:49:38","guid":{"rendered":"https:\/\/noticiasveraces.com\/?p=64072"},"modified":"2026-04-28T08:49:38","modified_gmt":"2026-04-28T12:49:38","slug":"simeone-no-nos-debe-nada-nadie-las-cosas-se-merecen-y-se-logran","status":"publish","type":"post","link":"https:\/\/noticiasveraces.com\/?p=64072","title":{"rendered":"Simeone: \u00abNo nos debe nada nadie, las cosas se merecen y se logran\u00bb"},"content":{"rendered":"<p> \n<\/p>\n<div id=\"intext\">\n<p>Diego Simeone quiso zanjar la idea de que el f\u00fatbol le debe una Champions League al Atl\u00e9tico de Madrid y apel\u00f3 al trabajo y la realidad antes de <b>la semifinal ante el Arsenal<\/b>: \u00abNo nos debe nada nadie, las cosas se merecen y se logran. Para eso hay que trabajar y buscarlas y que esa diosa fortuna tambi\u00e9n est\u00e9 de tu lado\u00bb, afirm\u00f3 en rueda de prensa en el Metropolitano, escenario del partido de ida este mi\u00e9rcoles.<\/p>\n<p>El t\u00e9cnico argentino insisti\u00f3 en su filosof\u00eda: \u00abYo siempre digo que el so\u00f1ar est\u00e1 bueno, pero la realidad es lo que pasa en la tierra, que es lo que nosotros hacemos y lo que dios quiere, as\u00ed que as\u00ed nos comportamos\u00bb.<\/p>\n<h2 class=\"title-h2\">Dos finales perdidas&#8230; ante el Madrid<\/h2>\n<p>Simeone, que ya llev\u00f3 al Atl\u00e9tico a las finales de 2014 y 2016 -ambas perdidas ante el Real Madrid-, asegur\u00f3 que no siente presi\u00f3n, sino \u00abresponsabilidad\u00bb e \u00abilusi\u00f3n\u00bb por alcanzar un t\u00edtulo que el club nunca ha ganado.<\/p>\n<blockquote class=\"blockquote \">\n<p class=\"blockquote__quote\">\u00abUn partido duro y un rival muy bueno, con una estrategia de pelota parada muy bien trabajada\u00bb<\/p>\n<\/blockquote>\n<p>\u00abPrepararse para jugar, porque al final es un partido de f\u00fatbol y los futbolistas son los que terminan definiendo este tipo de encuentros, por su jerarqu\u00eda, por su capacidad, por su trabajo\u2026 Nos tenemos que preparar bien. Queremos jugar el partido que imaginamos\u00bb, explic\u00f3.<\/p>\n<p>El entrenador rojiblanco tambi\u00e9n destac\u00f3 el momento del equipo y el valor de volver a estar entre los mejores: \u00abEs extraordinario que el Atl\u00e9tico de Madrid est\u00e9 en una semifinal de Champions nuevamente, despu\u00e9s de nueve a\u00f1os. Hacerlo por cuarta vez es maravilloso. Es incre\u00edble. Esa fe, esa ilusi\u00f3n y ese contagio que nos transmite nuestra gente nos har\u00e1 muy bien. Un partido duro y un rival muy bueno, con una estrategia de pelota parada muy bien trabajada y all\u00e1 vamos, con toda la ilusi\u00f3n\u00bb.<\/p>\n<h2 class=\"title-h2\">Nombres propios: Sorloth y Juli\u00e1n<\/h2>\n<p>Sobre nombres propios, elogi\u00f3 a Alexander Sorloth: \u00abEs incre\u00edble. Es un futbolista que logra marcar una cantidad de goles a\u00f1o tras a\u00f1o. Cuando \u00e9l est\u00e1 bien, es determinante en nuestro equipo. Lo necesitamos como estuvo el otro d\u00eda en el segundo tiempo, sobre todo porque represent\u00f3 todo lo que necesitamos de \u00e9l con su juego y seguramente este mi\u00e9rcoles nos ayudar\u00e1 en el partido\u00bb.<\/p>\n<p>Tambi\u00e9n se refiri\u00f3 a Juli\u00e1n \u00c1lvarez, pretendido por varios grandes clubes europeos. \u00abNo estoy en la cabeza de Juli\u00e1n Alvarez. Entiendo que es normal que un jugador extraordinario como es Juli\u00e1n lo quiera el Arsenal, el Paris Saint-Germain o el Barcelona. Es normal, porque es muy bueno\u00bb. El delantero argentino, fichado en 2024, suma 48 goles en 104 partidos con el Atl\u00e9tico y tiene contrato hasta 2030.<\/p>\n<p><i>S\u00edguenos en nuestro <\/i><i><strong>canal de WhatsApp<\/strong><\/i><i>  y no te pierdas la \u00faltima hora y toda la actualidad en nuestro <\/i><b><i>perfil de Google<\/i>.<\/b><\/p>\n<div class=\"recirculation-video\" data-mod=\"a3mod_recirculation_video\">\n<div class=\"recirculation-video-wrapper\">\n<div>\n<div class=\"video-wrapper\">\n  <picture class=\"video-main-picture\"><source media=\"(min-width: 481px)\" srcset=\"https:\/\/fotografias.antena3.com\/clipping\/cmsimages02\/2026\/04\/21\/733D1CF5-26E7-451F-B1C6-4EC097AF2080\/redencion-simone-biles-paris-retirarse-tokio-conseguir-oro-siguientes-juegos-olimpicos_94.jpg?crop=1152,648,x0,y0&amp;width=800&amp;height=450&amp;optimize=medium&amp;format=webply\" width=\"800\" height=\"450\"><source media=\"(min-width: 391px) and (max-width: 480px)\" srcset=\"https:\/\/fotografias.antena3.com\/clipping\/cmsimages02\/2026\/04\/21\/733D1CF5-26E7-451F-B1C6-4EC097AF2080\/redencion-simone-biles-paris-retirarse-tokio-conseguir-oro-siguientes-juegos-olimpicos_70.jpg?crop=1152,648,x0,y0&amp;width=480&amp;height=270&amp;optimize=high&amp;format=webply\" width=\"480\" height=\"270\"><source media=\"(min-width: 321px) and (max-width: 390px)\" srcset=\"https:\/\/fotografias.antena3.com\/clipping\/cmsimages02\/2026\/04\/21\/733D1CF5-26E7-451F-B1C6-4EC097AF2080\/redencion-simone-biles-paris-retirarse-tokio-conseguir-oro-siguientes-juegos-olimpicos_92.jpg?crop=1152,647,x0,y0&amp;width=390&amp;height=219&amp;optimize=high&amp;format=webply\" width=\"390\" height=\"219\"><source media=\"(max-width: 320px)\" srcset=\"https:\/\/fotografias.antena3.com\/clipping\/cmsimages02\/2026\/04\/21\/733D1CF5-26E7-451F-B1C6-4EC097AF2080\/redencion-simone-biles-paris-retirarse-tokio-conseguir-oro-siguientes-juegos-olimpicos_52.jpg?crop=1152,648,x0,y0&amp;width=320&amp;height=180&amp;optimize=high&amp;format=webply\" width=\"320\" height=\"180\"><img decoding=\"async\" title=\"La redenci\u00f3n de Simone BIles en Par\u00eds: de retirarse en Tokio, a conseguir el oro en los siguientes Juegos Ol\u00edmpicos\" alt=\"La redenci\u00f3n de Simone BIles en Par\u00eds: de retirarse en Tokio, a conseguir el oro en los siguientes Juegos Ol\u00edmpicos\" width=\"480\" height=\"270\" src=\"https:\/\/fotografias.antena3.com\/clipping\/cmsimages02\/2026\/04\/21\/733D1CF5-26E7-451F-B1C6-4EC097AF2080\/redencion-simone-biles-paris-retirarse-tokio-conseguir-oro-siguientes-juegos-olimpicos_70.jpg?crop=1152,648,x0,y0&amp;width=480&amp;height=270&amp;optimize=high&amp;format=webply\" loading=\"lazy\" class=\"lazy\"\/><br \/>\n  <\/source><\/source><\/source><\/source><\/picture>\n <\/div>\n<\/div><\/div>\n<\/p><\/div>\n<\/div>\n\n","protected":false},"excerpt":{"rendered":"<p>Diego Simeone quiso zanjar la idea de que el f\u00fatbol le debe una Champions League al Atl\u00e9tico de Madrid y apel\u00f3 al trabajo y la realidad antes de la semifinal ante el Arsenal: \u00abNo nos debe nada nadie, las cosas se merecen y se logran. Para eso hay que trabajar y buscarlas y que esa &hellip;<\/p>\n","protected":false},"author":1,"featured_media":64074,"comment_status":"open","ping_status":"open","sticky":false,"template":"","format":"standard","meta":{"fifu_image_url":"https:\/\/fotografias.antena3.com\/clipping\/cmsimages01\/2026\/04\/28\/C29B83A8-C139-4679-A4A2-BE5466CBA203\/simeone-rueda-prensa_69.jpg?crop=1920,1080,x0,y98&width=1280&height=720&optimize=low&format=jpg","fifu_image_alt":"","footnotes":""},"categories":[6],"tags":[],"class_list":["post-64072","post","type-post","status-publish","format-standard","has-post-thumbnail","","category-deportes"],"_links":{"self":[{"href":"https:\/\/noticiasveraces.com\/index.php?rest_route=\/wp\/v2\/posts\/64072","targetHints":{"allow":["GET"]}}],"collection":[{"href":"https:\/\/noticiasveraces.com\/index.php?rest_route=\/wp\/v2\/posts"}],"about":[{"href":"https:\/\/noticiasveraces.com\/index.php?rest_route=\/wp\/v2\/types\/post"}],"author":[{"embeddable":true,"href":"https:\/\/noticiasveraces.com\/index.php?rest_route=\/wp\/v2\/users\/1"}],"replies":[{"embeddable":true,"href":"https:\/\/noticiasveraces.com\/index.php?rest_route=%2Fwp%2Fv2%2Fcomments&post=64072"}],"version-history":[{"count":0,"href":"https:\/\/noticiasveraces.com\/index.php?rest_route=\/wp\/v2\/posts\/64072\/revisions"}],"wp:featuredmedia":[{"embeddable":true,"href":"https:\/\/noticiasveraces.com\/index.php?rest_route=\/wp\/v2\/media\/64074"}],"wp:attachment":[{"href":"https:\/\/noticiasveraces.com\/index.php?rest_route=%2Fwp%2Fv2%2Fmedia&parent=64072"}],"wp:term":[{"taxonomy":"category","embeddable":true,"href":"https:\/\/noticiasveraces.com\/index.php?rest_route=%2Fwp%2Fv2%2Fcategories&post=64072"},{"taxonomy":"post_tag","embeddable":true,"href":"https:\/\/noticiasveraces.com\/index.php?rest_route=%2Fwp%2Fv2%2Ftags&post=64072"}],"curies":[{"name":"wp","href":"https:\/\/api.w.org\/{rel}","templated":true}]}}