{"id":64069,"date":"2026-04-28T08:37:38","date_gmt":"2026-04-28T12:37:38","guid":{"rendered":"https:\/\/noticiasveraces.com\/?p=64069"},"modified":"2026-04-28T08:37:38","modified_gmt":"2026-04-28T12:37:38","slug":"movistar-realizara-una-actualizacion-recargas-y-consultas-estaran-suspendidas-hasta-el-2-de-mayo","status":"publish","type":"post","link":"https:\/\/noticiasveraces.com\/?p=64069","title":{"rendered":"Movistar realizar\u00e1 una actualizaci\u00f3n: recargas y consultas estar\u00e1n suspendidas hasta el 2 de mayo"},"content":{"rendered":"<p> \n<\/p>\n<div>\n<p>La compa\u00f1\u00eda de telecomunicaciones <strong>movistar <\/strong>anunci\u00f3 que ejecutar\u00e1 una actualizaci\u00f3n tecnol\u00f3gica en su plataforma de atenci\u00f3n al cliente desde el jueves 30 de abril a las 6:00 pm hasta el s\u00e1bado 2 mayo a las 6:00 pm. <\/p>\n<p>De acuerdo con una nota de prensa, durante el periodo mencionado se ver\u00e1n afectados los <strong>canales de atenci\u00f3n y autogesti\u00f3n <\/strong>de las principales transacciones, como: <strong>recargas, consulta y transferencia de saldo, compra de paqueticos o extradatos.<\/strong><\/p>\n<p>En este sentido, la compa\u00f1\u00eda exhort\u00f3 a sus usuarios a <strong>tomar las previsiones<\/strong> e inform\u00f3 que los servicios de conectividad a trav\u00e9s de datos, las llamadas y mensajes de texto no se ver\u00e1n afectados con estos trabajos. <\/p>\n<figure class=\"wp-block-image size-large\"><picture fetchpriority=\"high\" decoding=\"async\" class=\"wp-image-774986\"><source type=\"image\/webp\" sizes=\"(max-width: 1200px) 100vw, 1200px\" nitro-lazy-srcset=\"https:\/\/eldiario.com\/nitropack_static\/DWpklAePbJBFiBKvuTtiGMLbtJlHUqWt\/assets\/images\/optimized\/rev-4f0ec48\/eldiario.com\/wp-content\/uploads\/2025\/02\/SedePrincipal-encendido1-1-1200x739.jpg.webp 1200w, https:\/\/eldiario.com\/nitropack_static\/DWpklAePbJBFiBKvuTtiGMLbtJlHUqWt\/assets\/images\/optimized\/rev-4f0ec48\/eldiario.com\/wp-content\/uploads\/2025\/02\/SedePrincipal-encendido1-1-300x185.jpg.webp 300w, https:\/\/eldiario.com\/nitropack_static\/DWpklAePbJBFiBKvuTtiGMLbtJlHUqWt\/assets\/images\/optimized\/rev-4f0ec48\/eldiario.com\/wp-content\/uploads\/2025\/02\/SedePrincipal-encendido1-1-768x473.jpg.webp 768w, https:\/\/eldiario.com\/nitropack_static\/DWpklAePbJBFiBKvuTtiGMLbtJlHUqWt\/assets\/images\/optimized\/rev-4f0ec48\/eldiario.com\/wp-content\/uploads\/2025\/02\/SedePrincipal-encendido1-1-1536x946.jpg.webp 1536w, https:\/\/eldiario.com\/nitropack_static\/DWpklAePbJBFiBKvuTtiGMLbtJlHUqWt\/assets\/images\/optimized\/rev-4f0ec48\/eldiario.com\/wp-content\/uploads\/2025\/02\/SedePrincipal-encendido1-1-860x529.jpg.webp 860w, https:\/\/eldiario.com\/nitropack_static\/DWpklAePbJBFiBKvuTtiGMLbtJlHUqWt\/assets\/images\/optimized\/rev-4f0ec48\/eldiario.com\/wp-content\/uploads\/2025\/02\/SedePrincipal-encendido1-1-150x92.jpg.webp 150w, https:\/\/eldiario.com\/nitropack_static\/DWpklAePbJBFiBKvuTtiGMLbtJlHUqWt\/assets\/images\/optimized\/rev-4f0ec48\/eldiario.com\/wp-content\/uploads\/2025\/02\/SedePrincipal-encendido1-1.jpg.webp 1600w\" nitro-lazy-empty=\"\" id=\"ODgwOjc1OQ==-1\" data-nitro-empty-id=\"ODgwOjc1OQ==-1\" srcset=\"data:image\/svg+xml;base64,PHN2ZyB2aWV3Qm94PSIwIDAgMTIwMCA3MzkiIHdpZHRoPSIxMjAwIiBoZWlnaHQ9IjczOSIgeG1sbnM9Imh0dHA6Ly93d3cudzMub3JnLzIwMDAvc3ZnIj48L3N2Zz4=\"\/><img fetchpriority=\"high\" width=\"1200\" height=\"739\" alt=\"Movistar obtiene la recertificaci\u00f3n ISO 14001en Gesti\u00f3n Ambiental\" sizes=\"(max-width: 1200px) 100vw, 1200px\" srcset=\"https:\/\/eldiario.com\/nitropack_static\/DWpklAePbJBFiBKvuTtiGMLbtJlHUqWt\/assets\/images\/optimized\/rev-4f0ec48\/eldiario.com\/wp-content\/uploads\/2025\/02\/SedePrincipal-encendido1-1-1200x739.jpg 1200w, https:\/\/eldiario.com\/nitropack_static\/DWpklAePbJBFiBKvuTtiGMLbtJlHUqWt\/assets\/images\/optimized\/rev-4f0ec48\/eldiario.com\/wp-content\/uploads\/2025\/02\/SedePrincipal-encendido1-1-300x185.jpg 300w, https:\/\/eldiario.com\/nitropack_static\/DWpklAePbJBFiBKvuTtiGMLbtJlHUqWt\/assets\/images\/optimized\/rev-4f0ec48\/eldiario.com\/wp-content\/uploads\/2025\/02\/SedePrincipal-encendido1-1-768x473.jpg 768w, https:\/\/eldiario.com\/nitropack_static\/DWpklAePbJBFiBKvuTtiGMLbtJlHUqWt\/assets\/images\/optimized\/rev-4f0ec48\/eldiario.com\/wp-content\/uploads\/2025\/02\/SedePrincipal-encendido1-1-1536x946.jpg 1536w, https:\/\/eldiario.com\/nitropack_static\/DWpklAePbJBFiBKvuTtiGMLbtJlHUqWt\/assets\/images\/optimized\/rev-4f0ec48\/eldiario.com\/wp-content\/uploads\/2025\/02\/SedePrincipal-encendido1-1-860x529.jpg 860w, https:\/\/eldiario.com\/nitropack_static\/DWpklAePbJBFiBKvuTtiGMLbtJlHUqWt\/assets\/images\/optimized\/rev-4f0ec48\/eldiario.com\/wp-content\/uploads\/2025\/02\/SedePrincipal-encendido1-1-150x92.jpg 150w, https:\/\/eldiario.com\/nitropack_static\/DWpklAePbJBFiBKvuTtiGMLbtJlHUqWt\/assets\/images\/optimized\/rev-4f0ec48\/eldiario.com\/wp-content\/uploads\/2025\/02\/SedePrincipal-encendido1-1.jpg 1600w\" src=\"https:\/\/eldiario.com\/nitropack_static\/DWpklAePbJBFiBKvuTtiGMLbtJlHUqWt\/assets\/images\/optimized\/rev-4f0ec48\/eldiario.com\/wp-content\/uploads\/2025\/02\/SedePrincipal-encendido1-1-1200x739.jpg\" class=\"nitro-lazy\" decoding=\"async\" nitro-lazy-empty=\"\" id=\"ODgxOjkzNQ==-1\" data-nitro-empty-id=\"ODgxOjkzNQ==-1\"\/> <\/picture><figcaption class=\"wp-element-caption\">Foto: Movistar <\/figcaption><\/figure>\n<p>Movistar afirm\u00f3 que los canales de atenci\u00f3n estar\u00e1n nuevamente operativos <strong>el lunes 4 de mayo <\/strong>en su horario habitual. Agreg\u00f3 que estos trabajos forman parte de un plan estrat\u00e9gico para garantizar evoluci\u00f3n tecnol\u00f3gica y mejorar la experiencia que ofrece a sus clientes, con un sistema de atenci\u00f3n m\u00e1s de \u00faltima generaci\u00f3n. <\/p>\n<p>\u00abLa implementaci\u00f3n de la <strong>nueva plataforma de atenci\u00f3n al cliente <\/strong>permitir\u00e1 ofrecer una experiencia personalizada, diferenciada y \u00e1gil en todos los canales digitales y de autogesti\u00f3n, optimizando la resoluci\u00f3n de requerimientos y reduciendo significativamente los tiempos de espera\u00bb, detall\u00f3 en el texto.<\/p>\n<\/p><\/div>\n\n","protected":false},"excerpt":{"rendered":"<p>La compa\u00f1\u00eda de telecomunicaciones movistar anunci\u00f3 que ejecutar\u00e1 una actualizaci\u00f3n tecnol\u00f3gica en su plataforma de atenci\u00f3n al cliente desde el jueves 30 de abril a las 6:00 pm hasta el s\u00e1bado 2 mayo a las 6:00 pm. De acuerdo con una nota de prensa, durante el periodo mencionado se ver\u00e1n afectados los canales de atenci\u00f3n &hellip;<\/p>\n","protected":false},"author":1,"featured_media":64071,"comment_status":"open","ping_status":"open","sticky":false,"template":"","format":"standard","meta":{"fifu_image_url":"https:\/\/eldiario.com\/wp-content\/uploads\/2022\/10\/TelefMovistar-1.jpg","fifu_image_alt":"","footnotes":""},"categories":[13],"tags":[],"class_list":["post-64069","post","type-post","status-publish","format-standard","has-post-thumbnail","","category-mundo"],"_links":{"self":[{"href":"https:\/\/noticiasveraces.com\/index.php?rest_route=\/wp\/v2\/posts\/64069","targetHints":{"allow":["GET"]}}],"collection":[{"href":"https:\/\/noticiasveraces.com\/index.php?rest_route=\/wp\/v2\/posts"}],"about":[{"href":"https:\/\/noticiasveraces.com\/index.php?rest_route=\/wp\/v2\/types\/post"}],"author":[{"embeddable":true,"href":"https:\/\/noticiasveraces.com\/index.php?rest_route=\/wp\/v2\/users\/1"}],"replies":[{"embeddable":true,"href":"https:\/\/noticiasveraces.com\/index.php?rest_route=%2Fwp%2Fv2%2Fcomments&post=64069"}],"version-history":[{"count":0,"href":"https:\/\/noticiasveraces.com\/index.php?rest_route=\/wp\/v2\/posts\/64069\/revisions"}],"wp:featuredmedia":[{"embeddable":true,"href":"https:\/\/noticiasveraces.com\/index.php?rest_route=\/wp\/v2\/media\/64071"}],"wp:attachment":[{"href":"https:\/\/noticiasveraces.com\/index.php?rest_route=%2Fwp%2Fv2%2Fmedia&parent=64069"}],"wp:term":[{"taxonomy":"category","embeddable":true,"href":"https:\/\/noticiasveraces.com\/index.php?rest_route=%2Fwp%2Fv2%2Fcategories&post=64069"},{"taxonomy":"post_tag","embeddable":true,"href":"https:\/\/noticiasveraces.com\/index.php?rest_route=%2Fwp%2Fv2%2Ftags&post=64069"}],"curies":[{"name":"wp","href":"https:\/\/api.w.org\/{rel}","templated":true}]}}